{"id":1015,"date":"2010-07-30T20:08:30","date_gmt":"2010-07-30T19:08:30","guid":{"rendered":"http:\/\/www.schymik.de\/wordpress\/?p=1015"},"modified":"2010-08-02T09:32:45","modified_gmt":"2010-08-02T08:32:45","slug":"am-hochten-punkt","status":"publish","type":"post","link":"https:\/\/www.schymik.de\/wordpress\/am-hochten-punkt\/","title":{"rendered":"am sp\u00e4ten Abend"},"content":{"rendered":"<p>Heute wollen wir ganz hoch hinaus. Auf einen hohen Berg und irgendwie noch auf den Gipfel. Naja nicht ganz.<\/p>\n<p>Dabei sind J\u00f6rg und Falk aus Ulm. Mein Bruder Roland wird die Tour mit der Kamera begleiten.<\/p>\n<p>Aufbrechen werden wir erst am Abend. Zun\u00e4chst werden wir 700 H\u00f6henmeter hinauf fahren, dann wird das Bike getragen&#8230;knapp 400\u00a0Meter stehen auf dem Programm. Wenn es dann um 21.00 Uhr dunkel wird, werden wir hoffentlich die H\u00fctte erreicht haben, ansonsten werden die Lampen ausgepackt.<\/p>\n<p>Im Gep\u00e4ck waren urspr\u00fcnglich Schlafsack und Isomatte. Geplant war oben am Gipfel auf knapp 3000 Metern ein Gipfelbiwak. Leider hat uns das Wetter der vergangenen Tage einen Strich durch die Rechnung gemacht. Oben liegt Neuschnee! Daher werden wir in einer trockenen und warme H\u00fctte in der N\u00e4he schlafen und den Gipfel erst morgen fr\u00fch in Angriff nehmen.<\/p>\n<p>So der Plan, so f\u00fchren wir das auch durch. Wir sind auf dem Weg zur Zugspitze und starten heute abend um 18.15 in Ehrwald. Schnell sind die 700 H\u00f6henmeter zur Feldermoosalm hinauf gekurbelt. Ab hier m\u00fcssen wir die Bikes tragen. Der Weg ist von den Regenf\u00e4llen der letzten Tage ziemlich durchweicht. Daher waten wir im Schlamm rum. Kurz vor 22.00 Uhr erreichen wir bei Dunkelheit die Knorrh\u00fctte.<\/p>\n<p>Morgen fr\u00fch wird der Gipfel in Angriff genommen.<\/p>\n<figure style=\"width: 420px\" class=\"wp-caption aligncenter\"><a href=\"http:\/\/www.schymik.de\/fotodb\/data\/media\/24\/tirol10_08_21.jpg\"><img decoding=\"async\" loading=\"lazy\" title=\"irgendwo dort oben\" src=\"http:\/\/www.schymik.de\/fotodb\/data\/media\/24\/tirol10_08_21.jpg\" alt=\"irgendwo dort oben\" width=\"420\" height=\"253\" \/><\/a><figcaption class=\"wp-caption-text\">irgendwo dort oben<\/figcaption><\/figure>\n<p style=\"text-align: center;\">Auch am Sonntag werden wir die Tour fortsetzen. Bericht demn\u00e4chst hier.<\/p>\n","protected":false},"excerpt":{"rendered":"<p>Heute wollen wir ganz hoch hinaus. Auf einen hohen Berg und irgendwie noch auf den Gipfel. Naja nicht ganz. Dabei sind J\u00f6rg und Falk aus Ulm. Mein Bruder Roland wird die Tour mit der Kamera begleiten. Aufbrechen werden wir erst am Abend. Zun\u00e4chst werden wir 700 H\u00f6henmeter hinauf fahren, dann wird das Bike getragen&#8230;knapp 400\u00a0Meter [&hellip;]<\/p>\n","protected":false},"author":1,"featured_media":0,"comment_status":"open","ping_status":"open","sticky":false,"template":"","format":"standard","meta":[],"categories":[1],"tags":[25],"yoast_head":"<!-- This site is optimized with the Yoast SEO plugin v21.0 - https:\/\/yoast.com\/wordpress\/plugins\/seo\/ -->\n<title>am sp\u00e4ten Abend - Transalp Homepage<\/title>\n<meta name=\"robots\" content=\"index, follow, max-snippet:-1, max-image-preview:large, max-video-preview:-1\" \/>\n<link rel=\"canonical\" href=\"https:\/\/www.schymik.de\/wordpress\/am-hochten-punkt\/\" \/>\n<meta property=\"og:locale\" content=\"de_DE\" \/>\n<meta property=\"og:type\" content=\"article\" \/>\n<meta property=\"og:title\" content=\"am sp\u00e4ten Abend - Transalp Homepage\" \/>\n<meta property=\"og:description\" content=\"Heute wollen wir ganz hoch hinaus. Auf einen hohen Berg und irgendwie noch auf den Gipfel. Naja nicht ganz. Dabei sind J\u00f6rg und Falk aus Ulm. Mein Bruder Roland wird die Tour mit der Kamera begleiten. Aufbrechen werden wir erst am Abend. Zun\u00e4chst werden wir 700 H\u00f6henmeter hinauf fahren, dann wird das Bike getragen&#8230;knapp 400\u00a0Meter [&hellip;]\" \/>\n<meta property=\"og:url\" content=\"https:\/\/www.schymik.de\/wordpress\/am-hochten-punkt\/\" \/>\n<meta property=\"og:site_name\" content=\"Transalp Homepage\" \/>\n<meta property=\"article:publisher\" content=\"https:\/\/www.facebook.com\/carsten.schymik\" \/>\n<meta property=\"article:author\" content=\"https:\/\/www.facebook.com\/carsten.schymik\" \/>\n<meta property=\"article:published_time\" content=\"2010-07-30T19:08:30+00:00\" \/>\n<meta property=\"article:modified_time\" content=\"2010-08-02T08:32:45+00:00\" \/>\n<meta property=\"og:image\" content=\"http:\/\/www.schymik.de\/fotodb\/data\/media\/24\/tirol10_08_21.jpg\" \/>\n<meta name=\"author\" content=\"Carsten\" \/>\n<meta name=\"twitter:card\" content=\"summary_large_image\" \/>\n<meta name=\"twitter:label1\" content=\"Verfasst von\" \/>\n\t<meta name=\"twitter:data1\" content=\"Carsten\" \/>\n\t<meta name=\"twitter:label2\" content=\"Gesch\u00e4tzte Lesezeit\" \/>\n\t<meta name=\"twitter:data2\" content=\"1\u00a0Minute\" \/>\n<script type=\"application\/ld+json\" class=\"yoast-schema-graph\">{\"@context\":\"https:\/\/schema.org\",\"@graph\":[{\"@type\":\"Article\",\"@id\":\"https:\/\/www.schymik.de\/wordpress\/am-hochten-punkt\/#article\",\"isPartOf\":{\"@id\":\"https:\/\/www.schymik.de\/wordpress\/am-hochten-punkt\/\"},\"author\":{\"name\":\"Carsten\",\"@id\":\"https:\/\/www.schymik.de\/wordpress\/#\/schema\/person\/f4792950b1a3875a57d4fc2380f11e22\"},\"headline\":\"am sp\u00e4ten Abend\",\"datePublished\":\"2010-07-30T19:08:30+00:00\",\"dateModified\":\"2010-08-02T08:32:45+00:00\",\"mainEntityOfPage\":{\"@id\":\"https:\/\/www.schymik.de\/wordpress\/am-hochten-punkt\/\"},\"wordCount\":247,\"commentCount\":0,\"publisher\":{\"@id\":\"https:\/\/www.schymik.de\/wordpress\/#\/schema\/person\/f4792950b1a3875a57d4fc2380f11e22\"},\"keywords\":[\"Bikebergsteigen\"],\"articleSection\":[\"Bike-Tagebuch\"],\"inLanguage\":\"de\",\"potentialAction\":[{\"@type\":\"CommentAction\",\"name\":\"Comment\",\"target\":[\"https:\/\/www.schymik.de\/wordpress\/am-hochten-punkt\/#respond\"]}]},{\"@type\":\"WebPage\",\"@id\":\"https:\/\/www.schymik.de\/wordpress\/am-hochten-punkt\/\",\"url\":\"https:\/\/www.schymik.de\/wordpress\/am-hochten-punkt\/\",\"name\":\"am sp\u00e4ten Abend - Transalp Homepage\",\"isPartOf\":{\"@id\":\"https:\/\/www.schymik.de\/wordpress\/#website\"},\"datePublished\":\"2010-07-30T19:08:30+00:00\",\"dateModified\":\"2010-08-02T08:32:45+00:00\",\"breadcrumb\":{\"@id\":\"https:\/\/www.schymik.de\/wordpress\/am-hochten-punkt\/#breadcrumb\"},\"inLanguage\":\"de\",\"potentialAction\":[{\"@type\":\"ReadAction\",\"target\":[\"https:\/\/www.schymik.de\/wordpress\/am-hochten-punkt\/\"]}]},{\"@type\":\"BreadcrumbList\",\"@id\":\"https:\/\/www.schymik.de\/wordpress\/am-hochten-punkt\/#breadcrumb\",\"itemListElement\":[{\"@type\":\"ListItem\",\"position\":1,\"name\":\"Startseite\",\"item\":\"https:\/\/www.schymik.de\/wordpress\/\"},{\"@type\":\"ListItem\",\"position\":2,\"name\":\"am sp\u00e4ten Abend\"}]},{\"@type\":\"WebSite\",\"@id\":\"https:\/\/www.schymik.de\/wordpress\/#website\",\"url\":\"https:\/\/www.schymik.de\/wordpress\/\",\"name\":\"Transalp Homepage\",\"description\":\"Alles rund ums Mountainbike, Alpencross und Bikebergsteigen\",\"publisher\":{\"@id\":\"https:\/\/www.schymik.de\/wordpress\/#\/schema\/person\/f4792950b1a3875a57d4fc2380f11e22\"},\"potentialAction\":[{\"@type\":\"SearchAction\",\"target\":{\"@type\":\"EntryPoint\",\"urlTemplate\":\"https:\/\/www.schymik.de\/wordpress\/?s={search_term_string}\"},\"query-input\":\"required name=search_term_string\"}],\"inLanguage\":\"de\"},{\"@type\":[\"Person\",\"Organization\"],\"@id\":\"https:\/\/www.schymik.de\/wordpress\/#\/schema\/person\/f4792950b1a3875a57d4fc2380f11e22\",\"name\":\"Carsten\",\"image\":{\"@type\":\"ImageObject\",\"inLanguage\":\"de\",\"@id\":\"https:\/\/www.schymik.de\/wordpress\/#\/schema\/person\/image\/\",\"url\":\"https:\/\/www.schymik.de\/wordpress\/wp-content\/Schymik-Carsten-51x51cm.jpg\",\"contentUrl\":\"https:\/\/www.schymik.de\/wordpress\/wp-content\/Schymik-Carsten-51x51cm.jpg\",\"width\":1530,\"height\":1530,\"caption\":\"Carsten\"},\"logo\":{\"@id\":\"https:\/\/www.schymik.de\/wordpress\/#\/schema\/person\/image\/\"},\"sameAs\":[\"http:\/\/www.schymik.de\",\"https:\/\/www.facebook.com\/carsten.schymik\",\"https:\/\/www.instagram.com\/carstenschymik\/\",\"https:\/\/www.youtube.com\/@CarstenSchymik\"]}]}<\/script>\n<!-- \/ Yoast SEO plugin. -->","yoast_head_json":{"title":"am sp\u00e4ten Abend - Transalp Homepage","robots":{"index":"index","follow":"follow","max-snippet":"max-snippet:-1","max-image-preview":"max-image-preview:large","max-video-preview":"max-video-preview:-1"},"canonical":"https:\/\/www.schymik.de\/wordpress\/am-hochten-punkt\/","og_locale":"de_DE","og_type":"article","og_title":"am sp\u00e4ten Abend - Transalp Homepage","og_description":"Heute wollen wir ganz hoch hinaus. Auf einen hohen Berg und irgendwie noch auf den Gipfel. Naja nicht ganz. Dabei sind J\u00f6rg und Falk aus Ulm. Mein Bruder Roland wird die Tour mit der Kamera begleiten. Aufbrechen werden wir erst am Abend. Zun\u00e4chst werden wir 700 H\u00f6henmeter hinauf fahren, dann wird das Bike getragen&#8230;knapp 400\u00a0Meter [&hellip;]","og_url":"https:\/\/www.schymik.de\/wordpress\/am-hochten-punkt\/","og_site_name":"Transalp Homepage","article_publisher":"https:\/\/www.facebook.com\/carsten.schymik","article_author":"https:\/\/www.facebook.com\/carsten.schymik","article_published_time":"2010-07-30T19:08:30+00:00","article_modified_time":"2010-08-02T08:32:45+00:00","og_image":[{"url":"http:\/\/www.schymik.de\/fotodb\/data\/media\/24\/tirol10_08_21.jpg"}],"author":"Carsten","twitter_card":"summary_large_image","twitter_misc":{"Verfasst von":"Carsten","Gesch\u00e4tzte Lesezeit":"1\u00a0Minute"},"schema":{"@context":"https:\/\/schema.org","@graph":[{"@type":"Article","@id":"https:\/\/www.schymik.de\/wordpress\/am-hochten-punkt\/#article","isPartOf":{"@id":"https:\/\/www.schymik.de\/wordpress\/am-hochten-punkt\/"},"author":{"name":"Carsten","@id":"https:\/\/www.schymik.de\/wordpress\/#\/schema\/person\/f4792950b1a3875a57d4fc2380f11e22"},"headline":"am sp\u00e4ten Abend","datePublished":"2010-07-30T19:08:30+00:00","dateModified":"2010-08-02T08:32:45+00:00","mainEntityOfPage":{"@id":"https:\/\/www.schymik.de\/wordpress\/am-hochten-punkt\/"},"wordCount":247,"commentCount":0,"publisher":{"@id":"https:\/\/www.schymik.de\/wordpress\/#\/schema\/person\/f4792950b1a3875a57d4fc2380f11e22"},"keywords":["Bikebergsteigen"],"articleSection":["Bike-Tagebuch"],"inLanguage":"de","potentialAction":[{"@type":"CommentAction","name":"Comment","target":["https:\/\/www.schymik.de\/wordpress\/am-hochten-punkt\/#respond"]}]},{"@type":"WebPage","@id":"https:\/\/www.schymik.de\/wordpress\/am-hochten-punkt\/","url":"https:\/\/www.schymik.de\/wordpress\/am-hochten-punkt\/","name":"am sp\u00e4ten Abend - Transalp Homepage","isPartOf":{"@id":"https:\/\/www.schymik.de\/wordpress\/#website"},"datePublished":"2010-07-30T19:08:30+00:00","dateModified":"2010-08-02T08:32:45+00:00","breadcrumb":{"@id":"https:\/\/www.schymik.de\/wordpress\/am-hochten-punkt\/#breadcrumb"},"inLanguage":"de","potentialAction":[{"@type":"ReadAction","target":["https:\/\/www.schymik.de\/wordpress\/am-hochten-punkt\/"]}]},{"@type":"BreadcrumbList","@id":"https:\/\/www.schymik.de\/wordpress\/am-hochten-punkt\/#breadcrumb","itemListElement":[{"@type":"ListItem","position":1,"name":"Startseite","item":"https:\/\/www.schymik.de\/wordpress\/"},{"@type":"ListItem","position":2,"name":"am sp\u00e4ten Abend"}]},{"@type":"WebSite","@id":"https:\/\/www.schymik.de\/wordpress\/#website","url":"https:\/\/www.schymik.de\/wordpress\/","name":"Transalp Homepage","description":"Alles rund ums Mountainbike, Alpencross und Bikebergsteigen","publisher":{"@id":"https:\/\/www.schymik.de\/wordpress\/#\/schema\/person\/f4792950b1a3875a57d4fc2380f11e22"},"potentialAction":[{"@type":"SearchAction","target":{"@type":"EntryPoint","urlTemplate":"https:\/\/www.schymik.de\/wordpress\/?s={search_term_string}"},"query-input":"required name=search_term_string"}],"inLanguage":"de"},{"@type":["Person","Organization"],"@id":"https:\/\/www.schymik.de\/wordpress\/#\/schema\/person\/f4792950b1a3875a57d4fc2380f11e22","name":"Carsten","image":{"@type":"ImageObject","inLanguage":"de","@id":"https:\/\/www.schymik.de\/wordpress\/#\/schema\/person\/image\/","url":"https:\/\/www.schymik.de\/wordpress\/wp-content\/Schymik-Carsten-51x51cm.jpg","contentUrl":"https:\/\/www.schymik.de\/wordpress\/wp-content\/Schymik-Carsten-51x51cm.jpg","width":1530,"height":1530,"caption":"Carsten"},"logo":{"@id":"https:\/\/www.schymik.de\/wordpress\/#\/schema\/person\/image\/"},"sameAs":["http:\/\/www.schymik.de","https:\/\/www.facebook.com\/carsten.schymik","https:\/\/www.instagram.com\/carstenschymik\/","https:\/\/www.youtube.com\/@CarstenSchymik"]}]}},"_links":{"self":[{"href":"https:\/\/www.schymik.de\/wordpress\/wp-json\/wp\/v2\/posts\/1015"}],"collection":[{"href":"https:\/\/www.schymik.de\/wordpress\/wp-json\/wp\/v2\/posts"}],"about":[{"href":"https:\/\/www.schymik.de\/wordpress\/wp-json\/wp\/v2\/types\/post"}],"author":[{"embeddable":true,"href":"https:\/\/www.schymik.de\/wordpress\/wp-json\/wp\/v2\/users\/1"}],"replies":[{"embeddable":true,"href":"https:\/\/www.schymik.de\/wordpress\/wp-json\/wp\/v2\/comments?post=1015"}],"version-history":[{"count":6,"href":"https:\/\/www.schymik.de\/wordpress\/wp-json\/wp\/v2\/posts\/1015\/revisions"}],"predecessor-version":[{"id":1019,"href":"https:\/\/www.schymik.de\/wordpress\/wp-json\/wp\/v2\/posts\/1015\/revisions\/1019"}],"wp:attachment":[{"href":"https:\/\/www.schymik.de\/wordpress\/wp-json\/wp\/v2\/media?parent=1015"}],"wp:term":[{"taxonomy":"category","embeddable":true,"href":"https:\/\/www.schymik.de\/wordpress\/wp-json\/wp\/v2\/categories?post=1015"},{"taxonomy":"post_tag","embeddable":true,"href":"https:\/\/www.schymik.de\/wordpress\/wp-json\/wp\/v2\/tags?post=1015"}],"curies":[{"name":"wp","href":"https:\/\/api.w.org\/{rel}","templated":true}]}}