{"id":1044,"date":"2010-08-07T13:06:06","date_gmt":"2010-08-07T12:06:06","guid":{"rendered":"http:\/\/www.schymik.de\/wordpress\/?p=1044"},"modified":"2010-08-12T14:11:06","modified_gmt":"2010-08-12T13:11:06","slug":"sentiero-sette-uno","status":"publish","type":"post","link":"https:\/\/www.schymik.de\/wordpress\/sentiero-sette-uno\/","title":{"rendered":"sentiero sette uno"},"content":{"rendered":"<p>Die Ziffern 7 und 1 sollten sich Liebhaber von anspruchsvollen und technischen Trails ab sofort merken. Wer den 601er am Gardasee kennt und liebt, der wird am Comer See oberhalb von Varenna ein entsprechendes Pendant finden.<\/p>\n<figure id=\"attachment_1045\" aria-describedby=\"caption-attachment-1045\" style=\"width: 300px\" class=\"wp-caption alignleft\"><a href=\"http:\/\/www.schymik.de\/wordpress\/wp-content\/ortanella1.jpg\"><img decoding=\"async\" loading=\"lazy\" class=\"size-medium wp-image-1045\" title=\"ortanella1\" src=\"http:\/\/www.schymik.de\/wordpress\/wp-content\/ortanella1-300x221.jpg\" alt=\"\" width=\"300\" height=\"221\" srcset=\"https:\/\/www.schymik.de\/wordpress\/wp-content\/ortanella1-300x221.jpg 300w, https:\/\/www.schymik.de\/wordpress\/wp-content\/ortanella1-600x443.jpg 600w, https:\/\/www.schymik.de\/wordpress\/wp-content\/ortanella1.jpg 800w\" sizes=\"(max-width: 300px) 100vw, 300px\" \/><\/a><figcaption id=\"caption-attachment-1045\" class=\"wp-caption-text\">sentiero 71<\/figcaption><\/figure>\n<p>Nach Der Auffahrt auf einer kleinen Bergstra\u00dfe erreiche ich zun\u00e4chst den Ort Esino Lario. Hier zweigt die Stra\u00dfe nach Ortanella ab. Hier k\u00f6nnte man direkt in den Trail 71 einbiegen und nach Lierna abfahren. Ich biege jedoch in einer Rechtskehre nach links ab in Richtung Alpe die Lierna und erarbeite mir auf einer steilen aber fast durchweg fahrbaren Pflastersteinstra\u00dfe noch 400 Extra-H\u00f6henmeter.<\/p>\n<figure id=\"attachment_1046\" aria-describedby=\"caption-attachment-1046\" style=\"width: 300px\" class=\"wp-caption alignleft\"><a href=\"http:\/\/www.schymik.de\/wordpress\/wp-content\/ortanella2.jpg\"><img decoding=\"async\" loading=\"lazy\" class=\"size-medium wp-image-1046\" title=\"ortanella2\" src=\"http:\/\/www.schymik.de\/wordpress\/wp-content\/ortanella2-300x217.jpg\" alt=\"\" width=\"300\" height=\"217\" srcset=\"https:\/\/www.schymik.de\/wordpress\/wp-content\/ortanella2-300x217.jpg 300w, https:\/\/www.schymik.de\/wordpress\/wp-content\/ortanella2-600x434.jpg 600w, https:\/\/www.schymik.de\/wordpress\/wp-content\/ortanella2.jpg 800w\" sizes=\"(max-width: 300px) 100vw, 300px\" \/><\/a><figcaption id=\"caption-attachment-1046\" class=\"wp-caption-text\">Blick auf Lierna <\/figcaption><\/figure>\n<p>Der Trail f\u00fchrt zun\u00e4chst schnell und flowig am Hang entlang, doch schnell erreiche ich die ersten verblockten Abschnitte. Hier sind Felspassagen, hohe Stufen und enge Kehren zu \u00fcberwinden. Der Blick hinunter auf dem Comer See ist wunderbar.<\/p>\n<p>Ja, der 601er ist schwer, bewegt sich meist auf S2 Niveau mit einigen  Schl\u00fcsselstellen mit S3, aber dieser Trail hier, der 71er ist durchweg  schwerer. Die Stufen sind h\u00f6her,mehrfach sitzt der Rockring auf. Die  Kurven sind eng und verblockt, die Treppen lang und ruppig. Zudem ist  keine klare Linie erkennbar, da hier wesentlich weniger Biker unterwegs  sind. Wer diese 1000 H\u00f6henmeter NoFoot fahren kann, der hat\u00b4s echt drauf. Mir gelingt das heute (noch) nicht ganz, obwohl alle Schl\u00fcsselstellen fahrbar sind.<\/p>\n<figure id=\"attachment_1047\" aria-describedby=\"caption-attachment-1047\" style=\"width: 300px\" class=\"wp-caption alignleft\"><a href=\"http:\/\/www.schymik.de\/wordpress\/wp-content\/ortanella3.jpg\"><img decoding=\"async\" loading=\"lazy\" class=\"size-medium wp-image-1047\" title=\"ortanella3\" src=\"http:\/\/www.schymik.de\/wordpress\/wp-content\/ortanella3-300x256.jpg\" alt=\"\" width=\"300\" height=\"256\" srcset=\"https:\/\/www.schymik.de\/wordpress\/wp-content\/ortanella3-300x256.jpg 300w, https:\/\/www.schymik.de\/wordpress\/wp-content\/ortanella3-600x514.jpg 600w, https:\/\/www.schymik.de\/wordpress\/wp-content\/ortanella3.jpg 800w\" sizes=\"(max-width: 300px) 100vw, 300px\" \/><\/a><figcaption id=\"caption-attachment-1047\" class=\"wp-caption-text\">K\u00fcstenstra\u00dfe mit Blick auf Varenna<\/figcaption><\/figure>\n<p>Ich habe heute voll auf Traktion und weniger auf Pannensicherheit gesetzt. In meinen Reifen befinden sich nicht mal ein bar Luft. Und dann passiert es, vorne wird\u00b4s schwammig. Ein Durchschlag bei einem Maxxis Arent 2.6? Unm\u00f6glich. Ich baue das Vorderrad aus, hole den Schlauch aus dem Reifen: Ventilabriss. OK, damit hatte ich nicht gerechnet. Also schnell einen neuen Schlauch rein und hinab ans Ufer. Zur\u00fcck nach Varenna geht es auf der K\u00fcstenstra\u00dfe.<\/p>\n<p>GPS-Track:<br \/>\n<a href=\"http:\/\/engine.trackspace.de\/open.php?track_id=21039\" target=\"_blank\"><img decoding=\"async\" loading=\"lazy\" src=\"http:\/\/engine.trackspace.de\/images\/trackspace_link.gif\" border=\"0\" alt=\"\" width=\"54\" height=\"40\" \/><\/a><\/p>\n<p>Buchtipp:\u00a0 <a title=\"Bikeguide Comer See\" href=\"http:\/\/astore.amazon.de\/transalphomep-21\/detail\/3763350209\" target=\"_blank\">Bikeguide Comer See<img decoding=\"async\" id=\"snap_com_shot_link_icon\" src=\"http:\/\/i.ixnp.com\/images\/v6.39\/t.gif\" alt=\"\" \/><\/a><\/p>\n<p>Karte: <a title=\"Kompass 92\" href=\"http:\/\/astore.amazon.de\/transalphomep-21\/detail\/3854910991\" target=\"_blank\"><\/a><a title=\"Kompass 91\" href=\"http:\/\/astore.amazon.de\/transalphomep-21\/detail\/3854910983\" target=\"_blank\">Kompass 91 Lago di Como \/ Lago Lugano<\/a><\/p>\n<p>Digitale Karte: <a title=\"Kompass digital\" href=\"http:\/\/astore.amazon.de\/transalphomep-21\/detail\/3850261697\" target=\"_blank\">Kompass Lago di Como \/ Lago Lugano<\/a><\/p>\n","protected":false},"excerpt":{"rendered":"<p>Die Ziffern 7 und 1 sollten sich Liebhaber von anspruchsvollen und technischen Trails ab sofort merken. Wer den 601er am Gardasee kennt und liebt, der wird am Comer See oberhalb von Varenna ein entsprechendes Pendant finden. Nach Der Auffahrt auf einer kleinen Bergstra\u00dfe erreiche ich zun\u00e4chst den Ort Esino Lario. Hier zweigt die Stra\u00dfe nach [&hellip;]<\/p>\n","protected":false},"author":1,"featured_media":0,"comment_status":"open","ping_status":"open","sticky":false,"template":"","format":"standard","meta":[],"categories":[1],"tags":[21,22],"yoast_head":"<!-- This site is optimized with the Yoast SEO plugin v21.0 - https:\/\/yoast.com\/wordpress\/plugins\/seo\/ -->\n<title>sentiero sette uno - Transalp Homepage<\/title>\n<meta name=\"robots\" content=\"index, follow, max-snippet:-1, max-image-preview:large, max-video-preview:-1\" \/>\n<link rel=\"canonical\" href=\"https:\/\/www.schymik.de\/wordpress\/sentiero-sette-uno\/\" \/>\n<meta property=\"og:locale\" content=\"de_DE\" \/>\n<meta property=\"og:type\" content=\"article\" \/>\n<meta property=\"og:title\" content=\"sentiero sette uno - Transalp Homepage\" \/>\n<meta property=\"og:description\" content=\"Die Ziffern 7 und 1 sollten sich Liebhaber von anspruchsvollen und technischen Trails ab sofort merken. Wer den 601er am Gardasee kennt und liebt, der wird am Comer See oberhalb von Varenna ein entsprechendes Pendant finden. Nach Der Auffahrt auf einer kleinen Bergstra\u00dfe erreiche ich zun\u00e4chst den Ort Esino Lario. Hier zweigt die Stra\u00dfe nach [&hellip;]\" \/>\n<meta property=\"og:url\" content=\"https:\/\/www.schymik.de\/wordpress\/sentiero-sette-uno\/\" \/>\n<meta property=\"og:site_name\" content=\"Transalp Homepage\" \/>\n<meta property=\"article:publisher\" content=\"https:\/\/www.facebook.com\/carsten.schymik\" \/>\n<meta property=\"article:author\" content=\"https:\/\/www.facebook.com\/carsten.schymik\" \/>\n<meta property=\"article:published_time\" content=\"2010-08-07T12:06:06+00:00\" \/>\n<meta property=\"article:modified_time\" content=\"2010-08-12T13:11:06+00:00\" \/>\n<meta property=\"og:image\" content=\"http:\/\/www.schymik.de\/wordpress\/wp-content\/ortanella1-300x221.jpg\" \/>\n<meta name=\"author\" content=\"Carsten\" \/>\n<meta name=\"twitter:card\" content=\"summary_large_image\" \/>\n<meta name=\"twitter:label1\" content=\"Verfasst von\" \/>\n\t<meta name=\"twitter:data1\" content=\"Carsten\" \/>\n\t<meta name=\"twitter:label2\" content=\"Gesch\u00e4tzte Lesezeit\" \/>\n\t<meta name=\"twitter:data2\" content=\"2\u00a0Minuten\" \/>\n<script type=\"application\/ld+json\" class=\"yoast-schema-graph\">{\"@context\":\"https:\/\/schema.org\",\"@graph\":[{\"@type\":\"Article\",\"@id\":\"https:\/\/www.schymik.de\/wordpress\/sentiero-sette-uno\/#article\",\"isPartOf\":{\"@id\":\"https:\/\/www.schymik.de\/wordpress\/sentiero-sette-uno\/\"},\"author\":{\"name\":\"Carsten\",\"@id\":\"https:\/\/www.schymik.de\/wordpress\/#\/schema\/person\/f4792950b1a3875a57d4fc2380f11e22\"},\"headline\":\"sentiero sette uno\",\"datePublished\":\"2010-08-07T12:06:06+00:00\",\"dateModified\":\"2010-08-12T13:11:06+00:00\",\"mainEntityOfPage\":{\"@id\":\"https:\/\/www.schymik.de\/wordpress\/sentiero-sette-uno\/\"},\"wordCount\":358,\"commentCount\":1,\"publisher\":{\"@id\":\"https:\/\/www.schymik.de\/wordpress\/#\/schema\/person\/f4792950b1a3875a57d4fc2380f11e22\"},\"keywords\":[\"Tour\",\"Track\"],\"articleSection\":[\"Bike-Tagebuch\"],\"inLanguage\":\"de\",\"potentialAction\":[{\"@type\":\"CommentAction\",\"name\":\"Comment\",\"target\":[\"https:\/\/www.schymik.de\/wordpress\/sentiero-sette-uno\/#respond\"]}]},{\"@type\":\"WebPage\",\"@id\":\"https:\/\/www.schymik.de\/wordpress\/sentiero-sette-uno\/\",\"url\":\"https:\/\/www.schymik.de\/wordpress\/sentiero-sette-uno\/\",\"name\":\"sentiero sette uno - Transalp Homepage\",\"isPartOf\":{\"@id\":\"https:\/\/www.schymik.de\/wordpress\/#website\"},\"datePublished\":\"2010-08-07T12:06:06+00:00\",\"dateModified\":\"2010-08-12T13:11:06+00:00\",\"breadcrumb\":{\"@id\":\"https:\/\/www.schymik.de\/wordpress\/sentiero-sette-uno\/#breadcrumb\"},\"inLanguage\":\"de\",\"potentialAction\":[{\"@type\":\"ReadAction\",\"target\":[\"https:\/\/www.schymik.de\/wordpress\/sentiero-sette-uno\/\"]}]},{\"@type\":\"BreadcrumbList\",\"@id\":\"https:\/\/www.schymik.de\/wordpress\/sentiero-sette-uno\/#breadcrumb\",\"itemListElement\":[{\"@type\":\"ListItem\",\"position\":1,\"name\":\"Startseite\",\"item\":\"https:\/\/www.schymik.de\/wordpress\/\"},{\"@type\":\"ListItem\",\"position\":2,\"name\":\"sentiero sette uno\"}]},{\"@type\":\"WebSite\",\"@id\":\"https:\/\/www.schymik.de\/wordpress\/#website\",\"url\":\"https:\/\/www.schymik.de\/wordpress\/\",\"name\":\"Transalp Homepage\",\"description\":\"Alles rund ums Mountainbike, Alpencross und Bikebergsteigen\",\"publisher\":{\"@id\":\"https:\/\/www.schymik.de\/wordpress\/#\/schema\/person\/f4792950b1a3875a57d4fc2380f11e22\"},\"potentialAction\":[{\"@type\":\"SearchAction\",\"target\":{\"@type\":\"EntryPoint\",\"urlTemplate\":\"https:\/\/www.schymik.de\/wordpress\/?s={search_term_string}\"},\"query-input\":\"required name=search_term_string\"}],\"inLanguage\":\"de\"},{\"@type\":[\"Person\",\"Organization\"],\"@id\":\"https:\/\/www.schymik.de\/wordpress\/#\/schema\/person\/f4792950b1a3875a57d4fc2380f11e22\",\"name\":\"Carsten\",\"image\":{\"@type\":\"ImageObject\",\"inLanguage\":\"de\",\"@id\":\"https:\/\/www.schymik.de\/wordpress\/#\/schema\/person\/image\/\",\"url\":\"https:\/\/www.schymik.de\/wordpress\/wp-content\/Schymik-Carsten-51x51cm.jpg\",\"contentUrl\":\"https:\/\/www.schymik.de\/wordpress\/wp-content\/Schymik-Carsten-51x51cm.jpg\",\"width\":1530,\"height\":1530,\"caption\":\"Carsten\"},\"logo\":{\"@id\":\"https:\/\/www.schymik.de\/wordpress\/#\/schema\/person\/image\/\"},\"sameAs\":[\"http:\/\/www.schymik.de\",\"https:\/\/www.facebook.com\/carsten.schymik\",\"https:\/\/www.instagram.com\/carstenschymik\/\",\"https:\/\/www.youtube.com\/@CarstenSchymik\"]}]}<\/script>\n<!-- \/ Yoast SEO plugin. -->","yoast_head_json":{"title":"sentiero sette uno - Transalp Homepage","robots":{"index":"index","follow":"follow","max-snippet":"max-snippet:-1","max-image-preview":"max-image-preview:large","max-video-preview":"max-video-preview:-1"},"canonical":"https:\/\/www.schymik.de\/wordpress\/sentiero-sette-uno\/","og_locale":"de_DE","og_type":"article","og_title":"sentiero sette uno - Transalp Homepage","og_description":"Die Ziffern 7 und 1 sollten sich Liebhaber von anspruchsvollen und technischen Trails ab sofort merken. Wer den 601er am Gardasee kennt und liebt, der wird am Comer See oberhalb von Varenna ein entsprechendes Pendant finden. Nach Der Auffahrt auf einer kleinen Bergstra\u00dfe erreiche ich zun\u00e4chst den Ort Esino Lario. Hier zweigt die Stra\u00dfe nach [&hellip;]","og_url":"https:\/\/www.schymik.de\/wordpress\/sentiero-sette-uno\/","og_site_name":"Transalp Homepage","article_publisher":"https:\/\/www.facebook.com\/carsten.schymik","article_author":"https:\/\/www.facebook.com\/carsten.schymik","article_published_time":"2010-08-07T12:06:06+00:00","article_modified_time":"2010-08-12T13:11:06+00:00","og_image":[{"url":"http:\/\/www.schymik.de\/wordpress\/wp-content\/ortanella1-300x221.jpg"}],"author":"Carsten","twitter_card":"summary_large_image","twitter_misc":{"Verfasst von":"Carsten","Gesch\u00e4tzte Lesezeit":"2\u00a0Minuten"},"schema":{"@context":"https:\/\/schema.org","@graph":[{"@type":"Article","@id":"https:\/\/www.schymik.de\/wordpress\/sentiero-sette-uno\/#article","isPartOf":{"@id":"https:\/\/www.schymik.de\/wordpress\/sentiero-sette-uno\/"},"author":{"name":"Carsten","@id":"https:\/\/www.schymik.de\/wordpress\/#\/schema\/person\/f4792950b1a3875a57d4fc2380f11e22"},"headline":"sentiero sette uno","datePublished":"2010-08-07T12:06:06+00:00","dateModified":"2010-08-12T13:11:06+00:00","mainEntityOfPage":{"@id":"https:\/\/www.schymik.de\/wordpress\/sentiero-sette-uno\/"},"wordCount":358,"commentCount":1,"publisher":{"@id":"https:\/\/www.schymik.de\/wordpress\/#\/schema\/person\/f4792950b1a3875a57d4fc2380f11e22"},"keywords":["Tour","Track"],"articleSection":["Bike-Tagebuch"],"inLanguage":"de","potentialAction":[{"@type":"CommentAction","name":"Comment","target":["https:\/\/www.schymik.de\/wordpress\/sentiero-sette-uno\/#respond"]}]},{"@type":"WebPage","@id":"https:\/\/www.schymik.de\/wordpress\/sentiero-sette-uno\/","url":"https:\/\/www.schymik.de\/wordpress\/sentiero-sette-uno\/","name":"sentiero sette uno - Transalp Homepage","isPartOf":{"@id":"https:\/\/www.schymik.de\/wordpress\/#website"},"datePublished":"2010-08-07T12:06:06+00:00","dateModified":"2010-08-12T13:11:06+00:00","breadcrumb":{"@id":"https:\/\/www.schymik.de\/wordpress\/sentiero-sette-uno\/#breadcrumb"},"inLanguage":"de","potentialAction":[{"@type":"ReadAction","target":["https:\/\/www.schymik.de\/wordpress\/sentiero-sette-uno\/"]}]},{"@type":"BreadcrumbList","@id":"https:\/\/www.schymik.de\/wordpress\/sentiero-sette-uno\/#breadcrumb","itemListElement":[{"@type":"ListItem","position":1,"name":"Startseite","item":"https:\/\/www.schymik.de\/wordpress\/"},{"@type":"ListItem","position":2,"name":"sentiero sette uno"}]},{"@type":"WebSite","@id":"https:\/\/www.schymik.de\/wordpress\/#website","url":"https:\/\/www.schymik.de\/wordpress\/","name":"Transalp Homepage","description":"Alles rund ums Mountainbike, Alpencross und Bikebergsteigen","publisher":{"@id":"https:\/\/www.schymik.de\/wordpress\/#\/schema\/person\/f4792950b1a3875a57d4fc2380f11e22"},"potentialAction":[{"@type":"SearchAction","target":{"@type":"EntryPoint","urlTemplate":"https:\/\/www.schymik.de\/wordpress\/?s={search_term_string}"},"query-input":"required name=search_term_string"}],"inLanguage":"de"},{"@type":["Person","Organization"],"@id":"https:\/\/www.schymik.de\/wordpress\/#\/schema\/person\/f4792950b1a3875a57d4fc2380f11e22","name":"Carsten","image":{"@type":"ImageObject","inLanguage":"de","@id":"https:\/\/www.schymik.de\/wordpress\/#\/schema\/person\/image\/","url":"https:\/\/www.schymik.de\/wordpress\/wp-content\/Schymik-Carsten-51x51cm.jpg","contentUrl":"https:\/\/www.schymik.de\/wordpress\/wp-content\/Schymik-Carsten-51x51cm.jpg","width":1530,"height":1530,"caption":"Carsten"},"logo":{"@id":"https:\/\/www.schymik.de\/wordpress\/#\/schema\/person\/image\/"},"sameAs":["http:\/\/www.schymik.de","https:\/\/www.facebook.com\/carsten.schymik","https:\/\/www.instagram.com\/carstenschymik\/","https:\/\/www.youtube.com\/@CarstenSchymik"]}]}},"_links":{"self":[{"href":"https:\/\/www.schymik.de\/wordpress\/wp-json\/wp\/v2\/posts\/1044"}],"collection":[{"href":"https:\/\/www.schymik.de\/wordpress\/wp-json\/wp\/v2\/posts"}],"about":[{"href":"https:\/\/www.schymik.de\/wordpress\/wp-json\/wp\/v2\/types\/post"}],"author":[{"embeddable":true,"href":"https:\/\/www.schymik.de\/wordpress\/wp-json\/wp\/v2\/users\/1"}],"replies":[{"embeddable":true,"href":"https:\/\/www.schymik.de\/wordpress\/wp-json\/wp\/v2\/comments?post=1044"}],"version-history":[{"count":4,"href":"https:\/\/www.schymik.de\/wordpress\/wp-json\/wp\/v2\/posts\/1044\/revisions"}],"predecessor-version":[{"id":1056,"href":"https:\/\/www.schymik.de\/wordpress\/wp-json\/wp\/v2\/posts\/1044\/revisions\/1056"}],"wp:attachment":[{"href":"https:\/\/www.schymik.de\/wordpress\/wp-json\/wp\/v2\/media?parent=1044"}],"wp:term":[{"taxonomy":"category","embeddable":true,"href":"https:\/\/www.schymik.de\/wordpress\/wp-json\/wp\/v2\/categories?post=1044"},{"taxonomy":"post_tag","embeddable":true,"href":"https:\/\/www.schymik.de\/wordpress\/wp-json\/wp\/v2\/tags?post=1044"}],"curies":[{"name":"wp","href":"https:\/\/api.w.org\/{rel}","templated":true}]}}