{"id":1184,"date":"2010-09-24T10:19:57","date_gmt":"2010-09-24T09:19:57","guid":{"rendered":"http:\/\/www.schymik.de\/wordpress\/?p=1184"},"modified":"2010-10-01T10:37:31","modified_gmt":"2010-10-01T09:37:31","slug":"uber-ein-gipfel","status":"publish","type":"post","link":"https:\/\/www.schymik.de\/wordpress\/uber-ein-gipfel\/","title":{"rendered":"\u00fcber einen Gipfel"},"content":{"rendered":"<p>Ich starte in Sch\u00f6nberg im Stubaital. Auf Forstwegen f\u00fchrt mich mein Weg zun\u00e4chst nach Mieders. Eine kurze Trailabfahrt, dann Auffahrt nach Telfes. Eine steile Schotterpiste f\u00fchrt hinauf bis zur Pfarrachalm. Die Sonne scheint und es ist warm. Tragest\u00fcck bis Halsl, dem ersten Pass der Tour.<\/p>\n<figure style=\"width: 430px\" class=\"wp-caption aligncenter\"><a href=\"http:\/\/sphotos.ak.fbcdn.net\/hphotos-ak-snc4\/hs661.snc4\/60136_128769227175813_100001282087929_185395_4192255_n.jpg\"><img decoding=\"async\" loading=\"lazy\" title=\"Der erste Pass\" src=\"http:\/\/sphotos.ak.fbcdn.net\/hphotos-ak-snc4\/hs661.snc4\/60136_128769227175813_100001282087929_185395_4192255_n.jpg\" alt=\"Der erste Pass\" width=\"430\" height=\"322\" \/><\/a><figcaption class=\"wp-caption-text\">Der erste Pass<\/figcaption><\/figure>\n<p>Es sind noch 500 m bis zum naheliegenden Gipfel. Den nehme ich nebenbei noch mit. Es herrscht extremer Wind. Ich werde fast vom Berg geblasen. Auf dem Gipfel ist es kalt. Ich suche in einem Bombenkrater Schutz vor dem Wind, w\u00e4hrend ich mich mich auf die Abfahrt vorbereite,<\/p>\n<figure style=\"width: 430px\" class=\"wp-caption aligncenter\"><a href=\"http:\/\/sphotos.ak.fbcdn.net\/hphotos-ak-snc4\/hs638.snc4\/59873_128781707174565_100001282087929_185427_5864591_n.jpg\"><img decoding=\"async\" loading=\"lazy\" title=\"Blick auf Innsbruck\" src=\"http:\/\/sphotos.ak.fbcdn.net\/hphotos-ak-snc4\/hs638.snc4\/59873_128781707174565_100001282087929_185427_5864591_n.jpg\" alt=\"Blick auf Innsbruck\" width=\"430\" height=\"322\" \/><\/a><figcaption class=\"wp-caption-text\">Blick auf Innsbruck<\/figcaption><\/figure>\n<p>Toller Ausblick auf Innsbruck. Steiler ausgesetzter Trail hinab. Ich bin alleine unterwegs und schiebe ab und zu, einen Sturz kann und darf ich jetzt nicht riskieren. Ich erreiche den Wald, dann einen Skilift. Weiter geht\u00b4s auf einem Schotterweg, dann Schiebest\u00fcck. Es geht wieder bergauf. Diesen trail hatte ich eigentlich als Abfahrt einkalkuliert, stattdessen f\u00fchrt er nach oben.<\/p>\n<p>Danach folgen einige schnelle Trails hinunter nach Axams. Ende in Pizzeria. Hier treffe ich mich mit dem Transalp Team.<\/p>\n<p>Morgen soll der Hanibal X starten&#8230;die Wetterprognosen sind allerdings alles Andere als gut&#8230;<\/p>\n","protected":false},"excerpt":{"rendered":"<p>Ich starte in Sch\u00f6nberg im Stubaital. Auf Forstwegen f\u00fchrt mich mein Weg zun\u00e4chst nach Mieders. Eine kurze Trailabfahrt, dann Auffahrt nach Telfes. Eine steile Schotterpiste f\u00fchrt hinauf bis zur Pfarrachalm. Die Sonne scheint und es ist warm. Tragest\u00fcck bis Halsl, dem ersten Pass der Tour. Es sind noch 500 m bis zum naheliegenden Gipfel. Den [&hellip;]<\/p>\n","protected":false},"author":1,"featured_media":0,"comment_status":"open","ping_status":"open","sticky":false,"template":"","format":"standard","meta":[],"categories":[1],"tags":[],"yoast_head":"<!-- This site is optimized with the Yoast SEO plugin v21.0 - https:\/\/yoast.com\/wordpress\/plugins\/seo\/ -->\n<title>\u00fcber einen Gipfel - Transalp Homepage<\/title>\n<meta name=\"robots\" content=\"index, follow, max-snippet:-1, max-image-preview:large, max-video-preview:-1\" \/>\n<link rel=\"canonical\" href=\"https:\/\/www.schymik.de\/wordpress\/uber-ein-gipfel\/\" \/>\n<meta property=\"og:locale\" content=\"de_DE\" \/>\n<meta property=\"og:type\" content=\"article\" \/>\n<meta property=\"og:title\" content=\"\u00fcber einen Gipfel - Transalp Homepage\" \/>\n<meta property=\"og:description\" content=\"Ich starte in Sch\u00f6nberg im Stubaital. Auf Forstwegen f\u00fchrt mich mein Weg zun\u00e4chst nach Mieders. Eine kurze Trailabfahrt, dann Auffahrt nach Telfes. Eine steile Schotterpiste f\u00fchrt hinauf bis zur Pfarrachalm. Die Sonne scheint und es ist warm. Tragest\u00fcck bis Halsl, dem ersten Pass der Tour. Es sind noch 500 m bis zum naheliegenden Gipfel. Den [&hellip;]\" \/>\n<meta property=\"og:url\" content=\"https:\/\/www.schymik.de\/wordpress\/uber-ein-gipfel\/\" \/>\n<meta property=\"og:site_name\" content=\"Transalp Homepage\" \/>\n<meta property=\"article:publisher\" content=\"https:\/\/www.facebook.com\/carsten.schymik\" \/>\n<meta property=\"article:author\" content=\"https:\/\/www.facebook.com\/carsten.schymik\" \/>\n<meta property=\"article:published_time\" content=\"2010-09-24T09:19:57+00:00\" \/>\n<meta property=\"article:modified_time\" content=\"2010-10-01T09:37:31+00:00\" \/>\n<meta property=\"og:image\" content=\"http:\/\/sphotos.ak.fbcdn.net\/hphotos-ak-snc4\/hs661.snc4\/60136_128769227175813_100001282087929_185395_4192255_n.jpg\" \/>\n<meta name=\"author\" content=\"Carsten\" \/>\n<meta name=\"twitter:card\" content=\"summary_large_image\" \/>\n<meta name=\"twitter:label1\" content=\"Verfasst von\" \/>\n\t<meta name=\"twitter:data1\" content=\"Carsten\" \/>\n\t<meta name=\"twitter:label2\" content=\"Gesch\u00e4tzte Lesezeit\" \/>\n\t<meta name=\"twitter:data2\" content=\"1\u00a0Minute\" \/>\n<script type=\"application\/ld+json\" class=\"yoast-schema-graph\">{\"@context\":\"https:\/\/schema.org\",\"@graph\":[{\"@type\":\"Article\",\"@id\":\"https:\/\/www.schymik.de\/wordpress\/uber-ein-gipfel\/#article\",\"isPartOf\":{\"@id\":\"https:\/\/www.schymik.de\/wordpress\/uber-ein-gipfel\/\"},\"author\":{\"name\":\"Carsten\",\"@id\":\"https:\/\/www.schymik.de\/wordpress\/#\/schema\/person\/f4792950b1a3875a57d4fc2380f11e22\"},\"headline\":\"\u00fcber einen Gipfel\",\"datePublished\":\"2010-09-24T09:19:57+00:00\",\"dateModified\":\"2010-10-01T09:37:31+00:00\",\"mainEntityOfPage\":{\"@id\":\"https:\/\/www.schymik.de\/wordpress\/uber-ein-gipfel\/\"},\"wordCount\":214,\"commentCount\":0,\"publisher\":{\"@id\":\"https:\/\/www.schymik.de\/wordpress\/#\/schema\/person\/f4792950b1a3875a57d4fc2380f11e22\"},\"articleSection\":[\"Bike-Tagebuch\"],\"inLanguage\":\"de\",\"potentialAction\":[{\"@type\":\"CommentAction\",\"name\":\"Comment\",\"target\":[\"https:\/\/www.schymik.de\/wordpress\/uber-ein-gipfel\/#respond\"]}]},{\"@type\":\"WebPage\",\"@id\":\"https:\/\/www.schymik.de\/wordpress\/uber-ein-gipfel\/\",\"url\":\"https:\/\/www.schymik.de\/wordpress\/uber-ein-gipfel\/\",\"name\":\"\u00fcber einen Gipfel - Transalp Homepage\",\"isPartOf\":{\"@id\":\"https:\/\/www.schymik.de\/wordpress\/#website\"},\"datePublished\":\"2010-09-24T09:19:57+00:00\",\"dateModified\":\"2010-10-01T09:37:31+00:00\",\"breadcrumb\":{\"@id\":\"https:\/\/www.schymik.de\/wordpress\/uber-ein-gipfel\/#breadcrumb\"},\"inLanguage\":\"de\",\"potentialAction\":[{\"@type\":\"ReadAction\",\"target\":[\"https:\/\/www.schymik.de\/wordpress\/uber-ein-gipfel\/\"]}]},{\"@type\":\"BreadcrumbList\",\"@id\":\"https:\/\/www.schymik.de\/wordpress\/uber-ein-gipfel\/#breadcrumb\",\"itemListElement\":[{\"@type\":\"ListItem\",\"position\":1,\"name\":\"Startseite\",\"item\":\"https:\/\/www.schymik.de\/wordpress\/\"},{\"@type\":\"ListItem\",\"position\":2,\"name\":\"\u00fcber einen Gipfel\"}]},{\"@type\":\"WebSite\",\"@id\":\"https:\/\/www.schymik.de\/wordpress\/#website\",\"url\":\"https:\/\/www.schymik.de\/wordpress\/\",\"name\":\"Transalp Homepage\",\"description\":\"Alles rund ums Mountainbike, Alpencross und Bikebergsteigen\",\"publisher\":{\"@id\":\"https:\/\/www.schymik.de\/wordpress\/#\/schema\/person\/f4792950b1a3875a57d4fc2380f11e22\"},\"potentialAction\":[{\"@type\":\"SearchAction\",\"target\":{\"@type\":\"EntryPoint\",\"urlTemplate\":\"https:\/\/www.schymik.de\/wordpress\/?s={search_term_string}\"},\"query-input\":\"required name=search_term_string\"}],\"inLanguage\":\"de\"},{\"@type\":[\"Person\",\"Organization\"],\"@id\":\"https:\/\/www.schymik.de\/wordpress\/#\/schema\/person\/f4792950b1a3875a57d4fc2380f11e22\",\"name\":\"Carsten\",\"image\":{\"@type\":\"ImageObject\",\"inLanguage\":\"de\",\"@id\":\"https:\/\/www.schymik.de\/wordpress\/#\/schema\/person\/image\/\",\"url\":\"https:\/\/www.schymik.de\/wordpress\/wp-content\/Schymik-Carsten-51x51cm.jpg\",\"contentUrl\":\"https:\/\/www.schymik.de\/wordpress\/wp-content\/Schymik-Carsten-51x51cm.jpg\",\"width\":1530,\"height\":1530,\"caption\":\"Carsten\"},\"logo\":{\"@id\":\"https:\/\/www.schymik.de\/wordpress\/#\/schema\/person\/image\/\"},\"sameAs\":[\"http:\/\/www.schymik.de\",\"https:\/\/www.facebook.com\/carsten.schymik\",\"https:\/\/www.instagram.com\/carstenschymik\/\",\"https:\/\/www.youtube.com\/@CarstenSchymik\"]}]}<\/script>\n<!-- \/ Yoast SEO plugin. -->","yoast_head_json":{"title":"\u00fcber einen Gipfel - Transalp Homepage","robots":{"index":"index","follow":"follow","max-snippet":"max-snippet:-1","max-image-preview":"max-image-preview:large","max-video-preview":"max-video-preview:-1"},"canonical":"https:\/\/www.schymik.de\/wordpress\/uber-ein-gipfel\/","og_locale":"de_DE","og_type":"article","og_title":"\u00fcber einen Gipfel - Transalp Homepage","og_description":"Ich starte in Sch\u00f6nberg im Stubaital. Auf Forstwegen f\u00fchrt mich mein Weg zun\u00e4chst nach Mieders. Eine kurze Trailabfahrt, dann Auffahrt nach Telfes. Eine steile Schotterpiste f\u00fchrt hinauf bis zur Pfarrachalm. Die Sonne scheint und es ist warm. Tragest\u00fcck bis Halsl, dem ersten Pass der Tour. Es sind noch 500 m bis zum naheliegenden Gipfel. Den [&hellip;]","og_url":"https:\/\/www.schymik.de\/wordpress\/uber-ein-gipfel\/","og_site_name":"Transalp Homepage","article_publisher":"https:\/\/www.facebook.com\/carsten.schymik","article_author":"https:\/\/www.facebook.com\/carsten.schymik","article_published_time":"2010-09-24T09:19:57+00:00","article_modified_time":"2010-10-01T09:37:31+00:00","og_image":[{"url":"http:\/\/sphotos.ak.fbcdn.net\/hphotos-ak-snc4\/hs661.snc4\/60136_128769227175813_100001282087929_185395_4192255_n.jpg"}],"author":"Carsten","twitter_card":"summary_large_image","twitter_misc":{"Verfasst von":"Carsten","Gesch\u00e4tzte Lesezeit":"1\u00a0Minute"},"schema":{"@context":"https:\/\/schema.org","@graph":[{"@type":"Article","@id":"https:\/\/www.schymik.de\/wordpress\/uber-ein-gipfel\/#article","isPartOf":{"@id":"https:\/\/www.schymik.de\/wordpress\/uber-ein-gipfel\/"},"author":{"name":"Carsten","@id":"https:\/\/www.schymik.de\/wordpress\/#\/schema\/person\/f4792950b1a3875a57d4fc2380f11e22"},"headline":"\u00fcber einen Gipfel","datePublished":"2010-09-24T09:19:57+00:00","dateModified":"2010-10-01T09:37:31+00:00","mainEntityOfPage":{"@id":"https:\/\/www.schymik.de\/wordpress\/uber-ein-gipfel\/"},"wordCount":214,"commentCount":0,"publisher":{"@id":"https:\/\/www.schymik.de\/wordpress\/#\/schema\/person\/f4792950b1a3875a57d4fc2380f11e22"},"articleSection":["Bike-Tagebuch"],"inLanguage":"de","potentialAction":[{"@type":"CommentAction","name":"Comment","target":["https:\/\/www.schymik.de\/wordpress\/uber-ein-gipfel\/#respond"]}]},{"@type":"WebPage","@id":"https:\/\/www.schymik.de\/wordpress\/uber-ein-gipfel\/","url":"https:\/\/www.schymik.de\/wordpress\/uber-ein-gipfel\/","name":"\u00fcber einen Gipfel - Transalp Homepage","isPartOf":{"@id":"https:\/\/www.schymik.de\/wordpress\/#website"},"datePublished":"2010-09-24T09:19:57+00:00","dateModified":"2010-10-01T09:37:31+00:00","breadcrumb":{"@id":"https:\/\/www.schymik.de\/wordpress\/uber-ein-gipfel\/#breadcrumb"},"inLanguage":"de","potentialAction":[{"@type":"ReadAction","target":["https:\/\/www.schymik.de\/wordpress\/uber-ein-gipfel\/"]}]},{"@type":"BreadcrumbList","@id":"https:\/\/www.schymik.de\/wordpress\/uber-ein-gipfel\/#breadcrumb","itemListElement":[{"@type":"ListItem","position":1,"name":"Startseite","item":"https:\/\/www.schymik.de\/wordpress\/"},{"@type":"ListItem","position":2,"name":"\u00fcber einen Gipfel"}]},{"@type":"WebSite","@id":"https:\/\/www.schymik.de\/wordpress\/#website","url":"https:\/\/www.schymik.de\/wordpress\/","name":"Transalp Homepage","description":"Alles rund ums Mountainbike, Alpencross und Bikebergsteigen","publisher":{"@id":"https:\/\/www.schymik.de\/wordpress\/#\/schema\/person\/f4792950b1a3875a57d4fc2380f11e22"},"potentialAction":[{"@type":"SearchAction","target":{"@type":"EntryPoint","urlTemplate":"https:\/\/www.schymik.de\/wordpress\/?s={search_term_string}"},"query-input":"required name=search_term_string"}],"inLanguage":"de"},{"@type":["Person","Organization"],"@id":"https:\/\/www.schymik.de\/wordpress\/#\/schema\/person\/f4792950b1a3875a57d4fc2380f11e22","name":"Carsten","image":{"@type":"ImageObject","inLanguage":"de","@id":"https:\/\/www.schymik.de\/wordpress\/#\/schema\/person\/image\/","url":"https:\/\/www.schymik.de\/wordpress\/wp-content\/Schymik-Carsten-51x51cm.jpg","contentUrl":"https:\/\/www.schymik.de\/wordpress\/wp-content\/Schymik-Carsten-51x51cm.jpg","width":1530,"height":1530,"caption":"Carsten"},"logo":{"@id":"https:\/\/www.schymik.de\/wordpress\/#\/schema\/person\/image\/"},"sameAs":["http:\/\/www.schymik.de","https:\/\/www.facebook.com\/carsten.schymik","https:\/\/www.instagram.com\/carstenschymik\/","https:\/\/www.youtube.com\/@CarstenSchymik"]}]}},"_links":{"self":[{"href":"https:\/\/www.schymik.de\/wordpress\/wp-json\/wp\/v2\/posts\/1184"}],"collection":[{"href":"https:\/\/www.schymik.de\/wordpress\/wp-json\/wp\/v2\/posts"}],"about":[{"href":"https:\/\/www.schymik.de\/wordpress\/wp-json\/wp\/v2\/types\/post"}],"author":[{"embeddable":true,"href":"https:\/\/www.schymik.de\/wordpress\/wp-json\/wp\/v2\/users\/1"}],"replies":[{"embeddable":true,"href":"https:\/\/www.schymik.de\/wordpress\/wp-json\/wp\/v2\/comments?post=1184"}],"version-history":[{"count":4,"href":"https:\/\/www.schymik.de\/wordpress\/wp-json\/wp\/v2\/posts\/1184\/revisions"}],"predecessor-version":[{"id":1186,"href":"https:\/\/www.schymik.de\/wordpress\/wp-json\/wp\/v2\/posts\/1184\/revisions\/1186"}],"wp:attachment":[{"href":"https:\/\/www.schymik.de\/wordpress\/wp-json\/wp\/v2\/media?parent=1184"}],"wp:term":[{"taxonomy":"category","embeddable":true,"href":"https:\/\/www.schymik.de\/wordpress\/wp-json\/wp\/v2\/categories?post=1184"},{"taxonomy":"post_tag","embeddable":true,"href":"https:\/\/www.schymik.de\/wordpress\/wp-json\/wp\/v2\/tags?post=1184"}],"curies":[{"name":"wp","href":"https:\/\/api.w.org\/{rel}","templated":true}]}}