{"id":1271,"date":"2010-10-09T20:54:43","date_gmt":"2010-10-09T19:54:43","guid":{"rendered":"http:\/\/www.schymik.de\/wordpress\/?p=1271"},"modified":"2010-10-10T18:33:33","modified_gmt":"2010-10-10T17:33:33","slug":"uber-den-wolken","status":"publish","type":"post","link":"https:\/\/www.schymik.de\/wordpress\/uber-den-wolken\/","title":{"rendered":"\u00dcber den Wolken"},"content":{"rendered":"<p>&#8230;muss die Freiheit wohl grenzenlos sein.<\/p>\n<p>Das haben wir uns heute auch gedacht, also nix wie auf die Autobahn und ab ins Allg\u00e4u. Michael hat auf einer Tour im Sommer diesen Spitzkehrentrail am Hang entdeckt, der Weg dorthin f\u00fchrt \u00fcber einen Gipfel. Und um den zu erreichen m\u00fcssen wir erst einmal 300 H\u00f6henmeter hoch fahren, dann einen kleinen Trail abfahren und letztendlich zum Gipfel knapp 1000 H\u00f6henmeter hoch tragen. Zun\u00e4chst durch den zauberhaft gef\u00e4rbten Herbstwald, sp\u00e4ter dann \u00fcber steile Almwiesen.<\/p>\n<p><a href=\"http:\/\/fstatic1.mtb-news.de\/img\/photos\/1\/5\/_\/large\/P1140394.jpg\"><img decoding=\"async\" loading=\"lazy\" class=\"aligncenter\" src=\"http:\/\/fstatic1.mtb-news.de\/img\/photos\/1\/5\/_\/large\/P1140394.jpg\" alt=\"1000 H\u00f6henmeter Aufstieg\" width=\"430\" height=\"322\" \/><\/a><\/p>\n<p>Heute auf Gipfeltour , das bedeutet oben ein Bombenwetter und unten Nebel. Der Anblick ist atemberaubend und wundersch\u00f6n. Zudem ist es auf \u00fcber 2000 Metern angenehm warm.<\/p>\n<figure style=\"width: 430px\" class=\"wp-caption aligncenter\"><a href=\"http:\/\/fstatic1.mtb-news.de\/img\/photos\/1\/5\/_\/large\/P1140400.jpg\"><img decoding=\"async\" loading=\"lazy\" src=\"http:\/\/fstatic1.mtb-news.de\/img\/photos\/1\/5\/_\/large\/P1140400.jpg\" alt=\"\" width=\"430\" height=\"322\" \/><\/a><figcaption class=\"wp-caption-text\">Auf dem Gipfel<\/figcaption><\/figure>\n<figure style=\"width: 200px\" class=\"wp-caption alignleft\"><a href=\"http:\/\/fstatic1.mtb-news.de\/img\/photos\/1\/5\/_\/large\/P1140409.jpg\"><img decoding=\"async\" loading=\"lazy\" src=\"http:\/\/fstatic1.mtb-news.de\/img\/photos\/1\/5\/_\/large\/P1140409.jpg\" alt=\"\" width=\"200\" height=\"265\" \/><\/a><figcaption class=\"wp-caption-text\">schwerer Abstieg<\/figcaption><\/figure>\n<p>Die Abfahrt war zu Beginn etwas hart: Steiles ausgesetztes Gel\u00e4nde mit rutschigem Untergrund. Zudem seilversicherte Passagen. Bei Steinschlaggefahr warten wir auf jeden Fall ab, bis unten definitiv keine Gef\u00e4hrdung f\u00fcr andere Personen von uns ausgeht. Das ist oberstes Gebot bei solchen Touren. Nach der \u00dcberwindung der ersten Kletterpassage genie\u00dfen wir ein paar sch\u00f6ne ausgesetzte Spitzkehren. Dann folgt ein weiteres Schiebest\u00fcck bergab.<\/p>\n<figure style=\"width: 430px\" class=\"wp-caption aligncenter\"><a href=\"http:\/\/fstatic1.mtb-news.de\/img\/photos\/1\/5\/_\/large\/P1140418.jpg\"><img decoding=\"async\" loading=\"lazy\" src=\"http:\/\/fstatic1.mtb-news.de\/img\/photos\/1\/5\/_\/large\/P1140418.jpg\" alt=\"\" width=\"430\" height=\"322\" \/><\/a><figcaption class=\"wp-caption-text\">Abfahrt, hart am Abgrund<\/figcaption><\/figure>\n<p>Dann der Hammertrail, den Michael entdeckt hat. Er ist wie erwartet anspruchsvoll aber komplett fahrbar. Rollen, Anbremsen, K\u00f6rperspannung, Lenkereinschlag, Bremse, Hinterrad hoch und rumsetzen, Bremse auf und weiter rollen. Das ganze bestimmt 30 Mal.\u00a0 An einer verfallenen Alm geht es in den Wald. Wurzeln, Steine, Spitzkehren, Stufen, ein Toptrail bis runter ins vernebelte Tal.<\/p>\n<figure style=\"width: 430px\" class=\"wp-caption aligncenter\"><a href=\"http:\/\/fstatic1.mtb-news.de\/img\/photos\/1\/5\/_\/large\/P1140426.jpg\"><img decoding=\"async\" loading=\"lazy\" src=\"http:\/\/fstatic1.mtb-news.de\/img\/photos\/1\/5\/_\/large\/P1140426.jpg\" alt=\"\" width=\"430\" height=\"322\" \/><\/a><figcaption class=\"wp-caption-text\">Flowtrail im Wald<\/figcaption><\/figure>\n<p>In Summe eine geniale Abfahrt, obwohl es oben schon etwas heftig war und wir nicht alles fahren konnten. Somit hat sich die Sache f\u00fcr uns auf jeden Fall gelohnt.<\/p>\n<p>Zum Abschluss kurbeln wir noch mal auf Teer hoch und erreichen so den Bikepark Hindelang. Wir sehen uns mal den schwarze Strecke an. Ganz Nett, aber die feuchte Ger\u00f6llrinne macht lange nicht so viel Spa\u00df, wie echte alpine Trails.<\/p>\n<p>Bilanz: 300 hm hoch kurbeln, 200 hm abfahren, 1000m hoch tragen, 200 hm  runter tragen, 800 hm abfahren, 400 hm hoch treten, 500 hm im Bikepark  abfahren.<\/p>\n<p>Fazit: Der Weg sein Ziel zu erreichen ist manchmal steinig, aber wer es wagt Diesen zu gehen wird daf\u00fcr belohnt werden.<\/p>\n<p>Video:<br \/>\n<object classid=\"clsid:d27cdb6e-ae6d-11cf-96b8-444553540000\" width=\"512\" height=\"288\" codebase=\"http:\/\/download.macromedia.com\/pub\/shockwave\/cabs\/flash\/swflash.cab#version=6,0,40,0\"><param name=\"allowFullScreen\" value=\"true\" \/><param name=\"allowScriptAccess\" value=\"always\" \/><param name=\"src\" value=\"http:\/\/videos.mtb-news.de\/v\/9453\" \/><param name=\"allowfullscreen\" value=\"true\" \/><embed type=\"application\/x-shockwave-flash\" width=\"512\" height=\"288\" src=\"http:\/\/videos.mtb-news.de\/v\/9453\" allowscriptaccess=\"always\" allowfullscreen=\"true\"><\/embed><\/object><\/p>\n<p>Warum gibt es zu dieser Tour keine detaillierte Beschreibung oder GPS  Daten?<br \/>\nGrund: <a title=\"Ehrenkodex\" href=\"http:\/\/www.vertriders.com\/kodex\/vertriderkodex.html\" target=\"_blank\">Vertrider Ehrenkodex<img decoding=\"async\" id=\"snap_com_shot_link_icon\" src=\"http:\/\/i.ixnp.com\/images\/v6.48\/t.gif\" alt=\"\" \/><\/a><\/p>\n","protected":false},"excerpt":{"rendered":"<p>&#8230;muss die Freiheit wohl grenzenlos sein. Das haben wir uns heute auch gedacht, also nix wie auf die Autobahn und ab ins Allg\u00e4u. Michael hat auf einer Tour im Sommer diesen Spitzkehrentrail am Hang entdeckt, der Weg dorthin f\u00fchrt \u00fcber einen Gipfel. Und um den zu erreichen m\u00fcssen wir erst einmal 300 H\u00f6henmeter hoch fahren, [&hellip;]<\/p>\n","protected":false},"author":1,"featured_media":0,"comment_status":"open","ping_status":"open","sticky":false,"template":"","format":"standard","meta":[],"categories":[1],"tags":[25],"yoast_head":"<!-- This site is optimized with the Yoast SEO plugin v21.0 - https:\/\/yoast.com\/wordpress\/plugins\/seo\/ -->\n<title>\u00dcber den Wolken - Transalp Homepage<\/title>\n<meta name=\"robots\" content=\"index, follow, max-snippet:-1, max-image-preview:large, max-video-preview:-1\" \/>\n<link rel=\"canonical\" href=\"https:\/\/www.schymik.de\/wordpress\/uber-den-wolken\/\" \/>\n<meta property=\"og:locale\" content=\"de_DE\" \/>\n<meta property=\"og:type\" content=\"article\" \/>\n<meta property=\"og:title\" content=\"\u00dcber den Wolken - Transalp Homepage\" \/>\n<meta property=\"og:description\" content=\"&#8230;muss die Freiheit wohl grenzenlos sein. Das haben wir uns heute auch gedacht, also nix wie auf die Autobahn und ab ins Allg\u00e4u. Michael hat auf einer Tour im Sommer diesen Spitzkehrentrail am Hang entdeckt, der Weg dorthin f\u00fchrt \u00fcber einen Gipfel. Und um den zu erreichen m\u00fcssen wir erst einmal 300 H\u00f6henmeter hoch fahren, [&hellip;]\" \/>\n<meta property=\"og:url\" content=\"https:\/\/www.schymik.de\/wordpress\/uber-den-wolken\/\" \/>\n<meta property=\"og:site_name\" content=\"Transalp Homepage\" \/>\n<meta property=\"article:publisher\" content=\"https:\/\/www.facebook.com\/carsten.schymik\" \/>\n<meta property=\"article:author\" content=\"https:\/\/www.facebook.com\/carsten.schymik\" \/>\n<meta property=\"article:published_time\" content=\"2010-10-09T19:54:43+00:00\" \/>\n<meta property=\"article:modified_time\" content=\"2010-10-10T17:33:33+00:00\" \/>\n<meta property=\"og:image\" content=\"http:\/\/fstatic1.mtb-news.de\/img\/photos\/1\/5\/_\/large\/P1140394.jpg\" \/>\n<meta name=\"author\" content=\"Carsten\" \/>\n<meta name=\"twitter:card\" content=\"summary_large_image\" \/>\n<meta name=\"twitter:label1\" content=\"Verfasst von\" \/>\n\t<meta name=\"twitter:data1\" content=\"Carsten\" \/>\n\t<meta name=\"twitter:label2\" content=\"Gesch\u00e4tzte Lesezeit\" \/>\n\t<meta name=\"twitter:data2\" content=\"2\u00a0Minuten\" \/>\n<script type=\"application\/ld+json\" class=\"yoast-schema-graph\">{\"@context\":\"https:\/\/schema.org\",\"@graph\":[{\"@type\":\"Article\",\"@id\":\"https:\/\/www.schymik.de\/wordpress\/uber-den-wolken\/#article\",\"isPartOf\":{\"@id\":\"https:\/\/www.schymik.de\/wordpress\/uber-den-wolken\/\"},\"author\":{\"name\":\"Carsten\",\"@id\":\"https:\/\/www.schymik.de\/wordpress\/#\/schema\/person\/f4792950b1a3875a57d4fc2380f11e22\"},\"headline\":\"\u00dcber den Wolken\",\"datePublished\":\"2010-10-09T19:54:43+00:00\",\"dateModified\":\"2010-10-10T17:33:33+00:00\",\"mainEntityOfPage\":{\"@id\":\"https:\/\/www.schymik.de\/wordpress\/uber-den-wolken\/\"},\"wordCount\":405,\"commentCount\":0,\"publisher\":{\"@id\":\"https:\/\/www.schymik.de\/wordpress\/#\/schema\/person\/f4792950b1a3875a57d4fc2380f11e22\"},\"keywords\":[\"Bikebergsteigen\"],\"articleSection\":[\"Bike-Tagebuch\"],\"inLanguage\":\"de\",\"potentialAction\":[{\"@type\":\"CommentAction\",\"name\":\"Comment\",\"target\":[\"https:\/\/www.schymik.de\/wordpress\/uber-den-wolken\/#respond\"]}]},{\"@type\":\"WebPage\",\"@id\":\"https:\/\/www.schymik.de\/wordpress\/uber-den-wolken\/\",\"url\":\"https:\/\/www.schymik.de\/wordpress\/uber-den-wolken\/\",\"name\":\"\u00dcber den Wolken - Transalp Homepage\",\"isPartOf\":{\"@id\":\"https:\/\/www.schymik.de\/wordpress\/#website\"},\"datePublished\":\"2010-10-09T19:54:43+00:00\",\"dateModified\":\"2010-10-10T17:33:33+00:00\",\"breadcrumb\":{\"@id\":\"https:\/\/www.schymik.de\/wordpress\/uber-den-wolken\/#breadcrumb\"},\"inLanguage\":\"de\",\"potentialAction\":[{\"@type\":\"ReadAction\",\"target\":[\"https:\/\/www.schymik.de\/wordpress\/uber-den-wolken\/\"]}]},{\"@type\":\"BreadcrumbList\",\"@id\":\"https:\/\/www.schymik.de\/wordpress\/uber-den-wolken\/#breadcrumb\",\"itemListElement\":[{\"@type\":\"ListItem\",\"position\":1,\"name\":\"Startseite\",\"item\":\"https:\/\/www.schymik.de\/wordpress\/\"},{\"@type\":\"ListItem\",\"position\":2,\"name\":\"\u00dcber den Wolken\"}]},{\"@type\":\"WebSite\",\"@id\":\"https:\/\/www.schymik.de\/wordpress\/#website\",\"url\":\"https:\/\/www.schymik.de\/wordpress\/\",\"name\":\"Transalp Homepage\",\"description\":\"Alles rund ums Mountainbike, Alpencross und Bikebergsteigen\",\"publisher\":{\"@id\":\"https:\/\/www.schymik.de\/wordpress\/#\/schema\/person\/f4792950b1a3875a57d4fc2380f11e22\"},\"potentialAction\":[{\"@type\":\"SearchAction\",\"target\":{\"@type\":\"EntryPoint\",\"urlTemplate\":\"https:\/\/www.schymik.de\/wordpress\/?s={search_term_string}\"},\"query-input\":\"required name=search_term_string\"}],\"inLanguage\":\"de\"},{\"@type\":[\"Person\",\"Organization\"],\"@id\":\"https:\/\/www.schymik.de\/wordpress\/#\/schema\/person\/f4792950b1a3875a57d4fc2380f11e22\",\"name\":\"Carsten\",\"image\":{\"@type\":\"ImageObject\",\"inLanguage\":\"de\",\"@id\":\"https:\/\/www.schymik.de\/wordpress\/#\/schema\/person\/image\/\",\"url\":\"https:\/\/www.schymik.de\/wordpress\/wp-content\/Schymik-Carsten-51x51cm.jpg\",\"contentUrl\":\"https:\/\/www.schymik.de\/wordpress\/wp-content\/Schymik-Carsten-51x51cm.jpg\",\"width\":1530,\"height\":1530,\"caption\":\"Carsten\"},\"logo\":{\"@id\":\"https:\/\/www.schymik.de\/wordpress\/#\/schema\/person\/image\/\"},\"sameAs\":[\"http:\/\/www.schymik.de\",\"https:\/\/www.facebook.com\/carsten.schymik\",\"https:\/\/www.instagram.com\/carstenschymik\/\",\"https:\/\/www.youtube.com\/@CarstenSchymik\"]}]}<\/script>\n<!-- \/ Yoast SEO plugin. -->","yoast_head_json":{"title":"\u00dcber den Wolken - Transalp Homepage","robots":{"index":"index","follow":"follow","max-snippet":"max-snippet:-1","max-image-preview":"max-image-preview:large","max-video-preview":"max-video-preview:-1"},"canonical":"https:\/\/www.schymik.de\/wordpress\/uber-den-wolken\/","og_locale":"de_DE","og_type":"article","og_title":"\u00dcber den Wolken - Transalp Homepage","og_description":"&#8230;muss die Freiheit wohl grenzenlos sein. Das haben wir uns heute auch gedacht, also nix wie auf die Autobahn und ab ins Allg\u00e4u. Michael hat auf einer Tour im Sommer diesen Spitzkehrentrail am Hang entdeckt, der Weg dorthin f\u00fchrt \u00fcber einen Gipfel. Und um den zu erreichen m\u00fcssen wir erst einmal 300 H\u00f6henmeter hoch fahren, [&hellip;]","og_url":"https:\/\/www.schymik.de\/wordpress\/uber-den-wolken\/","og_site_name":"Transalp Homepage","article_publisher":"https:\/\/www.facebook.com\/carsten.schymik","article_author":"https:\/\/www.facebook.com\/carsten.schymik","article_published_time":"2010-10-09T19:54:43+00:00","article_modified_time":"2010-10-10T17:33:33+00:00","og_image":[{"url":"http:\/\/fstatic1.mtb-news.de\/img\/photos\/1\/5\/_\/large\/P1140394.jpg"}],"author":"Carsten","twitter_card":"summary_large_image","twitter_misc":{"Verfasst von":"Carsten","Gesch\u00e4tzte Lesezeit":"2\u00a0Minuten"},"schema":{"@context":"https:\/\/schema.org","@graph":[{"@type":"Article","@id":"https:\/\/www.schymik.de\/wordpress\/uber-den-wolken\/#article","isPartOf":{"@id":"https:\/\/www.schymik.de\/wordpress\/uber-den-wolken\/"},"author":{"name":"Carsten","@id":"https:\/\/www.schymik.de\/wordpress\/#\/schema\/person\/f4792950b1a3875a57d4fc2380f11e22"},"headline":"\u00dcber den Wolken","datePublished":"2010-10-09T19:54:43+00:00","dateModified":"2010-10-10T17:33:33+00:00","mainEntityOfPage":{"@id":"https:\/\/www.schymik.de\/wordpress\/uber-den-wolken\/"},"wordCount":405,"commentCount":0,"publisher":{"@id":"https:\/\/www.schymik.de\/wordpress\/#\/schema\/person\/f4792950b1a3875a57d4fc2380f11e22"},"keywords":["Bikebergsteigen"],"articleSection":["Bike-Tagebuch"],"inLanguage":"de","potentialAction":[{"@type":"CommentAction","name":"Comment","target":["https:\/\/www.schymik.de\/wordpress\/uber-den-wolken\/#respond"]}]},{"@type":"WebPage","@id":"https:\/\/www.schymik.de\/wordpress\/uber-den-wolken\/","url":"https:\/\/www.schymik.de\/wordpress\/uber-den-wolken\/","name":"\u00dcber den Wolken - Transalp Homepage","isPartOf":{"@id":"https:\/\/www.schymik.de\/wordpress\/#website"},"datePublished":"2010-10-09T19:54:43+00:00","dateModified":"2010-10-10T17:33:33+00:00","breadcrumb":{"@id":"https:\/\/www.schymik.de\/wordpress\/uber-den-wolken\/#breadcrumb"},"inLanguage":"de","potentialAction":[{"@type":"ReadAction","target":["https:\/\/www.schymik.de\/wordpress\/uber-den-wolken\/"]}]},{"@type":"BreadcrumbList","@id":"https:\/\/www.schymik.de\/wordpress\/uber-den-wolken\/#breadcrumb","itemListElement":[{"@type":"ListItem","position":1,"name":"Startseite","item":"https:\/\/www.schymik.de\/wordpress\/"},{"@type":"ListItem","position":2,"name":"\u00dcber den Wolken"}]},{"@type":"WebSite","@id":"https:\/\/www.schymik.de\/wordpress\/#website","url":"https:\/\/www.schymik.de\/wordpress\/","name":"Transalp Homepage","description":"Alles rund ums Mountainbike, Alpencross und Bikebergsteigen","publisher":{"@id":"https:\/\/www.schymik.de\/wordpress\/#\/schema\/person\/f4792950b1a3875a57d4fc2380f11e22"},"potentialAction":[{"@type":"SearchAction","target":{"@type":"EntryPoint","urlTemplate":"https:\/\/www.schymik.de\/wordpress\/?s={search_term_string}"},"query-input":"required name=search_term_string"}],"inLanguage":"de"},{"@type":["Person","Organization"],"@id":"https:\/\/www.schymik.de\/wordpress\/#\/schema\/person\/f4792950b1a3875a57d4fc2380f11e22","name":"Carsten","image":{"@type":"ImageObject","inLanguage":"de","@id":"https:\/\/www.schymik.de\/wordpress\/#\/schema\/person\/image\/","url":"https:\/\/www.schymik.de\/wordpress\/wp-content\/Schymik-Carsten-51x51cm.jpg","contentUrl":"https:\/\/www.schymik.de\/wordpress\/wp-content\/Schymik-Carsten-51x51cm.jpg","width":1530,"height":1530,"caption":"Carsten"},"logo":{"@id":"https:\/\/www.schymik.de\/wordpress\/#\/schema\/person\/image\/"},"sameAs":["http:\/\/www.schymik.de","https:\/\/www.facebook.com\/carsten.schymik","https:\/\/www.instagram.com\/carstenschymik\/","https:\/\/www.youtube.com\/@CarstenSchymik"]}]}},"_links":{"self":[{"href":"https:\/\/www.schymik.de\/wordpress\/wp-json\/wp\/v2\/posts\/1271"}],"collection":[{"href":"https:\/\/www.schymik.de\/wordpress\/wp-json\/wp\/v2\/posts"}],"about":[{"href":"https:\/\/www.schymik.de\/wordpress\/wp-json\/wp\/v2\/types\/post"}],"author":[{"embeddable":true,"href":"https:\/\/www.schymik.de\/wordpress\/wp-json\/wp\/v2\/users\/1"}],"replies":[{"embeddable":true,"href":"https:\/\/www.schymik.de\/wordpress\/wp-json\/wp\/v2\/comments?post=1271"}],"version-history":[{"count":8,"href":"https:\/\/www.schymik.de\/wordpress\/wp-json\/wp\/v2\/posts\/1271\/revisions"}],"predecessor-version":[{"id":1273,"href":"https:\/\/www.schymik.de\/wordpress\/wp-json\/wp\/v2\/posts\/1271\/revisions\/1273"}],"wp:attachment":[{"href":"https:\/\/www.schymik.de\/wordpress\/wp-json\/wp\/v2\/media?parent=1271"}],"wp:term":[{"taxonomy":"category","embeddable":true,"href":"https:\/\/www.schymik.de\/wordpress\/wp-json\/wp\/v2\/categories?post=1271"},{"taxonomy":"post_tag","embeddable":true,"href":"https:\/\/www.schymik.de\/wordpress\/wp-json\/wp\/v2\/tags?post=1271"}],"curies":[{"name":"wp","href":"https:\/\/api.w.org\/{rel}","templated":true}]}}