{"id":1341,"date":"2010-12-20T20:09:07","date_gmt":"2010-12-20T19:09:07","guid":{"rendered":"http:\/\/www.schymik.de\/wordpress\/?p=1341"},"modified":"2012-02-25T10:36:50","modified_gmt":"2012-02-25T09:36:50","slug":"neues-licht-im-winterwald","status":"publish","type":"post","link":"https:\/\/www.schymik.de\/wordpress\/neues-licht-im-winterwald\/","title":{"rendered":"neues Licht im Winterwald"},"content":{"rendered":"<figure style=\"width: 431px\" class=\"wp-caption aligncenter\"><a href=\"http:\/\/fstatic1.mtb-news.de\/img\/photos\/1\/5\/_\/original\/nightride.jpg\"><img decoding=\"async\" loading=\"lazy\" src=\"http:\/\/fstatic1.mtb-news.de\/img\/photos\/1\/5\/_\/original\/nightride.jpg\" alt=\"\" width=\"431\" height=\"291\" \/><\/a><figcaption class=\"wp-caption-text\">MyTinySun Winteraction<\/figcaption><\/figure>\n<figure style=\"width: 190px\" class=\"wp-caption alignleft\"><a href=\"http:\/\/mytinysun.de\/.media\/814698815329.png\"><img decoding=\"async\" loading=\"lazy\" class=\" \" src=\"http:\/\/mytinysun.de\/.media\/814698815329.png\" alt=\"\" width=\"190\" height=\"190\" \/><\/a><figcaption class=\"wp-caption-text\">Pro 900 X<\/figcaption><\/figure>\n<p>P\u00fcnktlich zur dunklen Jahreszeit, hat die innovative deutsche Firma MyTinySun neue und leistungsstarke Lampen auf den Markt gebracht.<br \/>\nDie Lampen <strong>PRO 900 Open Light Edt<\/strong>., <strong>SPORT 900X<\/strong> und <strong>PRO 900X<\/strong> ersetzen nun die bereits aus dem Vorjahr bekannte Lampengeneration der SPORT 900 und PRO 900. Zus\u00e4tzlich ist das Einsteigermodell START 900 erh\u00e4ltlich.<\/p>\n<p>Folgende wesentliche Neuerungen wurden eingef\u00fchrt: Akkus der Firma Open Light Systems, neue Kabel und Steckverbinder, neue Elektronik und ein erweiterter Lieferumfang. Bei den Akkupacks ist hier weniger die Qualit\u00e4t des Packs und der Akku-Elektronik wichtig, diese kommen von BMZ und sind eh erste G\u00fcte, sondern die druckwasserdichte Ausf\u00fchrung. Einige m\u00f6gen das f\u00fcr \u00fcbertrieben halten,aber die Erfahrung hat gezeigt, dass die &#8220;nur IP64&#8221; Spritzwasserdichtigkeit in der Praxis nicht ausreicht, da es durchaus vorkommt, dass nach der Nutzung z.B.\u00a0 im Regen die Akkupacks vom Nutzer nicht vollst\u00e4ndig getrocknet werden. Dann wird aus Spritzwasser stehendes Wasser und dieses kann speziell im Wiederholungsfall in kleinsten Mengen in den Akkupack wandern und Sch\u00e4den verursachen.<br \/>\nSprich hier ist eher mangelnde Hege und Pflege die Ursache. Obwohl das Problem nur in Einzelf\u00e4llen aufgetreten ist, hat MyTinySun hier einen deutliche Verbesserung in Punkto Qualit\u00e4t erzielen k\u00f6nnen.<\/p>\n<p>Dar\u00fcber hinaus sind \u00fcberarbeitete Lenkerhalterungen sowie andere Steckverbinder an Lampe und Akku zu nennen. Zudem sind die Lampen nun auch noch in weiteren Farben erh\u00e4ltlich.<\/p>\n<figure style=\"width: 190px\" class=\"wp-caption alignleft\"><a href=\"http:\/\/mytinysun.de\/.media\/114771878560.png\"><img decoding=\"async\" loading=\"lazy\" class=\" \" src=\"http:\/\/mytinysun.de\/.media\/114771878560.png\" alt=\"\" width=\"190\" height=\"190\" \/><\/a><figcaption class=\"wp-caption-text\">Sport 900 X<\/figcaption><\/figure>\n<p>\u00c4u\u00dferlich wird auf bew\u00e4hrte Technik gesetzt. Reflektoren, Frontscheibe und das aufwendig gefertigte CNC Geh\u00e4use bleiben unver\u00e4ndert.<\/p>\n<p>Die Lampen unterscheiden sich in erster Linie bei den mitgelieferten Akkus, Steckverbindern und Elektronikfunktionen. Je h\u00f6herwertiger die Lampe, desto gr\u00f6\u00dfer die Akkukapazit\u00e4t.<\/p>\n<p>Ansonsten stehen bei allen Lampen mehrere Dimm-Modi zur Verf\u00fcgung, mit dem die Leuchtkraft individuell an die Streckenverh\u00e4ltnisse und die Geschwindigkeit angepasst werden kann.<\/p>\n<p>Speziell die Elektronik kommt mit Funktionalit\u00e4ten die es in dieser Form noch nicht gibt und zudem wie die mechanische Konstruktion auch wieder einen Upgradepfad erm\u00f6glicht.<\/p>\n<p>Kleiner Auszug der 2010-er Elektronik Highlights:<\/p>\n<ul>\n<li>Lineare Regelung anstatt PWM, das bedeutet weniger St\u00f6rungen, kein Stroboskopeffekt, Flackern etc.<\/li>\n<li>H\u00f6here Effizienz von \u00fcber 90%, sprich besser Nutzung der Akkuleistung, hei\u00dft l\u00e4ngere Laufzeit.<\/li>\n<li>EMV optimiert, sprich noch weniger St\u00f6raussendung, deutlich unter dem Normwert, das bedeutet noch weniger St\u00f6rung auch empfindlicher Radcomputer.<\/li>\n<li>Gr\u00f6\u00dferer Prozessor und Speicher, z.B. kann dadurch bei der <strong>PRO 900X<\/strong>, anstatt aus bisher 2, jetzt aus 6 Presets ausgew\u00e4hlt werden.<\/li>\n<li>Kommunikationsschnittstelle, dadurch k\u00f6nnen einzelne oder mehrere Leuchten im Verbund von aussen gesteuert oder programmiert werden<\/li>\n<li>Diese Schnittstelle erm\u00f6glicht auch die Steuerung der Leuchten durch Sensoren (Helligkeit, Lage, Beschleunigung) wie sie z.B. in der 4 Tastenfernsteuerung verbaut werden.<\/li>\n<\/ul>\n<figure style=\"width: 175px\" class=\"wp-caption alignleft\"><a href=\"http:\/\/mytinysun.de\/online\/templatemedia\/all_lang\/tinc?key=wJDhxEAw&amp;id=32&amp;size=l\"><img decoding=\"async\" loading=\"lazy\" class=\" \" src=\"http:\/\/mytinysun.de\/online\/templatemedia\/all_lang\/tinc?key=wJDhxEAw&amp;id=32&amp;size=l\" alt=\"\" width=\"175\" height=\"200\" \/><\/a><figcaption class=\"wp-caption-text\">PRO 900 OLE<\/figcaption><\/figure>\n<p>Aus dem Vorjahr schon bekannt und bew\u00e4hrt ist die PRO 900. Diese gibt es nun als\u00a0 <strong>PRO 900 Open Light Edition<\/strong>. Diese ist mit dem gro\u00dfen Akkupack ausgestattet und prim\u00e4r f\u00fcr den Einsatz auf dem Helm vorgesehen ist. Zudem konnten MyTinySun mit dieser Lampe den BIKE Leuchtentest mit dem Doppelsieg Gesamturteil &#8220;Super&#8221; und &#8220;Tipp: Preis\/Leistung&#8221; gewinnen.<\/p>\n<p>Ich selber fahre mit diese Lampe fast t\u00e4glich und kann diesen Testsieg durch eigen Erfahrungen nur best\u00e4tigen. Licht und Ausleuchtung auf h\u00f6chsten Niveau.<\/p>\n<figure style=\"width: 175px\" class=\"wp-caption alignleft\"><a href=\"http:\/\/mytinysun.de\/online\/templatemedia\/all_lang\/resources\/START900.jpg\"><img decoding=\"async\" loading=\"lazy\" src=\"http:\/\/mytinysun.de\/online\/templatemedia\/all_lang\/resources\/START900.jpg\" alt=\"\" width=\"175\" height=\"199\" \/><\/a><figcaption class=\"wp-caption-text\">Start 900<\/figcaption><\/figure>\n<p>Mit der <strong>Start 900<\/strong> beitet MyTinySun nun auch ein g\u00fcnstiges Einsteigermodell an. Dabei handelt es sich nicht um eine komplett entwickelte und gefertigte Leuchte &#8220;Made in Germany&#8221;.<br \/>\nDeshalb ist diese von den Funktionen, der Ausstattung, der Robustheit, der Qualit\u00e4t und den Serviceleistungen her eingeschr\u00e4nkt und kann nicht ganz mit den eigenen Leuchten von MyTinySun mithalten. Desweiteren ist die START 900 nicht upgradef\u00e4hig und aus den Upgrade und Trade-In Angeboten ausgeschlossen.<br \/>\nEinzige echte Gemeinsamkeit ist die LED und damit die (fast) gleiche Helligkeit und somit f\u00fcr Kunden gedacht, welche haupts\u00e4chlich Lichtleistung gegen Preis abw\u00e4gen.<br \/>\nDiese haben jetzt, unter Ber\u00fccksichtigung der vorgenannten Abstriche, die M\u00f6glichkeit, eine sehr helle Leuchte zu erwerben und das ohne sich dem Risiko eines direkt, oder grau importierten, Chinakaufs auszusetzen.<\/p>\n<p>Mit den leistungsstarken und technisch ausgereiften Leuchten von MyTinySun steht einem regelm\u00e4\u00dfigen Training in den dunklen Morgen- oder Abendstunden nichts mehr im Wege. Gerade in der Gruppe macht das Fahren mit den hellen und guten Lampen von MyTinySun besonders viel Spa\u00df. Und auch der t\u00e4gliche Weg zur Arbeit kann dank der leichten und hellen Lampen das ganze Jahr mit dem Bike bew\u00e4ltigt werden.<\/p>\n<p><strong>Warum eine Lampe von MyTinySun?<\/strong><\/p>\n<p>MyTinySun ist eine Lampe aus Deutschland. Mit einer Firma, die erreichbar ist, falls es doch mal unerwartet Probleme geben sollte. Eine kompetente Beratung am Telefon oder per email schnell ist erreichbar. Und das zu einem Preis, der mehr als fair ist. Hier bekommt man ein erstklassiges Top-Produkt und kein billiges Plagiat aus Fernost.<\/p>\n<p><strong>Wie geht es weiter?<\/strong><\/p>\n<p>Auch in Zukunft wird die Entwicklung bei MyTinySun weiter gehen. Hier einige Pl\u00e4ne:<\/p>\n<ul>\n<li>Weiteres Zubeh\u00f6r, z..B. verschiedene Halter f\u00fcr unterschiedliche Einsatzgebiete<\/li>\n<li>Verschiedene Fernsteuerungen mit 1 -4 Tasten<\/li>\n<li>solSLight 900 Miniatur Stirnlampe<\/li>\n<li>StVZO zulassungsf\u00e4hige Version f\u00fcr solsLight 900 Serie<\/li>\n<li>solSLight 2?00 Serie<\/li>\n<li>solSDive 2?00 Serie<\/li>\n<\/ul>\n<p><strong>Produktdatenbl\u00e4tter:<\/strong><\/p>\n<p><a title=\"Start 900\" href=\"http:\/\/mytinysun.de\/shop\/page\/4?shop_param=\" target=\"_blank\">START900<\/a> das g\u00fcnstige Importmodell<\/p>\n<p><a title=\"Sport  900 X\" href=\"http:\/\/mytinysun.de\/shop\/page\/10?shop_param=\" target=\"_blank\"> SPORT900X<\/a> der Allrounder<\/p>\n<p>&nbsp;<\/p>\n<p><a title=\"Pro 900 OLE\" href=\"http:\/\/mytinysun.de\/shop\/page\/8?shop_param=\" target=\"_blank\">PRO900 OLE<\/a> der Testsieger<\/p>\n<p><a title=\"Pro 900 X\" href=\"http:\/\/mytinysun.de\/shop\/page\/9?shop_param=\" target=\"_blank\">PRO900X <\/a> dasTopmodell<\/p>\n<p><strong>Testbericht: <\/strong><\/p>\n<p>Mein\u00a0<a title=\"Testbericht\" href=\"http:\/\/www.schymik.de\/wordpress\/?p=558\">Praxistest<\/a> vom letzten Jahr.<\/p>\n<p><strong>Links:<\/strong><\/p>\n<p>weitere Infos auf der Webseite von <a title=\"mytinysun\" href=\"http:\/\/mytinysun.de\" target=\"_blank\">MyTinySun<\/a><\/p>\n<p>technische Details im Produktvergleich von\u00a0 <a title=\"Produktverbleich\" href=\"http:\/\/mytinysun.de\/shop\/page\/22?shop_param=\" target=\"_blank\">MyTinySun<\/a><\/p>\n<p>Link zum Akkuhersteller <a title=\"open-light\" href=\"http:\/\/www.open-light.de\/\" target=\"_blank\">Open Light Systems<\/a><\/p>\n<div id=\"_mcePaste\" style=\"position: absolute; left: -10000px; top: 432px; width: 1px; height: 1px; overflow: hidden;\">\n<pre>die \"PRO 900 Open Light Edt.\" zumindest erw\u00e4hnen k\u00f6nntest, da diese zum einen mit dem gro\u00dfen Akkupack ausgestattet und prim\u00e4r f\u00fcr den Einsatz auf dem Helm vorgesehen ist. Zudem konnten wir mit ihr den BIKE Leuchtentest ja mit dem Doppelsieg Gesamturteil \"Super\" und \"Tipp: Preis\/Leistung\" gewinnen<\/pre>\n<\/div>\n","protected":false},"excerpt":{"rendered":"<p>P\u00fcnktlich zur dunklen Jahreszeit, hat die innovative deutsche Firma MyTinySun neue und leistungsstarke Lampen auf den Markt gebracht. Die Lampen PRO 900 Open Light Edt., SPORT 900X und PRO 900X ersetzen nun die bereits aus dem Vorjahr bekannte Lampengeneration der SPORT 900 und PRO 900. Zus\u00e4tzlich ist das Einsteigermodell START 900 erh\u00e4ltlich. Folgende wesentliche Neuerungen [&hellip;]<\/p>\n","protected":false},"author":1,"featured_media":0,"comment_status":"open","ping_status":"open","sticky":false,"template":"","format":"standard","meta":[],"categories":[7],"tags":[32],"yoast_head":"<!-- This site is optimized with the Yoast SEO plugin v21.0 - https:\/\/yoast.com\/wordpress\/plugins\/seo\/ -->\n<title>neues Licht im Winterwald - Transalp Homepage<\/title>\n<meta name=\"robots\" content=\"index, follow, max-snippet:-1, max-image-preview:large, max-video-preview:-1\" \/>\n<link rel=\"canonical\" href=\"https:\/\/www.schymik.de\/wordpress\/neues-licht-im-winterwald\/\" \/>\n<meta property=\"og:locale\" content=\"de_DE\" \/>\n<meta property=\"og:type\" content=\"article\" \/>\n<meta property=\"og:title\" content=\"neues Licht im Winterwald - Transalp Homepage\" \/>\n<meta property=\"og:description\" content=\"P\u00fcnktlich zur dunklen Jahreszeit, hat die innovative deutsche Firma MyTinySun neue und leistungsstarke Lampen auf den Markt gebracht. Die Lampen PRO 900 Open Light Edt., SPORT 900X und PRO 900X ersetzen nun die bereits aus dem Vorjahr bekannte Lampengeneration der SPORT 900 und PRO 900. Zus\u00e4tzlich ist das Einsteigermodell START 900 erh\u00e4ltlich. Folgende wesentliche Neuerungen [&hellip;]\" \/>\n<meta property=\"og:url\" content=\"https:\/\/www.schymik.de\/wordpress\/neues-licht-im-winterwald\/\" \/>\n<meta property=\"og:site_name\" content=\"Transalp Homepage\" \/>\n<meta property=\"article:publisher\" content=\"https:\/\/www.facebook.com\/carsten.schymik\" \/>\n<meta property=\"article:author\" content=\"https:\/\/www.facebook.com\/carsten.schymik\" \/>\n<meta property=\"article:published_time\" content=\"2010-12-20T19:09:07+00:00\" \/>\n<meta property=\"article:modified_time\" content=\"2012-02-25T09:36:50+00:00\" \/>\n<meta property=\"og:image\" content=\"http:\/\/fstatic1.mtb-news.de\/img\/photos\/1\/5\/_\/original\/nightride.jpg\" \/>\n<meta name=\"author\" content=\"Carsten\" \/>\n<meta name=\"twitter:card\" content=\"summary_large_image\" \/>\n<meta name=\"twitter:label1\" content=\"Verfasst von\" \/>\n\t<meta name=\"twitter:data1\" content=\"Carsten\" \/>\n\t<meta name=\"twitter:label2\" content=\"Gesch\u00e4tzte Lesezeit\" \/>\n\t<meta name=\"twitter:data2\" content=\"5\u00a0Minuten\" \/>\n<script type=\"application\/ld+json\" class=\"yoast-schema-graph\">{\"@context\":\"https:\/\/schema.org\",\"@graph\":[{\"@type\":\"Article\",\"@id\":\"https:\/\/www.schymik.de\/wordpress\/neues-licht-im-winterwald\/#article\",\"isPartOf\":{\"@id\":\"https:\/\/www.schymik.de\/wordpress\/neues-licht-im-winterwald\/\"},\"author\":{\"name\":\"Carsten\",\"@id\":\"https:\/\/www.schymik.de\/wordpress\/#\/schema\/person\/f4792950b1a3875a57d4fc2380f11e22\"},\"headline\":\"neues Licht im Winterwald\",\"datePublished\":\"2010-12-20T19:09:07+00:00\",\"dateModified\":\"2012-02-25T09:36:50+00:00\",\"mainEntityOfPage\":{\"@id\":\"https:\/\/www.schymik.de\/wordpress\/neues-licht-im-winterwald\/\"},\"wordCount\":921,\"commentCount\":0,\"publisher\":{\"@id\":\"https:\/\/www.schymik.de\/wordpress\/#\/schema\/person\/f4792950b1a3875a57d4fc2380f11e22\"},\"keywords\":[\"Licht\"],\"articleSection\":[\"Produkttests\"],\"inLanguage\":\"de\",\"potentialAction\":[{\"@type\":\"CommentAction\",\"name\":\"Comment\",\"target\":[\"https:\/\/www.schymik.de\/wordpress\/neues-licht-im-winterwald\/#respond\"]}]},{\"@type\":\"WebPage\",\"@id\":\"https:\/\/www.schymik.de\/wordpress\/neues-licht-im-winterwald\/\",\"url\":\"https:\/\/www.schymik.de\/wordpress\/neues-licht-im-winterwald\/\",\"name\":\"neues Licht im Winterwald - Transalp Homepage\",\"isPartOf\":{\"@id\":\"https:\/\/www.schymik.de\/wordpress\/#website\"},\"datePublished\":\"2010-12-20T19:09:07+00:00\",\"dateModified\":\"2012-02-25T09:36:50+00:00\",\"breadcrumb\":{\"@id\":\"https:\/\/www.schymik.de\/wordpress\/neues-licht-im-winterwald\/#breadcrumb\"},\"inLanguage\":\"de\",\"potentialAction\":[{\"@type\":\"ReadAction\",\"target\":[\"https:\/\/www.schymik.de\/wordpress\/neues-licht-im-winterwald\/\"]}]},{\"@type\":\"BreadcrumbList\",\"@id\":\"https:\/\/www.schymik.de\/wordpress\/neues-licht-im-winterwald\/#breadcrumb\",\"itemListElement\":[{\"@type\":\"ListItem\",\"position\":1,\"name\":\"Startseite\",\"item\":\"https:\/\/www.schymik.de\/wordpress\/\"},{\"@type\":\"ListItem\",\"position\":2,\"name\":\"neues Licht im Winterwald\"}]},{\"@type\":\"WebSite\",\"@id\":\"https:\/\/www.schymik.de\/wordpress\/#website\",\"url\":\"https:\/\/www.schymik.de\/wordpress\/\",\"name\":\"Transalp Homepage\",\"description\":\"Alles rund ums Mountainbike, Alpencross und Bikebergsteigen\",\"publisher\":{\"@id\":\"https:\/\/www.schymik.de\/wordpress\/#\/schema\/person\/f4792950b1a3875a57d4fc2380f11e22\"},\"potentialAction\":[{\"@type\":\"SearchAction\",\"target\":{\"@type\":\"EntryPoint\",\"urlTemplate\":\"https:\/\/www.schymik.de\/wordpress\/?s={search_term_string}\"},\"query-input\":\"required name=search_term_string\"}],\"inLanguage\":\"de\"},{\"@type\":[\"Person\",\"Organization\"],\"@id\":\"https:\/\/www.schymik.de\/wordpress\/#\/schema\/person\/f4792950b1a3875a57d4fc2380f11e22\",\"name\":\"Carsten\",\"image\":{\"@type\":\"ImageObject\",\"inLanguage\":\"de\",\"@id\":\"https:\/\/www.schymik.de\/wordpress\/#\/schema\/person\/image\/\",\"url\":\"https:\/\/www.schymik.de\/wordpress\/wp-content\/Schymik-Carsten-51x51cm.jpg\",\"contentUrl\":\"https:\/\/www.schymik.de\/wordpress\/wp-content\/Schymik-Carsten-51x51cm.jpg\",\"width\":1530,\"height\":1530,\"caption\":\"Carsten\"},\"logo\":{\"@id\":\"https:\/\/www.schymik.de\/wordpress\/#\/schema\/person\/image\/\"},\"sameAs\":[\"http:\/\/www.schymik.de\",\"https:\/\/www.facebook.com\/carsten.schymik\",\"https:\/\/www.instagram.com\/carstenschymik\/\",\"https:\/\/www.youtube.com\/@CarstenSchymik\"]}]}<\/script>\n<!-- \/ Yoast SEO plugin. -->","yoast_head_json":{"title":"neues Licht im Winterwald - Transalp Homepage","robots":{"index":"index","follow":"follow","max-snippet":"max-snippet:-1","max-image-preview":"max-image-preview:large","max-video-preview":"max-video-preview:-1"},"canonical":"https:\/\/www.schymik.de\/wordpress\/neues-licht-im-winterwald\/","og_locale":"de_DE","og_type":"article","og_title":"neues Licht im Winterwald - Transalp Homepage","og_description":"P\u00fcnktlich zur dunklen Jahreszeit, hat die innovative deutsche Firma MyTinySun neue und leistungsstarke Lampen auf den Markt gebracht. Die Lampen PRO 900 Open Light Edt., SPORT 900X und PRO 900X ersetzen nun die bereits aus dem Vorjahr bekannte Lampengeneration der SPORT 900 und PRO 900. Zus\u00e4tzlich ist das Einsteigermodell START 900 erh\u00e4ltlich. Folgende wesentliche Neuerungen [&hellip;]","og_url":"https:\/\/www.schymik.de\/wordpress\/neues-licht-im-winterwald\/","og_site_name":"Transalp Homepage","article_publisher":"https:\/\/www.facebook.com\/carsten.schymik","article_author":"https:\/\/www.facebook.com\/carsten.schymik","article_published_time":"2010-12-20T19:09:07+00:00","article_modified_time":"2012-02-25T09:36:50+00:00","og_image":[{"url":"http:\/\/fstatic1.mtb-news.de\/img\/photos\/1\/5\/_\/original\/nightride.jpg"}],"author":"Carsten","twitter_card":"summary_large_image","twitter_misc":{"Verfasst von":"Carsten","Gesch\u00e4tzte Lesezeit":"5\u00a0Minuten"},"schema":{"@context":"https:\/\/schema.org","@graph":[{"@type":"Article","@id":"https:\/\/www.schymik.de\/wordpress\/neues-licht-im-winterwald\/#article","isPartOf":{"@id":"https:\/\/www.schymik.de\/wordpress\/neues-licht-im-winterwald\/"},"author":{"name":"Carsten","@id":"https:\/\/www.schymik.de\/wordpress\/#\/schema\/person\/f4792950b1a3875a57d4fc2380f11e22"},"headline":"neues Licht im Winterwald","datePublished":"2010-12-20T19:09:07+00:00","dateModified":"2012-02-25T09:36:50+00:00","mainEntityOfPage":{"@id":"https:\/\/www.schymik.de\/wordpress\/neues-licht-im-winterwald\/"},"wordCount":921,"commentCount":0,"publisher":{"@id":"https:\/\/www.schymik.de\/wordpress\/#\/schema\/person\/f4792950b1a3875a57d4fc2380f11e22"},"keywords":["Licht"],"articleSection":["Produkttests"],"inLanguage":"de","potentialAction":[{"@type":"CommentAction","name":"Comment","target":["https:\/\/www.schymik.de\/wordpress\/neues-licht-im-winterwald\/#respond"]}]},{"@type":"WebPage","@id":"https:\/\/www.schymik.de\/wordpress\/neues-licht-im-winterwald\/","url":"https:\/\/www.schymik.de\/wordpress\/neues-licht-im-winterwald\/","name":"neues Licht im Winterwald - Transalp Homepage","isPartOf":{"@id":"https:\/\/www.schymik.de\/wordpress\/#website"},"datePublished":"2010-12-20T19:09:07+00:00","dateModified":"2012-02-25T09:36:50+00:00","breadcrumb":{"@id":"https:\/\/www.schymik.de\/wordpress\/neues-licht-im-winterwald\/#breadcrumb"},"inLanguage":"de","potentialAction":[{"@type":"ReadAction","target":["https:\/\/www.schymik.de\/wordpress\/neues-licht-im-winterwald\/"]}]},{"@type":"BreadcrumbList","@id":"https:\/\/www.schymik.de\/wordpress\/neues-licht-im-winterwald\/#breadcrumb","itemListElement":[{"@type":"ListItem","position":1,"name":"Startseite","item":"https:\/\/www.schymik.de\/wordpress\/"},{"@type":"ListItem","position":2,"name":"neues Licht im Winterwald"}]},{"@type":"WebSite","@id":"https:\/\/www.schymik.de\/wordpress\/#website","url":"https:\/\/www.schymik.de\/wordpress\/","name":"Transalp Homepage","description":"Alles rund ums Mountainbike, Alpencross und Bikebergsteigen","publisher":{"@id":"https:\/\/www.schymik.de\/wordpress\/#\/schema\/person\/f4792950b1a3875a57d4fc2380f11e22"},"potentialAction":[{"@type":"SearchAction","target":{"@type":"EntryPoint","urlTemplate":"https:\/\/www.schymik.de\/wordpress\/?s={search_term_string}"},"query-input":"required name=search_term_string"}],"inLanguage":"de"},{"@type":["Person","Organization"],"@id":"https:\/\/www.schymik.de\/wordpress\/#\/schema\/person\/f4792950b1a3875a57d4fc2380f11e22","name":"Carsten","image":{"@type":"ImageObject","inLanguage":"de","@id":"https:\/\/www.schymik.de\/wordpress\/#\/schema\/person\/image\/","url":"https:\/\/www.schymik.de\/wordpress\/wp-content\/Schymik-Carsten-51x51cm.jpg","contentUrl":"https:\/\/www.schymik.de\/wordpress\/wp-content\/Schymik-Carsten-51x51cm.jpg","width":1530,"height":1530,"caption":"Carsten"},"logo":{"@id":"https:\/\/www.schymik.de\/wordpress\/#\/schema\/person\/image\/"},"sameAs":["http:\/\/www.schymik.de","https:\/\/www.facebook.com\/carsten.schymik","https:\/\/www.instagram.com\/carstenschymik\/","https:\/\/www.youtube.com\/@CarstenSchymik"]}]}},"_links":{"self":[{"href":"https:\/\/www.schymik.de\/wordpress\/wp-json\/wp\/v2\/posts\/1341"}],"collection":[{"href":"https:\/\/www.schymik.de\/wordpress\/wp-json\/wp\/v2\/posts"}],"about":[{"href":"https:\/\/www.schymik.de\/wordpress\/wp-json\/wp\/v2\/types\/post"}],"author":[{"embeddable":true,"href":"https:\/\/www.schymik.de\/wordpress\/wp-json\/wp\/v2\/users\/1"}],"replies":[{"embeddable":true,"href":"https:\/\/www.schymik.de\/wordpress\/wp-json\/wp\/v2\/comments?post=1341"}],"version-history":[{"count":18,"href":"https:\/\/www.schymik.de\/wordpress\/wp-json\/wp\/v2\/posts\/1341\/revisions"}],"predecessor-version":[{"id":1922,"href":"https:\/\/www.schymik.de\/wordpress\/wp-json\/wp\/v2\/posts\/1341\/revisions\/1922"}],"wp:attachment":[{"href":"https:\/\/www.schymik.de\/wordpress\/wp-json\/wp\/v2\/media?parent=1341"}],"wp:term":[{"taxonomy":"category","embeddable":true,"href":"https:\/\/www.schymik.de\/wordpress\/wp-json\/wp\/v2\/categories?post=1341"},{"taxonomy":"post_tag","embeddable":true,"href":"https:\/\/www.schymik.de\/wordpress\/wp-json\/wp\/v2\/tags?post=1341"}],"curies":[{"name":"wp","href":"https:\/\/api.w.org\/{rel}","templated":true}]}}