{"id":1349,"date":"2010-12-03T19:44:54","date_gmt":"2010-12-03T18:44:54","guid":{"rendered":"http:\/\/www.schymik.de\/wordpress\/?p=1349"},"modified":"2017-02-24T18:08:07","modified_gmt":"2017-02-24T17:08:07","slug":"neue-bikefuhrer-von-susi-plott-und-gunter-durner","status":"publish","type":"post","link":"https:\/\/www.schymik.de\/wordpress\/neue-bikefuhrer-von-susi-plott-und-gunter-durner\/","title":{"rendered":"Bikef\u00fchrer bayrische Alpen"},"content":{"rendered":"<p>Wer vor hat mit dem MTB in den bayrischen Alpen und Nordtirol auf Tour zu gehen, sollte sich unbedingt mal die 3 Bikef\u00fchrer von Susi Plott und G\u00fcnter Durner ansehen.<\/p>\n<p><strong><a href=\"http:\/\/www.schymik.de\/wordpress\/wp-content\/Cover1_Wetterstein.jpg\"><img decoding=\"async\" loading=\"lazy\" class=\"alignleft size-medium wp-image-1358\" title=\"Cover1_Wetterstein\" src=\"http:\/\/www.schymik.de\/wordpress\/wp-content\/Cover1_Wetterstein-300x245.jpg\" alt=\"\" width=\"300\" height=\"245\" srcset=\"https:\/\/www.schymik.de\/wordpress\/wp-content\/Cover1_Wetterstein-300x245.jpg 300w, https:\/\/www.schymik.de\/wordpress\/wp-content\/Cover1_Wetterstein-600x491.jpg 600w, https:\/\/www.schymik.de\/wordpress\/wp-content\/Cover1_Wetterstein.jpg 800w\" sizes=\"(max-width: 300px) 100vw, 300px\" \/><\/a>Mountainbike Touren Wetterstein, Karwendel West, Estergebirge<\/strong><\/p>\n<p>2. \u00fcberarbeitete Auflage 2010.<br \/>\nNEU: extra durch Kartographen angefertigte Landkarten<\/p>\n<p>Eines der sch\u00f6nsten und beliebtesten Bikegebiete in den n\u00f6rdlichen Kalkalpen ist die Mountainbike Region Wetterstein, Karwendel und das Estergebirge.<br \/>\nDie drei verschiedenen Gebirgsz\u00fcge bieten neben grandiosen Landschaften auch MTB Tourenm\u00f6glichkeiten der Extraklasse. Kennzeichen dieser einzigartigen Berglandschaft sind, steil aufragende Berge, lange T\u00e4ler, wildromantische Fl\u00fcsse und Seen sowie wundersch\u00f6ne W\u00e4lder.<a href=\"http:\/\/www.schymik.de\/wordpress\/wp-content\/Bild1.jpg\"><img decoding=\"async\" loading=\"lazy\" title=\"Bild1\" src=\"http:\/\/www.schymik.de\/wordpress\/wp-content\/Bild1.jpg\" alt=\"\" width=\"400\" height=\"263\" \/><\/a><\/p>\n<p>Der Tourenf\u00fchrer \u201eMountainbike Touren Wetterstein, Karwendel West, Estergebirge\u201c enth\u00e4lt<br \/>\n40 Touren mit ausf\u00fchrlichen Beschreibungen, Fotos, Kartenausschnitten, H\u00f6henprofil und GPS-Daten.<br \/>\nDamit man sich \u201eunterwegs\u201c zurechtfindet gibt es zu jeder Tour eine Tourenkarte zum Mitnehmen. Auf der beiliegenden CD sind alle GPS-Tracks und KML Dateien (zur Ansicht in Google Earth) der Touren.<\/p>\n<p style=\"text-align: left;\">Mountainbike Touren Wetterstein, Karwendel West, Estergebirge<br \/>\nISBN 2. Auflage:\u00a0\u00a0 \u00a0978-39813471-2-8<br \/>\nPreis:\u00a0\u00a0 \u00a029,95 Euro<\/p>\n<p>Buch bei <a title=\"Mountainbike Touren Wetterstein, Karwendel West, Estergebirge \" href=\"http:\/\/astore.amazon.de\/transalphomep-21\/detail\/3981347129\" target=\"_blank\">AMAZON <\/a>kaufen<\/p>\n<p><strong><a href=\"http:\/\/www.schymik.de\/wordpress\/wp-content\/Cover2_Ammergauer.jpg\"><img decoding=\"async\" loading=\"lazy\" class=\"alignleft size-medium wp-image-1356\" title=\"Cover2_Ammergauer\" src=\"http:\/\/www.schymik.de\/wordpress\/wp-content\/Cover2_Ammergauer-300x245.jpg\" alt=\"\" width=\"300\" height=\"245\" srcset=\"https:\/\/www.schymik.de\/wordpress\/wp-content\/Cover2_Ammergauer-300x245.jpg 300w, https:\/\/www.schymik.de\/wordpress\/wp-content\/Cover2_Ammergauer-600x491.jpg 600w, https:\/\/www.schymik.de\/wordpress\/wp-content\/Cover2_Ammergauer.jpg 800w\" sizes=\"(max-width: 300px) 100vw, 300px\" \/><\/a>Mountainbike Touren Ammergauer Alpen, Au\u00dferfern, Mieminger Kette<\/strong><br \/>\nEines der sch\u00f6nsten und beliebtesten Bikegebiete in den n\u00f6rdlichen Kalkalpen ist die Mountainbike Region Ammergauer Alpen, Au\u00dferfern, Mieminger Kette. Die drei verschiedenen Gebirgsz\u00fcge bieten neben grandiosen Landschaften auch MTB Tourenm\u00f6glichkeiten der Extraklasse. Kennzeichen dieser einzigartigen Berglandschaft sind, steil aufragende Berge, lange T\u00e4ler, wildromantische Fl\u00fcsse und Seen sowie wundersch\u00f6ne W\u00e4lder.<\/p>\n<p style=\"text-align: center;\"><a href=\"http:\/\/www.schymik.de\/wordpress\/wp-content\/Bild3.jpg\"><img decoding=\"async\" loading=\"lazy\" class=\"aligncenter\" title=\"Bild3\" src=\"http:\/\/www.schymik.de\/wordpress\/wp-content\/Bild3.jpg\" alt=\"\" width=\"400\" height=\"266\" \/><\/a><\/p>\n<p>Der Tourenf\u00fchrer \u201eMountainbike Touren Ammergauer Alpen, Au\u00dferfern, Mieminger Kette\u201c enth\u00e4lt<br \/>\n40 Touren mit ausf\u00fchrlichen Beschreibungen, Fotos, Kartenausschnitten, H\u00f6henprofil und GPS-Daten.<br \/>\nDie GPS Tracks k\u00f6nnen mit einer einfachen Software auf ein GPS-Ger\u00e4t geladen werden.<\/p>\n<p style=\"text-align: left;\">Mountainbike Touren Ammergauer Alpen, Au\u00dferfern, Mieminger Kette<br \/>\nISBN:\u00a0\u00a0 \u00a0978-39810152-8-7<br \/>\nPreis:\u00a0\u00a0 \u00a029,95 Euro<\/p>\n<p>Buch bei <a title=\"Mountainbike Touren Ammergauer Alpen\" href=\"http:\/\/astore.amazon.de\/transalphomep-21\/detail\/3981015282\" target=\"_blank\">AMAZON <\/a>kaufen<\/p>\n<p><strong><a href=\"http:\/\/www.schymik.de\/wordpress\/wp-content\/Cover3_Achensee.jpg\"><img decoding=\"async\" loading=\"lazy\" class=\"alignleft size-medium wp-image-1357\" title=\"CoverBand3 Achensee\" src=\"http:\/\/www.schymik.de\/wordpress\/wp-content\/Cover3_Achensee-300x244.jpg\" alt=\"\" width=\"300\" height=\"244\" srcset=\"https:\/\/www.schymik.de\/wordpress\/wp-content\/Cover3_Achensee-300x244.jpg 300w, https:\/\/www.schymik.de\/wordpress\/wp-content\/Cover3_Achensee-600x489.jpg 600w, https:\/\/www.schymik.de\/wordpress\/wp-content\/Cover3_Achensee.jpg 800w\" sizes=\"(max-width: 300px) 100vw, 300px\" \/><\/a>Mountainbike Touren Walchensee, Isarwinkel, Karwendel Ost, Achensee<\/strong><br \/>\nDie Mountainbike Touren in den Gebieten Walchensee, Isarwinkel, Karwendel Ost und Achensee f\u00fchren durch einzigartige Landschaften und atemberaubende Felskulissen.<br \/>\nDas Voralpenland \u201eWalchensee und Isarwinkel\u201c ist durch malerische D\u00f6rfer, wundersch\u00f6ne Flussl\u00e4ufe von Isar und Loisach, einladenden Badeseen und den voralpenl\u00e4ndlichen Ausl\u00e4ufern des Karwendelgebirges gepr\u00e4gt. Das Gebiet um den Achensee, umgeben von der traumhaften Kulisse des Rofan- und Karwendelgebirges, bietet hervorragende M\u00f6glichkeiten f\u00fcr Mountainbike Touren. Es geh\u00f6rt zu einer beliebtesten Bikeregionen von Tirol.<\/p>\n<p style=\"text-align: center;\"><a href=\"http:\/\/www.schymik.de\/wordpress\/wp-content\/Bild5.jpg\"><img decoding=\"async\" loading=\"lazy\" class=\"aligncenter\" title=\"Bild5\" src=\"http:\/\/www.schymik.de\/wordpress\/wp-content\/Bild5.jpg\" alt=\"\" width=\"400\" height=\"266\" \/><\/a><\/p>\n<p>Der Tourenf\u00fchrer \u201eMountainbike Touren Walchensee, Isarwinkel, Karwendel Ost, Achensee\u201c enth\u00e4lt<br \/>\n40 Touren mit ausf\u00fchrlichen Beschreibungen, Fotos, Kartenausschnitten, H\u00f6henprofil und GPS-Daten.<\/p>\n<p>Die beschriebenen Biketouren werden jedem Anspruch gerecht, denn sowohl der ambitionierte Mountainbiker als auch der gem\u00fctliche Fahrer kann seine \u201eTraumtour\u201c finden. \u201eBike Spass pur\u2026\u201c<\/p>\n<p>Mountainbike Touren Walchensee, Isarwinkel, Karwendel Ost, Achensee<br \/>\nISBN:\u00a0\u00a0 \u00a0978-39813471-3-5<br \/>\nPreis:\u00a0\u00a0 \u00a029,95 Euro<\/p>\n<p>Buch bei <a title=\"Mountainbike Touren Walchensee, Isarwinkel, Karwendel Ost, Achensee Mountainbike Touren Walchensee, Isarwinkel, Karwendel Ost, Achensee\" href=\"http:\/\/astore.amazon.de\/transalphomep-21\/detail\/3981347137\" target=\"_blank\">AMAZON<\/a> kaufen<\/p>\n<p><strong>F\u00fcr alle B\u00fccher gilt:<\/strong><\/p>\n<p style=\"text-align: left;\">Autoren: Susi Plott, G\u00fcnter Durner<br \/>\nFotos: Susi Plott, G\u00fcnter Durner<br \/>\nVerlag: AM Berg Verlag<br \/>\nSeiten: 176 Format: 21 x 16 cm<\/p>\n<p style=\"text-align: left;\"><a href=\"http:\/\/www.schymik.de\/wordpress\/wp-content\/Bild6.jpg\"><img decoding=\"async\" loading=\"lazy\" class=\"aligncenter\" title=\"Bild6\" src=\"http:\/\/www.schymik.de\/wordpress\/wp-content\/Bild6.jpg\" alt=\"\" width=\"400\" height=\"266\" \/><\/a><\/p>\n<p><strong>Die Mountainbikef\u00fchrer bieten jeweils:<\/strong><\/p>\n<p>\u2022 40 Mountainbiketouren in den Schwierigkeitsgraden leicht, mittel, schwer<br \/>\n\u2022 benutzerfreundliches, kompaktes und stabiles Ringbuch im modernen Design<br \/>\n\u2022 zus\u00e4tzlich alle Touren auf faltbaren Tourenkarten zum Mitnehmen auf Tour<br \/>\n\u2022 CD mit GPS-Tracks und KML Dateien (zur Ansicht in Google Earth)<\/p>\n<p><strong>alle Touren mit:<\/strong><\/p>\n<p>\u2022 exakt ausgearbeiteter Wegbeschreibung<br \/>\n\u2022 farbiger Landkarte mit eingezeichnetem Routenverlauf und Orientierungspunkten<br \/>\n\u2022 genaue Kilometer- und H\u00f6henangaben<br \/>\n\u2022 detailliertem H\u00f6henprofil mit Prozentangaben<br \/>\n\u2022 vielen Landschaftsfotos<\/p>\n<p style=\"text-align: center;\"><a href=\"http:\/\/www.schymik.de\/wordpress\/wp-content\/bild4.jpg\"><img decoding=\"async\" loading=\"lazy\" class=\"aligncenter\" title=\"bild4\" src=\"http:\/\/www.schymik.de\/wordpress\/wp-content\/bild4.jpg\" alt=\"\" width=\"400\" height=\"266\" \/><\/a><\/p>\n<p>Der Verlag setzt neue Ma\u00dfst\u00e4be. Auf den ersten Seiten, erh\u00e4lt der Leser eine \u00dcbersicht der angebotenen Touren (\u00dcbersichtskarte, Tourenauflistung mit: Schwierigkeit, Wegl\u00e4nge, Fahrtzeit, H\u00f6henmeter). Jede Tour ist mit einem eigenen Tourencharakter beschrieben. Dabei ist u.a. die Rubrik \u201eFamilienfreundlich\u201c und \u201eBike &amp; Hike Tipps\u201c ber\u00fccksichtigt. Mit viel Detailarbeit wurden die Wegbeschreibungen mit den dazugeh\u00f6rigen Wegsymbolen erstellt. Es macht Spa\u00df in dem Buch zu bl\u00e4ttern, da alle Touren mit sehr vielen Fotos (inkl. Bildunterschriften) von der Tour illustriert sind und somit gleich einen Eindruck von der Tour verschaffen. Aufgelockert durch viele ganzseitige Fotos und einem sch\u00f6nen ansprechenden Layout macht der F\u00fchrer richtig Lust auf Tour zu \u201egehen\u201c. Zus\u00e4tzlich zum Buch gibt es f\u00fcr jede Tour eine eigene handliche Tourenkarte (mit Landkarte, H\u00f6henprofil und Wegbeschreibung) zum Mitnehmen. Und f\u00fcr diejenigen, die mit einem GPS-Ger\u00e4t unterwegs sind, befinden sich auf der beiliegenden CD die GPS Tracks zum Upload auf das eigene Ger\u00e4t.<\/p>\n<p>Besonders hervor zu heben sind die erstklassigen Karten zu jeder Tour. Das Kartenbild ist nahezu perfekt, es vermittelt durch gekonnte Schattierungen sogar einen 3D Effekt des Gebirges.<\/p>\n<p style=\"text-align: center;\"><a href=\"http:\/\/www.schymik.de\/wordpress\/wp-content\/Bild2.jpg\"><img decoding=\"async\" loading=\"lazy\" class=\"aligncenter\" title=\"Bild2\" src=\"http:\/\/www.schymik.de\/wordpress\/wp-content\/Bild2.jpg\" alt=\"\" width=\"400\" height=\"266\" \/><\/a><\/p>\n<p><strong>Fazit:<\/strong><\/p>\n<p>Die 3 Bikef\u00fchrer von Susi Plott und G\u00fcnter Durner bieten f\u00fcr die vorgestellten Alpenregionen einen idealen Einstig ins Revier. Eine Urlaubswoche oder ein verl\u00e4ngertes Wochenende l\u00e4sst sich so schnell planen. Die vorgestellten Touren sind f\u00fcr jedermann geeignet. Das Risiko durch eine extrem lange Tour oder sehr schwere Trails \u00fcberfordert zu werden, kann als sehr gering bezeichnet werden. Dennoch kommt auch der ambitionierte Biker auf seine Kosten und kann die B\u00fccher als Basis f\u00fcr eine individuelle oder anspruchsvollere Tourenplanung gut nutzen.<\/p>\n<p>Weitere B\u00fccher von <a href=\"http:\/\/www.schymik.de\/wordpress\/page\/2\/?s=durner\">Gunter Durner und Susi Plott<\/a><\/p>\n<p>Hier findet man weitere Touren in der Region rund um die <a href=\"https:\/\/www.bergzeit.de\/magazin\/mieminger-runde-mountainbike-tour-ehrwald\/\" target=\"_blank\">Mieminger Kette<\/a>.<\/p>\n","protected":false},"excerpt":{"rendered":"<p>Wer vor hat mit dem MTB in den bayrischen Alpen und Nordtirol auf Tour zu gehen, sollte sich unbedingt mal die 3 Bikef\u00fchrer von Susi Plott und G\u00fcnter Durner ansehen. Mountainbike Touren Wetterstein, Karwendel West, Estergebirge 2. \u00fcberarbeitete Auflage 2010. NEU: extra durch Kartographen angefertigte Landkarten Eines der sch\u00f6nsten und beliebtesten Bikegebiete in den n\u00f6rdlichen [&hellip;]<\/p>\n","protected":false},"author":1,"featured_media":0,"comment_status":"open","ping_status":"open","sticky":false,"template":"","format":"standard","meta":[],"categories":[10],"tags":[],"yoast_head":"<!-- This site is optimized with the Yoast SEO plugin v21.0 - https:\/\/yoast.com\/wordpress\/plugins\/seo\/ -->\n<title>Bikef\u00fchrer bayrische Alpen - Transalp Homepage<\/title>\n<meta name=\"robots\" content=\"index, follow, max-snippet:-1, max-image-preview:large, max-video-preview:-1\" \/>\n<link rel=\"canonical\" href=\"https:\/\/www.schymik.de\/wordpress\/neue-bikefuhrer-von-susi-plott-und-gunter-durner\/\" \/>\n<meta property=\"og:locale\" content=\"de_DE\" \/>\n<meta property=\"og:type\" content=\"article\" \/>\n<meta property=\"og:title\" content=\"Bikef\u00fchrer bayrische Alpen - Transalp Homepage\" \/>\n<meta property=\"og:description\" content=\"Wer vor hat mit dem MTB in den bayrischen Alpen und Nordtirol auf Tour zu gehen, sollte sich unbedingt mal die 3 Bikef\u00fchrer von Susi Plott und G\u00fcnter Durner ansehen. Mountainbike Touren Wetterstein, Karwendel West, Estergebirge 2. \u00fcberarbeitete Auflage 2010. NEU: extra durch Kartographen angefertigte Landkarten Eines der sch\u00f6nsten und beliebtesten Bikegebiete in den n\u00f6rdlichen [&hellip;]\" \/>\n<meta property=\"og:url\" content=\"https:\/\/www.schymik.de\/wordpress\/neue-bikefuhrer-von-susi-plott-und-gunter-durner\/\" \/>\n<meta property=\"og:site_name\" content=\"Transalp Homepage\" \/>\n<meta property=\"article:publisher\" content=\"https:\/\/www.facebook.com\/carsten.schymik\" \/>\n<meta property=\"article:author\" content=\"https:\/\/www.facebook.com\/carsten.schymik\" \/>\n<meta property=\"article:published_time\" content=\"2010-12-03T18:44:54+00:00\" \/>\n<meta property=\"article:modified_time\" content=\"2017-02-24T17:08:07+00:00\" \/>\n<meta property=\"og:image\" content=\"http:\/\/www.schymik.de\/wordpress\/wp-content\/Cover1_Wetterstein-300x245.jpg\" \/>\n<meta name=\"author\" content=\"Carsten\" \/>\n<meta name=\"twitter:card\" content=\"summary_large_image\" \/>\n<meta name=\"twitter:label1\" content=\"Verfasst von\" \/>\n\t<meta name=\"twitter:data1\" content=\"Carsten\" \/>\n\t<meta name=\"twitter:label2\" content=\"Gesch\u00e4tzte Lesezeit\" \/>\n\t<meta name=\"twitter:data2\" content=\"4\u00a0Minuten\" \/>\n<script type=\"application\/ld+json\" class=\"yoast-schema-graph\">{\"@context\":\"https:\/\/schema.org\",\"@graph\":[{\"@type\":\"Article\",\"@id\":\"https:\/\/www.schymik.de\/wordpress\/neue-bikefuhrer-von-susi-plott-und-gunter-durner\/#article\",\"isPartOf\":{\"@id\":\"https:\/\/www.schymik.de\/wordpress\/neue-bikefuhrer-von-susi-plott-und-gunter-durner\/\"},\"author\":{\"name\":\"Carsten\",\"@id\":\"https:\/\/www.schymik.de\/wordpress\/#\/schema\/person\/f4792950b1a3875a57d4fc2380f11e22\"},\"headline\":\"Bikef\u00fchrer bayrische Alpen\",\"datePublished\":\"2010-12-03T18:44:54+00:00\",\"dateModified\":\"2017-02-24T17:08:07+00:00\",\"mainEntityOfPage\":{\"@id\":\"https:\/\/www.schymik.de\/wordpress\/neue-bikefuhrer-von-susi-plott-und-gunter-durner\/\"},\"wordCount\":847,\"commentCount\":0,\"publisher\":{\"@id\":\"https:\/\/www.schymik.de\/wordpress\/#\/schema\/person\/f4792950b1a3875a57d4fc2380f11e22\"},\"articleSection\":[\"B\u00fccher\"],\"inLanguage\":\"de\",\"potentialAction\":[{\"@type\":\"CommentAction\",\"name\":\"Comment\",\"target\":[\"https:\/\/www.schymik.de\/wordpress\/neue-bikefuhrer-von-susi-plott-und-gunter-durner\/#respond\"]}]},{\"@type\":\"WebPage\",\"@id\":\"https:\/\/www.schymik.de\/wordpress\/neue-bikefuhrer-von-susi-plott-und-gunter-durner\/\",\"url\":\"https:\/\/www.schymik.de\/wordpress\/neue-bikefuhrer-von-susi-plott-und-gunter-durner\/\",\"name\":\"Bikef\u00fchrer bayrische Alpen - Transalp Homepage\",\"isPartOf\":{\"@id\":\"https:\/\/www.schymik.de\/wordpress\/#website\"},\"datePublished\":\"2010-12-03T18:44:54+00:00\",\"dateModified\":\"2017-02-24T17:08:07+00:00\",\"breadcrumb\":{\"@id\":\"https:\/\/www.schymik.de\/wordpress\/neue-bikefuhrer-von-susi-plott-und-gunter-durner\/#breadcrumb\"},\"inLanguage\":\"de\",\"potentialAction\":[{\"@type\":\"ReadAction\",\"target\":[\"https:\/\/www.schymik.de\/wordpress\/neue-bikefuhrer-von-susi-plott-und-gunter-durner\/\"]}]},{\"@type\":\"BreadcrumbList\",\"@id\":\"https:\/\/www.schymik.de\/wordpress\/neue-bikefuhrer-von-susi-plott-und-gunter-durner\/#breadcrumb\",\"itemListElement\":[{\"@type\":\"ListItem\",\"position\":1,\"name\":\"Startseite\",\"item\":\"https:\/\/www.schymik.de\/wordpress\/\"},{\"@type\":\"ListItem\",\"position\":2,\"name\":\"Bikef\u00fchrer bayrische Alpen\"}]},{\"@type\":\"WebSite\",\"@id\":\"https:\/\/www.schymik.de\/wordpress\/#website\",\"url\":\"https:\/\/www.schymik.de\/wordpress\/\",\"name\":\"Transalp Homepage\",\"description\":\"Alles rund ums Mountainbike, Alpencross und Bikebergsteigen\",\"publisher\":{\"@id\":\"https:\/\/www.schymik.de\/wordpress\/#\/schema\/person\/f4792950b1a3875a57d4fc2380f11e22\"},\"potentialAction\":[{\"@type\":\"SearchAction\",\"target\":{\"@type\":\"EntryPoint\",\"urlTemplate\":\"https:\/\/www.schymik.de\/wordpress\/?s={search_term_string}\"},\"query-input\":\"required name=search_term_string\"}],\"inLanguage\":\"de\"},{\"@type\":[\"Person\",\"Organization\"],\"@id\":\"https:\/\/www.schymik.de\/wordpress\/#\/schema\/person\/f4792950b1a3875a57d4fc2380f11e22\",\"name\":\"Carsten\",\"image\":{\"@type\":\"ImageObject\",\"inLanguage\":\"de\",\"@id\":\"https:\/\/www.schymik.de\/wordpress\/#\/schema\/person\/image\/\",\"url\":\"https:\/\/www.schymik.de\/wordpress\/wp-content\/Schymik-Carsten-51x51cm.jpg\",\"contentUrl\":\"https:\/\/www.schymik.de\/wordpress\/wp-content\/Schymik-Carsten-51x51cm.jpg\",\"width\":1530,\"height\":1530,\"caption\":\"Carsten\"},\"logo\":{\"@id\":\"https:\/\/www.schymik.de\/wordpress\/#\/schema\/person\/image\/\"},\"sameAs\":[\"http:\/\/www.schymik.de\",\"https:\/\/www.facebook.com\/carsten.schymik\",\"https:\/\/www.instagram.com\/carstenschymik\/\",\"https:\/\/www.youtube.com\/@CarstenSchymik\"]}]}<\/script>\n<!-- \/ Yoast SEO plugin. -->","yoast_head_json":{"title":"Bikef\u00fchrer bayrische Alpen - Transalp Homepage","robots":{"index":"index","follow":"follow","max-snippet":"max-snippet:-1","max-image-preview":"max-image-preview:large","max-video-preview":"max-video-preview:-1"},"canonical":"https:\/\/www.schymik.de\/wordpress\/neue-bikefuhrer-von-susi-plott-und-gunter-durner\/","og_locale":"de_DE","og_type":"article","og_title":"Bikef\u00fchrer bayrische Alpen - Transalp Homepage","og_description":"Wer vor hat mit dem MTB in den bayrischen Alpen und Nordtirol auf Tour zu gehen, sollte sich unbedingt mal die 3 Bikef\u00fchrer von Susi Plott und G\u00fcnter Durner ansehen. Mountainbike Touren Wetterstein, Karwendel West, Estergebirge 2. \u00fcberarbeitete Auflage 2010. NEU: extra durch Kartographen angefertigte Landkarten Eines der sch\u00f6nsten und beliebtesten Bikegebiete in den n\u00f6rdlichen [&hellip;]","og_url":"https:\/\/www.schymik.de\/wordpress\/neue-bikefuhrer-von-susi-plott-und-gunter-durner\/","og_site_name":"Transalp Homepage","article_publisher":"https:\/\/www.facebook.com\/carsten.schymik","article_author":"https:\/\/www.facebook.com\/carsten.schymik","article_published_time":"2010-12-03T18:44:54+00:00","article_modified_time":"2017-02-24T17:08:07+00:00","og_image":[{"url":"http:\/\/www.schymik.de\/wordpress\/wp-content\/Cover1_Wetterstein-300x245.jpg"}],"author":"Carsten","twitter_card":"summary_large_image","twitter_misc":{"Verfasst von":"Carsten","Gesch\u00e4tzte Lesezeit":"4\u00a0Minuten"},"schema":{"@context":"https:\/\/schema.org","@graph":[{"@type":"Article","@id":"https:\/\/www.schymik.de\/wordpress\/neue-bikefuhrer-von-susi-plott-und-gunter-durner\/#article","isPartOf":{"@id":"https:\/\/www.schymik.de\/wordpress\/neue-bikefuhrer-von-susi-plott-und-gunter-durner\/"},"author":{"name":"Carsten","@id":"https:\/\/www.schymik.de\/wordpress\/#\/schema\/person\/f4792950b1a3875a57d4fc2380f11e22"},"headline":"Bikef\u00fchrer bayrische Alpen","datePublished":"2010-12-03T18:44:54+00:00","dateModified":"2017-02-24T17:08:07+00:00","mainEntityOfPage":{"@id":"https:\/\/www.schymik.de\/wordpress\/neue-bikefuhrer-von-susi-plott-und-gunter-durner\/"},"wordCount":847,"commentCount":0,"publisher":{"@id":"https:\/\/www.schymik.de\/wordpress\/#\/schema\/person\/f4792950b1a3875a57d4fc2380f11e22"},"articleSection":["B\u00fccher"],"inLanguage":"de","potentialAction":[{"@type":"CommentAction","name":"Comment","target":["https:\/\/www.schymik.de\/wordpress\/neue-bikefuhrer-von-susi-plott-und-gunter-durner\/#respond"]}]},{"@type":"WebPage","@id":"https:\/\/www.schymik.de\/wordpress\/neue-bikefuhrer-von-susi-plott-und-gunter-durner\/","url":"https:\/\/www.schymik.de\/wordpress\/neue-bikefuhrer-von-susi-plott-und-gunter-durner\/","name":"Bikef\u00fchrer bayrische Alpen - Transalp Homepage","isPartOf":{"@id":"https:\/\/www.schymik.de\/wordpress\/#website"},"datePublished":"2010-12-03T18:44:54+00:00","dateModified":"2017-02-24T17:08:07+00:00","breadcrumb":{"@id":"https:\/\/www.schymik.de\/wordpress\/neue-bikefuhrer-von-susi-plott-und-gunter-durner\/#breadcrumb"},"inLanguage":"de","potentialAction":[{"@type":"ReadAction","target":["https:\/\/www.schymik.de\/wordpress\/neue-bikefuhrer-von-susi-plott-und-gunter-durner\/"]}]},{"@type":"BreadcrumbList","@id":"https:\/\/www.schymik.de\/wordpress\/neue-bikefuhrer-von-susi-plott-und-gunter-durner\/#breadcrumb","itemListElement":[{"@type":"ListItem","position":1,"name":"Startseite","item":"https:\/\/www.schymik.de\/wordpress\/"},{"@type":"ListItem","position":2,"name":"Bikef\u00fchrer bayrische Alpen"}]},{"@type":"WebSite","@id":"https:\/\/www.schymik.de\/wordpress\/#website","url":"https:\/\/www.schymik.de\/wordpress\/","name":"Transalp Homepage","description":"Alles rund ums Mountainbike, Alpencross und Bikebergsteigen","publisher":{"@id":"https:\/\/www.schymik.de\/wordpress\/#\/schema\/person\/f4792950b1a3875a57d4fc2380f11e22"},"potentialAction":[{"@type":"SearchAction","target":{"@type":"EntryPoint","urlTemplate":"https:\/\/www.schymik.de\/wordpress\/?s={search_term_string}"},"query-input":"required name=search_term_string"}],"inLanguage":"de"},{"@type":["Person","Organization"],"@id":"https:\/\/www.schymik.de\/wordpress\/#\/schema\/person\/f4792950b1a3875a57d4fc2380f11e22","name":"Carsten","image":{"@type":"ImageObject","inLanguage":"de","@id":"https:\/\/www.schymik.de\/wordpress\/#\/schema\/person\/image\/","url":"https:\/\/www.schymik.de\/wordpress\/wp-content\/Schymik-Carsten-51x51cm.jpg","contentUrl":"https:\/\/www.schymik.de\/wordpress\/wp-content\/Schymik-Carsten-51x51cm.jpg","width":1530,"height":1530,"caption":"Carsten"},"logo":{"@id":"https:\/\/www.schymik.de\/wordpress\/#\/schema\/person\/image\/"},"sameAs":["http:\/\/www.schymik.de","https:\/\/www.facebook.com\/carsten.schymik","https:\/\/www.instagram.com\/carstenschymik\/","https:\/\/www.youtube.com\/@CarstenSchymik"]}]}},"_links":{"self":[{"href":"https:\/\/www.schymik.de\/wordpress\/wp-json\/wp\/v2\/posts\/1349"}],"collection":[{"href":"https:\/\/www.schymik.de\/wordpress\/wp-json\/wp\/v2\/posts"}],"about":[{"href":"https:\/\/www.schymik.de\/wordpress\/wp-json\/wp\/v2\/types\/post"}],"author":[{"embeddable":true,"href":"https:\/\/www.schymik.de\/wordpress\/wp-json\/wp\/v2\/users\/1"}],"replies":[{"embeddable":true,"href":"https:\/\/www.schymik.de\/wordpress\/wp-json\/wp\/v2\/comments?post=1349"}],"version-history":[{"count":10,"href":"https:\/\/www.schymik.de\/wordpress\/wp-json\/wp\/v2\/posts\/1349\/revisions"}],"predecessor-version":[{"id":3815,"href":"https:\/\/www.schymik.de\/wordpress\/wp-json\/wp\/v2\/posts\/1349\/revisions\/3815"}],"wp:attachment":[{"href":"https:\/\/www.schymik.de\/wordpress\/wp-json\/wp\/v2\/media?parent=1349"}],"wp:term":[{"taxonomy":"category","embeddable":true,"href":"https:\/\/www.schymik.de\/wordpress\/wp-json\/wp\/v2\/categories?post=1349"},{"taxonomy":"post_tag","embeddable":true,"href":"https:\/\/www.schymik.de\/wordpress\/wp-json\/wp\/v2\/tags?post=1349"}],"curies":[{"name":"wp","href":"https:\/\/api.w.org\/{rel}","templated":true}]}}