{"id":168,"date":"2008-05-22T16:04:54","date_gmt":"2008-05-22T14:04:54","guid":{"rendered":"http:\/\/www.schymik.de\/wordpress\/?p=168"},"modified":"2008-06-17T10:41:02","modified_gmt":"2008-06-17T08:41:02","slug":"168","status":"publish","type":"post","link":"https:\/\/www.schymik.de\/wordpress\/168\/","title":{"rendered":"Gipfelst\u00fcrmer&#8230;Gewalttour in den Westalpen"},"content":{"rendered":"<p><strong>Kurzbeschreibung<\/strong><\/p>\n<p>Extrem Mountain-Biker Lukas St\u00f6ckli, unterwegs auf der h\u00e4rtesten und extremsten Biketour der Alpen. In sieben Tagen \u00fcberquerte Lukas St\u00f6ckli die h\u00f6chsten und anspruchvollsten P\u00e4sse von Montreux nach Lugano und legte dabei 700 kr\u00e4fteraubende Kilometer und 32&#8217;00 anstrengende H\u00f6henmeter \u00fcber Wander-, Saum- und Schotterwege zur\u00fcck.<\/p>\n<p><a href=\"http:\/\/www.schymik.de\/wordpress\/wp-content\/gipfelst1.jpg\"><img decoding=\"async\" loading=\"lazy\" class=\"alignnone size-full wp-image-170\" title=\"gipfelst1\" src=\"http:\/\/www.schymik.de\/wordpress\/wp-content\/gipfelst1.jpg\" alt=\"\" width=\"500\" height=\"332\" \/><\/a><\/p>\n<p><span class=\"Legende\">(Bild: Alex Buschor)<\/span><\/p>\n<p>Zusammen mit Weltmeister Thomas Frischknecht und erfahrenen Bergf\u00fchrern gelang es in der K\u00f6nigsetappe, das 4165 Meter hohe Breithorn bei Zermatt erstmals mit dem Mountainbike zu befahren. Trotz intensiver Vorbereitung und jahrelangem Training stiess der ehemalige Bike-Profi in diesen sieben Tagen an seine Grenzen und \u00fcberlegte sich am f\u00fcnften Tag, die Tour abzubrechen&#8230;<\/p>\n<p><a href=\"http:\/\/www.schymik.de\/wordpress\/wp-content\/gipfelst.jpg\"><img decoding=\"async\" loading=\"lazy\" class=\"aligncenter size-full wp-image-169\" title=\"gipfelst\" src=\"http:\/\/www.schymik.de\/wordpress\/wp-content\/gipfelst.jpg\" alt=\"\" width=\"500\" height=\"500\" \/><\/a><\/p>\n<p>Entstanden ist eine eindr\u00fcckliche Reportage mit unvergesslichen Bike-, Leidens- und Bergbildern.<\/p>\n<p>Besonders beeindruckend sind die enormen Fahrleistungen, die Lukas auf dieser Tour Tag f\u00fcr Tag absolviert. Die Etappenl\u00e4ngen sind sowohl von ihrer reinen Kilometer- und H\u00f6henmeterzahl schon unvorstellbar, hinzu kommt dann aber noch die H\u00f6he von bis zu 3300 Metern bei den normalen \u00dcberg\u00e4ngen. Getoppt wird dies dazu noch von der Befahrung des nochmals fast 900 Meter h\u00f6her gelegenen Breithorngipfels. Zudem werden durchweg fahrtechnisch anspruchsvolle Abfahrten absolviert.<\/p>\n<p><strong>ASIN:<\/strong> B0012ZA96M<\/p>\n<p align=\"left\"><strong>Gipfelst\u00fcrmer:<\/strong> <a title=\"Gipfelst\u00fcrmer Pr\u00e4sentation\" href=\"http:\/\/www.lukasstoeckli.ch\/dynamic\/page.asp?seiid=49&amp;navid=149\" target=\"_blank\">Pr\u00e4sentation<\/a><\/p>\n<p align=\"left\"><strong>Link:<\/strong><a title=\"Lukas St\u00f6ckli\" href=\"http:\/\/www.lukasstoeckli.ch\/\" target=\"_blank\"> Lukas St\u00f6ckli<\/a><\/p>\n<p align=\"left\">DVD kaufen bei <a title=\"Amazon\" href=\"http:\/\/www.amazon.de\/dp\/B0012ZA96M?tag=transalphomep-21&amp;camp=1410&amp;creative=6378&amp;linkCode=as1&amp;creativeASIN=B0012ZA96M&amp;adid=0QZPTJ326V50WXNC624S&amp;\" target=\"_blank\">AMAZON<\/a><\/p>\n","protected":false},"excerpt":{"rendered":"<p>Kurzbeschreibung Extrem Mountain-Biker Lukas St\u00f6ckli, unterwegs auf der h\u00e4rtesten und extremsten Biketour der Alpen. In sieben Tagen \u00fcberquerte Lukas St\u00f6ckli die h\u00f6chsten und anspruchvollsten P\u00e4sse von Montreux nach Lugano und legte dabei 700 kr\u00e4fteraubende Kilometer und 32&#8217;00 anstrengende H\u00f6henmeter \u00fcber Wander-, Saum- und Schotterwege zur\u00fcck. (Bild: Alex Buschor) Zusammen mit Weltmeister Thomas Frischknecht und erfahrenen [&hellip;]<\/p>\n","protected":false},"author":1,"featured_media":0,"comment_status":"closed","ping_status":"open","sticky":false,"template":"","format":"standard","meta":[],"categories":[5],"tags":[],"yoast_head":"<!-- This site is optimized with the Yoast SEO plugin v21.0 - https:\/\/yoast.com\/wordpress\/plugins\/seo\/ -->\n<title>Gipfelst\u00fcrmer...Gewalttour in den Westalpen - Transalp Homepage<\/title>\n<meta name=\"robots\" content=\"index, follow, max-snippet:-1, max-image-preview:large, max-video-preview:-1\" \/>\n<link rel=\"canonical\" href=\"https:\/\/www.schymik.de\/wordpress\/168\/\" \/>\n<meta property=\"og:locale\" content=\"de_DE\" \/>\n<meta property=\"og:type\" content=\"article\" \/>\n<meta property=\"og:title\" content=\"Gipfelst\u00fcrmer...Gewalttour in den Westalpen - Transalp Homepage\" \/>\n<meta property=\"og:description\" content=\"Kurzbeschreibung Extrem Mountain-Biker Lukas St\u00f6ckli, unterwegs auf der h\u00e4rtesten und extremsten Biketour der Alpen. In sieben Tagen \u00fcberquerte Lukas St\u00f6ckli die h\u00f6chsten und anspruchvollsten P\u00e4sse von Montreux nach Lugano und legte dabei 700 kr\u00e4fteraubende Kilometer und 32&#8217;00 anstrengende H\u00f6henmeter \u00fcber Wander-, Saum- und Schotterwege zur\u00fcck. (Bild: Alex Buschor) Zusammen mit Weltmeister Thomas Frischknecht und erfahrenen [&hellip;]\" \/>\n<meta property=\"og:url\" content=\"https:\/\/www.schymik.de\/wordpress\/168\/\" \/>\n<meta property=\"og:site_name\" content=\"Transalp Homepage\" \/>\n<meta property=\"article:publisher\" content=\"https:\/\/www.facebook.com\/carsten.schymik\" \/>\n<meta property=\"article:author\" content=\"https:\/\/www.facebook.com\/carsten.schymik\" \/>\n<meta property=\"article:published_time\" content=\"2008-05-22T14:04:54+00:00\" \/>\n<meta property=\"article:modified_time\" content=\"2008-06-17T08:41:02+00:00\" \/>\n<meta property=\"og:image\" content=\"http:\/\/www.schymik.de\/wordpress\/wp-content\/gipfelst1.jpg\" \/>\n<meta name=\"author\" content=\"Carsten\" \/>\n<meta name=\"twitter:card\" content=\"summary_large_image\" \/>\n<meta name=\"twitter:label1\" content=\"Verfasst von\" \/>\n\t<meta name=\"twitter:data1\" content=\"Carsten\" \/>\n\t<meta name=\"twitter:label2\" content=\"Gesch\u00e4tzte Lesezeit\" \/>\n\t<meta name=\"twitter:data2\" content=\"1\u00a0Minute\" \/>\n<script type=\"application\/ld+json\" class=\"yoast-schema-graph\">{\"@context\":\"https:\/\/schema.org\",\"@graph\":[{\"@type\":\"Article\",\"@id\":\"https:\/\/www.schymik.de\/wordpress\/168\/#article\",\"isPartOf\":{\"@id\":\"https:\/\/www.schymik.de\/wordpress\/168\/\"},\"author\":{\"name\":\"Carsten\",\"@id\":\"https:\/\/www.schymik.de\/wordpress\/#\/schema\/person\/f4792950b1a3875a57d4fc2380f11e22\"},\"headline\":\"Gipfelst\u00fcrmer&#8230;Gewalttour in den Westalpen\",\"datePublished\":\"2008-05-22T14:04:54+00:00\",\"dateModified\":\"2008-06-17T08:41:02+00:00\",\"mainEntityOfPage\":{\"@id\":\"https:\/\/www.schymik.de\/wordpress\/168\/\"},\"wordCount\":212,\"publisher\":{\"@id\":\"https:\/\/www.schymik.de\/wordpress\/#\/schema\/person\/f4792950b1a3875a57d4fc2380f11e22\"},\"articleSection\":[\"DVD Reviews\"],\"inLanguage\":\"de\"},{\"@type\":\"WebPage\",\"@id\":\"https:\/\/www.schymik.de\/wordpress\/168\/\",\"url\":\"https:\/\/www.schymik.de\/wordpress\/168\/\",\"name\":\"Gipfelst\u00fcrmer...Gewalttour in den Westalpen - Transalp Homepage\",\"isPartOf\":{\"@id\":\"https:\/\/www.schymik.de\/wordpress\/#website\"},\"datePublished\":\"2008-05-22T14:04:54+00:00\",\"dateModified\":\"2008-06-17T08:41:02+00:00\",\"breadcrumb\":{\"@id\":\"https:\/\/www.schymik.de\/wordpress\/168\/#breadcrumb\"},\"inLanguage\":\"de\",\"potentialAction\":[{\"@type\":\"ReadAction\",\"target\":[\"https:\/\/www.schymik.de\/wordpress\/168\/\"]}]},{\"@type\":\"BreadcrumbList\",\"@id\":\"https:\/\/www.schymik.de\/wordpress\/168\/#breadcrumb\",\"itemListElement\":[{\"@type\":\"ListItem\",\"position\":1,\"name\":\"Startseite\",\"item\":\"https:\/\/www.schymik.de\/wordpress\/\"},{\"@type\":\"ListItem\",\"position\":2,\"name\":\"Gipfelst\u00fcrmer&#8230;Gewalttour in den Westalpen\"}]},{\"@type\":\"WebSite\",\"@id\":\"https:\/\/www.schymik.de\/wordpress\/#website\",\"url\":\"https:\/\/www.schymik.de\/wordpress\/\",\"name\":\"Transalp Homepage\",\"description\":\"Alles rund ums Mountainbike, Alpencross und Bikebergsteigen\",\"publisher\":{\"@id\":\"https:\/\/www.schymik.de\/wordpress\/#\/schema\/person\/f4792950b1a3875a57d4fc2380f11e22\"},\"potentialAction\":[{\"@type\":\"SearchAction\",\"target\":{\"@type\":\"EntryPoint\",\"urlTemplate\":\"https:\/\/www.schymik.de\/wordpress\/?s={search_term_string}\"},\"query-input\":\"required name=search_term_string\"}],\"inLanguage\":\"de\"},{\"@type\":[\"Person\",\"Organization\"],\"@id\":\"https:\/\/www.schymik.de\/wordpress\/#\/schema\/person\/f4792950b1a3875a57d4fc2380f11e22\",\"name\":\"Carsten\",\"image\":{\"@type\":\"ImageObject\",\"inLanguage\":\"de\",\"@id\":\"https:\/\/www.schymik.de\/wordpress\/#\/schema\/person\/image\/\",\"url\":\"https:\/\/www.schymik.de\/wordpress\/wp-content\/Schymik-Carsten-51x51cm.jpg\",\"contentUrl\":\"https:\/\/www.schymik.de\/wordpress\/wp-content\/Schymik-Carsten-51x51cm.jpg\",\"width\":1530,\"height\":1530,\"caption\":\"Carsten\"},\"logo\":{\"@id\":\"https:\/\/www.schymik.de\/wordpress\/#\/schema\/person\/image\/\"},\"sameAs\":[\"http:\/\/www.schymik.de\",\"https:\/\/www.facebook.com\/carsten.schymik\",\"https:\/\/www.instagram.com\/carstenschymik\/\",\"https:\/\/www.youtube.com\/@CarstenSchymik\"]}]}<\/script>\n<!-- \/ Yoast SEO plugin. -->","yoast_head_json":{"title":"Gipfelst\u00fcrmer...Gewalttour in den Westalpen - Transalp Homepage","robots":{"index":"index","follow":"follow","max-snippet":"max-snippet:-1","max-image-preview":"max-image-preview:large","max-video-preview":"max-video-preview:-1"},"canonical":"https:\/\/www.schymik.de\/wordpress\/168\/","og_locale":"de_DE","og_type":"article","og_title":"Gipfelst\u00fcrmer...Gewalttour in den Westalpen - Transalp Homepage","og_description":"Kurzbeschreibung Extrem Mountain-Biker Lukas St\u00f6ckli, unterwegs auf der h\u00e4rtesten und extremsten Biketour der Alpen. In sieben Tagen \u00fcberquerte Lukas St\u00f6ckli die h\u00f6chsten und anspruchvollsten P\u00e4sse von Montreux nach Lugano und legte dabei 700 kr\u00e4fteraubende Kilometer und 32&#8217;00 anstrengende H\u00f6henmeter \u00fcber Wander-, Saum- und Schotterwege zur\u00fcck. (Bild: Alex Buschor) Zusammen mit Weltmeister Thomas Frischknecht und erfahrenen [&hellip;]","og_url":"https:\/\/www.schymik.de\/wordpress\/168\/","og_site_name":"Transalp Homepage","article_publisher":"https:\/\/www.facebook.com\/carsten.schymik","article_author":"https:\/\/www.facebook.com\/carsten.schymik","article_published_time":"2008-05-22T14:04:54+00:00","article_modified_time":"2008-06-17T08:41:02+00:00","og_image":[{"url":"http:\/\/www.schymik.de\/wordpress\/wp-content\/gipfelst1.jpg"}],"author":"Carsten","twitter_card":"summary_large_image","twitter_misc":{"Verfasst von":"Carsten","Gesch\u00e4tzte Lesezeit":"1\u00a0Minute"},"schema":{"@context":"https:\/\/schema.org","@graph":[{"@type":"Article","@id":"https:\/\/www.schymik.de\/wordpress\/168\/#article","isPartOf":{"@id":"https:\/\/www.schymik.de\/wordpress\/168\/"},"author":{"name":"Carsten","@id":"https:\/\/www.schymik.de\/wordpress\/#\/schema\/person\/f4792950b1a3875a57d4fc2380f11e22"},"headline":"Gipfelst\u00fcrmer&#8230;Gewalttour in den Westalpen","datePublished":"2008-05-22T14:04:54+00:00","dateModified":"2008-06-17T08:41:02+00:00","mainEntityOfPage":{"@id":"https:\/\/www.schymik.de\/wordpress\/168\/"},"wordCount":212,"publisher":{"@id":"https:\/\/www.schymik.de\/wordpress\/#\/schema\/person\/f4792950b1a3875a57d4fc2380f11e22"},"articleSection":["DVD Reviews"],"inLanguage":"de"},{"@type":"WebPage","@id":"https:\/\/www.schymik.de\/wordpress\/168\/","url":"https:\/\/www.schymik.de\/wordpress\/168\/","name":"Gipfelst\u00fcrmer...Gewalttour in den Westalpen - Transalp Homepage","isPartOf":{"@id":"https:\/\/www.schymik.de\/wordpress\/#website"},"datePublished":"2008-05-22T14:04:54+00:00","dateModified":"2008-06-17T08:41:02+00:00","breadcrumb":{"@id":"https:\/\/www.schymik.de\/wordpress\/168\/#breadcrumb"},"inLanguage":"de","potentialAction":[{"@type":"ReadAction","target":["https:\/\/www.schymik.de\/wordpress\/168\/"]}]},{"@type":"BreadcrumbList","@id":"https:\/\/www.schymik.de\/wordpress\/168\/#breadcrumb","itemListElement":[{"@type":"ListItem","position":1,"name":"Startseite","item":"https:\/\/www.schymik.de\/wordpress\/"},{"@type":"ListItem","position":2,"name":"Gipfelst\u00fcrmer&#8230;Gewalttour in den Westalpen"}]},{"@type":"WebSite","@id":"https:\/\/www.schymik.de\/wordpress\/#website","url":"https:\/\/www.schymik.de\/wordpress\/","name":"Transalp Homepage","description":"Alles rund ums Mountainbike, Alpencross und Bikebergsteigen","publisher":{"@id":"https:\/\/www.schymik.de\/wordpress\/#\/schema\/person\/f4792950b1a3875a57d4fc2380f11e22"},"potentialAction":[{"@type":"SearchAction","target":{"@type":"EntryPoint","urlTemplate":"https:\/\/www.schymik.de\/wordpress\/?s={search_term_string}"},"query-input":"required name=search_term_string"}],"inLanguage":"de"},{"@type":["Person","Organization"],"@id":"https:\/\/www.schymik.de\/wordpress\/#\/schema\/person\/f4792950b1a3875a57d4fc2380f11e22","name":"Carsten","image":{"@type":"ImageObject","inLanguage":"de","@id":"https:\/\/www.schymik.de\/wordpress\/#\/schema\/person\/image\/","url":"https:\/\/www.schymik.de\/wordpress\/wp-content\/Schymik-Carsten-51x51cm.jpg","contentUrl":"https:\/\/www.schymik.de\/wordpress\/wp-content\/Schymik-Carsten-51x51cm.jpg","width":1530,"height":1530,"caption":"Carsten"},"logo":{"@id":"https:\/\/www.schymik.de\/wordpress\/#\/schema\/person\/image\/"},"sameAs":["http:\/\/www.schymik.de","https:\/\/www.facebook.com\/carsten.schymik","https:\/\/www.instagram.com\/carstenschymik\/","https:\/\/www.youtube.com\/@CarstenSchymik"]}]}},"_links":{"self":[{"href":"https:\/\/www.schymik.de\/wordpress\/wp-json\/wp\/v2\/posts\/168"}],"collection":[{"href":"https:\/\/www.schymik.de\/wordpress\/wp-json\/wp\/v2\/posts"}],"about":[{"href":"https:\/\/www.schymik.de\/wordpress\/wp-json\/wp\/v2\/types\/post"}],"author":[{"embeddable":true,"href":"https:\/\/www.schymik.de\/wordpress\/wp-json\/wp\/v2\/users\/1"}],"replies":[{"embeddable":true,"href":"https:\/\/www.schymik.de\/wordpress\/wp-json\/wp\/v2\/comments?post=168"}],"version-history":[{"count":0,"href":"https:\/\/www.schymik.de\/wordpress\/wp-json\/wp\/v2\/posts\/168\/revisions"}],"wp:attachment":[{"href":"https:\/\/www.schymik.de\/wordpress\/wp-json\/wp\/v2\/media?parent=168"}],"wp:term":[{"taxonomy":"category","embeddable":true,"href":"https:\/\/www.schymik.de\/wordpress\/wp-json\/wp\/v2\/categories?post=168"},{"taxonomy":"post_tag","embeddable":true,"href":"https:\/\/www.schymik.de\/wordpress\/wp-json\/wp\/v2\/tags?post=168"}],"curies":[{"name":"wp","href":"https:\/\/api.w.org\/{rel}","templated":true}]}}