{"id":186,"date":"2008-07-09T13:25:47","date_gmt":"2008-07-09T11:25:47","guid":{"rendered":"http:\/\/www.schymik.de\/wordpress\/?p=186"},"modified":"2008-07-14T09:54:03","modified_gmt":"2008-07-14T07:54:03","slug":"unterwegs-zwischen-karwendel-wetterstein-und-estergebirge","status":"publish","type":"post","link":"https:\/\/www.schymik.de\/wordpress\/unterwegs-zwischen-karwendel-wetterstein-und-estergebirge\/","title":{"rendered":"Unterwegs zwischen Karwendel, Wetterstein und Estergebirge"},"content":{"rendered":"<p><strong>Mountainbike Touren Wetterstein, Karwendel, Estergebirge<\/strong><br \/>\nvon G\u00fcnter Durner und Susi Plott<\/p>\n<p>Die Gegend rund um Garmisch Patenkirchen mit den beeindruckenden Bergformationen des Wettersteins, des Zugspitzmassives und des Karwendels geh\u00f6rt seit vielen Jahren zu einem der beliebtesten Bikereviere. Ein dichtes Netz von gut ausgebauten Forststra\u00dfen und Wanderwegen laden ein, diese Bergregionen mit dem Bike zu erkunden. Zudem gestaltet sich die Anreise aus Deutschland wesentlich einfacher und kosteng\u00fcnstiger, als zu den Bikerevieren weiter im S\u00fcden.<\/p>\n<p><a href=\"http:\/\/www.schymik.de\/wordpress\/wp-content\/touren_karw.jpg\"><img decoding=\"async\" loading=\"lazy\" class=\"alignnone size-full wp-image-187\" title=\"touren_karw\" src=\"http:\/\/www.schymik.de\/wordpress\/wp-content\/touren_karw.jpg\" alt=\"\" width=\"210\" height=\"172\" \/><\/a><\/p>\n<p>G\u00fcnter Durner und Susi Plott haben nun einen rundum gelungenen Bikeguide heraus gegeben. Das Buch ist grafisch erstklassig umgesetzt, detailreiche Kartenausschitte, penibel recherchierte Roadbooks und H\u00f6hendiagramme erlauben eine pr\u00e4ziese Tourplanung und erleichtern die Orientierung auf der Tour. Schl\u00e4gt man das Buch auf fallen einem sofort die erstklassigen Fotografien auf. Kein Wunder, denn  der Autor G\u00fcnter Durner ist in erster Linie Fotograf. So werden zu jeder Tour sch\u00f6ne und markante Bilder gezeigt.<\/p>\n<p><a href=\"http:\/\/www.schymik.de\/wordpress\/wp-content\/gd_mtb-guide.jpg\"><img decoding=\"async\" loading=\"lazy\" class=\"aligncenter size-full wp-image-191\" title=\"gd_mtb-guide\" src=\"http:\/\/www.schymik.de\/wordpress\/wp-content\/gd_mtb-guide.jpg\" alt=\"\" width=\"450\" height=\"300\" \/><\/a><\/p>\n<p><em>Autor G\u00fcnter Durner unterwegs mit dem Bike<\/em><\/p>\n<p>Vielen Bikern werden Touren hoch zum Schachenhaus, die gro\u00dfe Karwendelrunde oder die Fahrt in das beeindruckende Tal zur Reintalangerh\u00fctte bekannt sein. Doch in der Region sind noch weit mehr Touren zu finden. Gr\u00fcne T\u00e4ler, wilde Fl\u00fcsse und B\u00e4che umrahmt von senkrechten Kalksteinw\u00e4nden, das ist die Kulisse in der die Biketouren satt finden. Knackige Anstiege in sch\u00f6ner Landschaft, da schlagen Bikerherzen h\u00f6her.<\/p>\n<p>Die Reviere Wetterstein, Karwendel West sowie das Estergebirge werden fast vollst\u00e4ndig erfasst. Im Tourguide finden sich einfache und kurze Touren, die sowohl f\u00fcr Einsteiger als auch f\u00fcr Familien geeignet sind. Daneben findet aber auch der abitionierte Biker Touren, bei denen man den ganzen Tag unterwegs ist und wo etliche H\u00f6henmeter und Kilometer zu absolvieren sind.<\/p>\n<p><a href=\"http:\/\/www.schymik.de\/wordpress\/wp-content\/touren_karw1.jpg\"><img decoding=\"async\" loading=\"lazy\" class=\"aligncenter size-full wp-image-188\" title=\"touren_karw1\" src=\"http:\/\/www.schymik.de\/wordpress\/wp-content\/touren_karw1.jpg\" alt=\"\" width=\"450\" height=\"390\" \/><\/a><\/p>\n<p>Leider kommen Freunde von anspruchsvollen Singletrails etwas zu kurz. Verlaufen doch die meisten der vorgestellten Touren vornehmlich auf Forst- und Wirtschaftswegen und lassen das fahrtechnisch anspruchsvolle Gel\u00e4nde au\u00dfen vor. Der Bikeguide richtet sich daher eher an Genussbiker und Einsteiger als an Freerider und Fahrtechnik-Enthusiasten. Da eine Ver\u00f6ffentlichung derartiger Touren jedoch generell als bedenklich einzustufen ist, stellt dies kein Manko f\u00fcr den Tourguide dar.<\/p>\n<p><a href=\"http:\/\/www.schymik.de\/wordpress\/wp-content\/sp_mtb-guide.jpg\"><img decoding=\"async\" loading=\"lazy\" class=\"aligncenter size-full wp-image-192\" title=\"sp_mtb-guide\" src=\"http:\/\/www.schymik.de\/wordpress\/wp-content\/sp_mtb-guide.jpg\" alt=\"\" width=\"450\" height=\"675\" \/><\/a><\/p>\n<p><em>Autorin Susi Plott g\u00f6nnt sich eine kleine Verschnaufpause<\/em><\/p>\n<p>Alle Touren sind mit einer Beschreibung, einer Karte, einem Roadbook und H\u00f6hendiagramm ausf\u00fchrlich und bestens nachvollziehbar beschrieben. Alle Touren sind nochmals als Roadbook mit Karte als separate Handkarte abgedruckt. Dies erleichtert die Mitnahme auf der Tour. Zudem wird mit dem Buch eine DVD mit GPS Tracks mitgeliefert. Dadurch ist dem grenzenlosen Tourvergn\u00fcgen T\u00fcr und Tor ge\u00f6ffnet und Verfahrer im Gel\u00e4nde  sind nahezu ausgeschlossen.<\/p>\n<p><strong>Fazit:<\/strong><\/p>\n<p>Erstklassig aufbereiteter Tourguide mit allen notwendigen Informationen<br \/>\nSch\u00f6ne und ansprechende Fotos<br \/>\nVollst\u00e4ndige Beschreibung des gesamten Tourenreviers<br \/>\nVoll tourentauglich dank Handkarten und GPS Daten<\/p>\n<p><strong>Infos:<\/strong><\/p>\n<p>Mountainbike Touren Wetterstein, Karwendel West, Estergebirge<br \/>\nvon G\u00fcnter Durner und Susi Plott<\/p>\n<p>Ringeinband<br \/>\nVerlag: Am-Berg-Verlag; Auflage: 1 (20. Juni 2008)<br \/>\nISBN: 978-3981015256<\/p>\n<p><strong>Links<\/strong>:<\/p>\n<p><a title=\"Website von G\u00fcnter Durner\" href=\"http:\/\/www.guenter-durner.de\/\" target=\"_blank\">G\u00fcnter Durner<br \/>\n<\/a><a title=\"Mypois Track Manager\" href=\"http:\/\/www.mypois.de\" target=\"_blank\">Mypois<\/a><a title=\"Mypois Track Manager\" href=\"http:\/\/www.mypois.de\" target=\"_blank\"><br \/>\n<\/a><a title=\"www.am-berg-verlag\" href=\"http:\/\/www.am-berg-verlag.de\/\" target=\"_blank\">Am-Berg-Verlag<\/a><\/p>\n<p>Buch kaufen bei <a title=\"Mountasinbike Touren\" href=\"http:\/\/astore.amazon.de\/transalphomep-21\/detail\/3981015258\/302-9458673-6356846\">AMAZON<\/a><\/p>\n<p>Digitale Kompass Karte:<br \/>\n<a title=\"Kompass Digital Karwendel\" href=\"http:\/\/astore.amazon.de\/transalphomep-21\/detail\/3854912536\/302-9458673-6356846\">Karwendel<\/a> <a title=\"Kompass Digital Zugspitze\" href=\"http:\/\/astore.amazon.de\/transalphomep-21\/detail\/385491654X\/302-9458673-6356846\"><br \/>\nZugspitze<\/a> <a title=\"Kompass Digital Tirol\" href=\"http:\/\/astore.amazon.de\/transalphomep-21\/detail\/3854919956\/302-9458673-6356846\"><br \/>\nTirol<\/a><\/p>\n<p><a title=\"Kompass Digital Tirol\" href=\"http:\/\/astore.amazon.de\/transalphomep-21\/detail\/3854919956\/302-9458673-6356846\"><\/a>Kompass Karte:<a title=\"Kompass Karwendel\" href=\"http:\/\/astore.amazon.de\/transalphomep-21\/detail\/3854910274\/302-9458673-6356846\"><br \/>\nKarwendel<\/a><br \/>\n<a title=\"Kompass Wetterstein\" href=\"http:\/\/astore.amazon.de\/transalphomep-21\/detail\/385491007X\/302-9458673-6356846\">Wetterstein<\/a><br \/>\n<a title=\"Kompass Ehrwald\" href=\"http:\/\/astore.amazon.de\/transalphomep-21\/detail\/3854910266\/302-9458673-6356846\">Ehrwald \/ Mieminger Kette<\/a><\/p>\n","protected":false},"excerpt":{"rendered":"<p>Mountainbike Touren Wetterstein, Karwendel, Estergebirge von G\u00fcnter Durner und Susi Plott Die Gegend rund um Garmisch Patenkirchen mit den beeindruckenden Bergformationen des Wettersteins, des Zugspitzmassives und des Karwendels geh\u00f6rt seit vielen Jahren zu einem der beliebtesten Bikereviere. Ein dichtes Netz von gut ausgebauten Forststra\u00dfen und Wanderwegen laden ein, diese Bergregionen mit dem Bike zu erkunden. [&hellip;]<\/p>\n","protected":false},"author":1,"featured_media":0,"comment_status":"closed","ping_status":"open","sticky":false,"template":"","format":"standard","meta":[],"categories":[10],"tags":[],"yoast_head":"<!-- This site is optimized with the Yoast SEO plugin v21.0 - https:\/\/yoast.com\/wordpress\/plugins\/seo\/ -->\n<title>Unterwegs zwischen Karwendel, Wetterstein und Estergebirge - Transalp Homepage<\/title>\n<meta name=\"robots\" content=\"index, follow, max-snippet:-1, max-image-preview:large, max-video-preview:-1\" \/>\n<link rel=\"canonical\" href=\"https:\/\/www.schymik.de\/wordpress\/unterwegs-zwischen-karwendel-wetterstein-und-estergebirge\/\" \/>\n<meta property=\"og:locale\" content=\"de_DE\" \/>\n<meta property=\"og:type\" content=\"article\" \/>\n<meta property=\"og:title\" content=\"Unterwegs zwischen Karwendel, Wetterstein und Estergebirge - Transalp Homepage\" \/>\n<meta property=\"og:description\" content=\"Mountainbike Touren Wetterstein, Karwendel, Estergebirge von G\u00fcnter Durner und Susi Plott Die Gegend rund um Garmisch Patenkirchen mit den beeindruckenden Bergformationen des Wettersteins, des Zugspitzmassives und des Karwendels geh\u00f6rt seit vielen Jahren zu einem der beliebtesten Bikereviere. Ein dichtes Netz von gut ausgebauten Forststra\u00dfen und Wanderwegen laden ein, diese Bergregionen mit dem Bike zu erkunden. [&hellip;]\" \/>\n<meta property=\"og:url\" content=\"https:\/\/www.schymik.de\/wordpress\/unterwegs-zwischen-karwendel-wetterstein-und-estergebirge\/\" \/>\n<meta property=\"og:site_name\" content=\"Transalp Homepage\" \/>\n<meta property=\"article:publisher\" content=\"https:\/\/www.facebook.com\/carsten.schymik\" \/>\n<meta property=\"article:author\" content=\"https:\/\/www.facebook.com\/carsten.schymik\" \/>\n<meta property=\"article:published_time\" content=\"2008-07-09T11:25:47+00:00\" \/>\n<meta property=\"article:modified_time\" content=\"2008-07-14T07:54:03+00:00\" \/>\n<meta property=\"og:image\" content=\"http:\/\/www.schymik.de\/wordpress\/wp-content\/touren_karw.jpg\" \/>\n<meta name=\"author\" content=\"Carsten\" \/>\n<meta name=\"twitter:card\" content=\"summary_large_image\" \/>\n<meta name=\"twitter:label1\" content=\"Verfasst von\" \/>\n\t<meta name=\"twitter:data1\" content=\"Carsten\" \/>\n\t<meta name=\"twitter:label2\" content=\"Gesch\u00e4tzte Lesezeit\" \/>\n\t<meta name=\"twitter:data2\" content=\"3\u00a0Minuten\" \/>\n<script type=\"application\/ld+json\" class=\"yoast-schema-graph\">{\"@context\":\"https:\/\/schema.org\",\"@graph\":[{\"@type\":\"Article\",\"@id\":\"https:\/\/www.schymik.de\/wordpress\/unterwegs-zwischen-karwendel-wetterstein-und-estergebirge\/#article\",\"isPartOf\":{\"@id\":\"https:\/\/www.schymik.de\/wordpress\/unterwegs-zwischen-karwendel-wetterstein-und-estergebirge\/\"},\"author\":{\"name\":\"Carsten\",\"@id\":\"https:\/\/www.schymik.de\/wordpress\/#\/schema\/person\/f4792950b1a3875a57d4fc2380f11e22\"},\"headline\":\"Unterwegs zwischen Karwendel, Wetterstein und Estergebirge\",\"datePublished\":\"2008-07-09T11:25:47+00:00\",\"dateModified\":\"2008-07-14T07:54:03+00:00\",\"mainEntityOfPage\":{\"@id\":\"https:\/\/www.schymik.de\/wordpress\/unterwegs-zwischen-karwendel-wetterstein-und-estergebirge\/\"},\"wordCount\":513,\"publisher\":{\"@id\":\"https:\/\/www.schymik.de\/wordpress\/#\/schema\/person\/f4792950b1a3875a57d4fc2380f11e22\"},\"articleSection\":[\"B\u00fccher\"],\"inLanguage\":\"de\"},{\"@type\":\"WebPage\",\"@id\":\"https:\/\/www.schymik.de\/wordpress\/unterwegs-zwischen-karwendel-wetterstein-und-estergebirge\/\",\"url\":\"https:\/\/www.schymik.de\/wordpress\/unterwegs-zwischen-karwendel-wetterstein-und-estergebirge\/\",\"name\":\"Unterwegs zwischen Karwendel, Wetterstein und Estergebirge - Transalp Homepage\",\"isPartOf\":{\"@id\":\"https:\/\/www.schymik.de\/wordpress\/#website\"},\"datePublished\":\"2008-07-09T11:25:47+00:00\",\"dateModified\":\"2008-07-14T07:54:03+00:00\",\"breadcrumb\":{\"@id\":\"https:\/\/www.schymik.de\/wordpress\/unterwegs-zwischen-karwendel-wetterstein-und-estergebirge\/#breadcrumb\"},\"inLanguage\":\"de\",\"potentialAction\":[{\"@type\":\"ReadAction\",\"target\":[\"https:\/\/www.schymik.de\/wordpress\/unterwegs-zwischen-karwendel-wetterstein-und-estergebirge\/\"]}]},{\"@type\":\"BreadcrumbList\",\"@id\":\"https:\/\/www.schymik.de\/wordpress\/unterwegs-zwischen-karwendel-wetterstein-und-estergebirge\/#breadcrumb\",\"itemListElement\":[{\"@type\":\"ListItem\",\"position\":1,\"name\":\"Startseite\",\"item\":\"https:\/\/www.schymik.de\/wordpress\/\"},{\"@type\":\"ListItem\",\"position\":2,\"name\":\"Unterwegs zwischen Karwendel, Wetterstein und Estergebirge\"}]},{\"@type\":\"WebSite\",\"@id\":\"https:\/\/www.schymik.de\/wordpress\/#website\",\"url\":\"https:\/\/www.schymik.de\/wordpress\/\",\"name\":\"Transalp Homepage\",\"description\":\"Alles rund ums Mountainbike, Alpencross und Bikebergsteigen\",\"publisher\":{\"@id\":\"https:\/\/www.schymik.de\/wordpress\/#\/schema\/person\/f4792950b1a3875a57d4fc2380f11e22\"},\"potentialAction\":[{\"@type\":\"SearchAction\",\"target\":{\"@type\":\"EntryPoint\",\"urlTemplate\":\"https:\/\/www.schymik.de\/wordpress\/?s={search_term_string}\"},\"query-input\":\"required name=search_term_string\"}],\"inLanguage\":\"de\"},{\"@type\":[\"Person\",\"Organization\"],\"@id\":\"https:\/\/www.schymik.de\/wordpress\/#\/schema\/person\/f4792950b1a3875a57d4fc2380f11e22\",\"name\":\"Carsten\",\"image\":{\"@type\":\"ImageObject\",\"inLanguage\":\"de\",\"@id\":\"https:\/\/www.schymik.de\/wordpress\/#\/schema\/person\/image\/\",\"url\":\"https:\/\/www.schymik.de\/wordpress\/wp-content\/Schymik-Carsten-51x51cm.jpg\",\"contentUrl\":\"https:\/\/www.schymik.de\/wordpress\/wp-content\/Schymik-Carsten-51x51cm.jpg\",\"width\":1530,\"height\":1530,\"caption\":\"Carsten\"},\"logo\":{\"@id\":\"https:\/\/www.schymik.de\/wordpress\/#\/schema\/person\/image\/\"},\"sameAs\":[\"http:\/\/www.schymik.de\",\"https:\/\/www.facebook.com\/carsten.schymik\",\"https:\/\/www.instagram.com\/carstenschymik\/\",\"https:\/\/www.youtube.com\/@CarstenSchymik\"]}]}<\/script>\n<!-- \/ Yoast SEO plugin. -->","yoast_head_json":{"title":"Unterwegs zwischen Karwendel, Wetterstein und Estergebirge - Transalp Homepage","robots":{"index":"index","follow":"follow","max-snippet":"max-snippet:-1","max-image-preview":"max-image-preview:large","max-video-preview":"max-video-preview:-1"},"canonical":"https:\/\/www.schymik.de\/wordpress\/unterwegs-zwischen-karwendel-wetterstein-und-estergebirge\/","og_locale":"de_DE","og_type":"article","og_title":"Unterwegs zwischen Karwendel, Wetterstein und Estergebirge - Transalp Homepage","og_description":"Mountainbike Touren Wetterstein, Karwendel, Estergebirge von G\u00fcnter Durner und Susi Plott Die Gegend rund um Garmisch Patenkirchen mit den beeindruckenden Bergformationen des Wettersteins, des Zugspitzmassives und des Karwendels geh\u00f6rt seit vielen Jahren zu einem der beliebtesten Bikereviere. Ein dichtes Netz von gut ausgebauten Forststra\u00dfen und Wanderwegen laden ein, diese Bergregionen mit dem Bike zu erkunden. [&hellip;]","og_url":"https:\/\/www.schymik.de\/wordpress\/unterwegs-zwischen-karwendel-wetterstein-und-estergebirge\/","og_site_name":"Transalp Homepage","article_publisher":"https:\/\/www.facebook.com\/carsten.schymik","article_author":"https:\/\/www.facebook.com\/carsten.schymik","article_published_time":"2008-07-09T11:25:47+00:00","article_modified_time":"2008-07-14T07:54:03+00:00","og_image":[{"url":"http:\/\/www.schymik.de\/wordpress\/wp-content\/touren_karw.jpg"}],"author":"Carsten","twitter_card":"summary_large_image","twitter_misc":{"Verfasst von":"Carsten","Gesch\u00e4tzte Lesezeit":"3\u00a0Minuten"},"schema":{"@context":"https:\/\/schema.org","@graph":[{"@type":"Article","@id":"https:\/\/www.schymik.de\/wordpress\/unterwegs-zwischen-karwendel-wetterstein-und-estergebirge\/#article","isPartOf":{"@id":"https:\/\/www.schymik.de\/wordpress\/unterwegs-zwischen-karwendel-wetterstein-und-estergebirge\/"},"author":{"name":"Carsten","@id":"https:\/\/www.schymik.de\/wordpress\/#\/schema\/person\/f4792950b1a3875a57d4fc2380f11e22"},"headline":"Unterwegs zwischen Karwendel, Wetterstein und Estergebirge","datePublished":"2008-07-09T11:25:47+00:00","dateModified":"2008-07-14T07:54:03+00:00","mainEntityOfPage":{"@id":"https:\/\/www.schymik.de\/wordpress\/unterwegs-zwischen-karwendel-wetterstein-und-estergebirge\/"},"wordCount":513,"publisher":{"@id":"https:\/\/www.schymik.de\/wordpress\/#\/schema\/person\/f4792950b1a3875a57d4fc2380f11e22"},"articleSection":["B\u00fccher"],"inLanguage":"de"},{"@type":"WebPage","@id":"https:\/\/www.schymik.de\/wordpress\/unterwegs-zwischen-karwendel-wetterstein-und-estergebirge\/","url":"https:\/\/www.schymik.de\/wordpress\/unterwegs-zwischen-karwendel-wetterstein-und-estergebirge\/","name":"Unterwegs zwischen Karwendel, Wetterstein und Estergebirge - Transalp Homepage","isPartOf":{"@id":"https:\/\/www.schymik.de\/wordpress\/#website"},"datePublished":"2008-07-09T11:25:47+00:00","dateModified":"2008-07-14T07:54:03+00:00","breadcrumb":{"@id":"https:\/\/www.schymik.de\/wordpress\/unterwegs-zwischen-karwendel-wetterstein-und-estergebirge\/#breadcrumb"},"inLanguage":"de","potentialAction":[{"@type":"ReadAction","target":["https:\/\/www.schymik.de\/wordpress\/unterwegs-zwischen-karwendel-wetterstein-und-estergebirge\/"]}]},{"@type":"BreadcrumbList","@id":"https:\/\/www.schymik.de\/wordpress\/unterwegs-zwischen-karwendel-wetterstein-und-estergebirge\/#breadcrumb","itemListElement":[{"@type":"ListItem","position":1,"name":"Startseite","item":"https:\/\/www.schymik.de\/wordpress\/"},{"@type":"ListItem","position":2,"name":"Unterwegs zwischen Karwendel, Wetterstein und Estergebirge"}]},{"@type":"WebSite","@id":"https:\/\/www.schymik.de\/wordpress\/#website","url":"https:\/\/www.schymik.de\/wordpress\/","name":"Transalp Homepage","description":"Alles rund ums Mountainbike, Alpencross und Bikebergsteigen","publisher":{"@id":"https:\/\/www.schymik.de\/wordpress\/#\/schema\/person\/f4792950b1a3875a57d4fc2380f11e22"},"potentialAction":[{"@type":"SearchAction","target":{"@type":"EntryPoint","urlTemplate":"https:\/\/www.schymik.de\/wordpress\/?s={search_term_string}"},"query-input":"required name=search_term_string"}],"inLanguage":"de"},{"@type":["Person","Organization"],"@id":"https:\/\/www.schymik.de\/wordpress\/#\/schema\/person\/f4792950b1a3875a57d4fc2380f11e22","name":"Carsten","image":{"@type":"ImageObject","inLanguage":"de","@id":"https:\/\/www.schymik.de\/wordpress\/#\/schema\/person\/image\/","url":"https:\/\/www.schymik.de\/wordpress\/wp-content\/Schymik-Carsten-51x51cm.jpg","contentUrl":"https:\/\/www.schymik.de\/wordpress\/wp-content\/Schymik-Carsten-51x51cm.jpg","width":1530,"height":1530,"caption":"Carsten"},"logo":{"@id":"https:\/\/www.schymik.de\/wordpress\/#\/schema\/person\/image\/"},"sameAs":["http:\/\/www.schymik.de","https:\/\/www.facebook.com\/carsten.schymik","https:\/\/www.instagram.com\/carstenschymik\/","https:\/\/www.youtube.com\/@CarstenSchymik"]}]}},"_links":{"self":[{"href":"https:\/\/www.schymik.de\/wordpress\/wp-json\/wp\/v2\/posts\/186"}],"collection":[{"href":"https:\/\/www.schymik.de\/wordpress\/wp-json\/wp\/v2\/posts"}],"about":[{"href":"https:\/\/www.schymik.de\/wordpress\/wp-json\/wp\/v2\/types\/post"}],"author":[{"embeddable":true,"href":"https:\/\/www.schymik.de\/wordpress\/wp-json\/wp\/v2\/users\/1"}],"replies":[{"embeddable":true,"href":"https:\/\/www.schymik.de\/wordpress\/wp-json\/wp\/v2\/comments?post=186"}],"version-history":[{"count":0,"href":"https:\/\/www.schymik.de\/wordpress\/wp-json\/wp\/v2\/posts\/186\/revisions"}],"wp:attachment":[{"href":"https:\/\/www.schymik.de\/wordpress\/wp-json\/wp\/v2\/media?parent=186"}],"wp:term":[{"taxonomy":"category","embeddable":true,"href":"https:\/\/www.schymik.de\/wordpress\/wp-json\/wp\/v2\/categories?post=186"},{"taxonomy":"post_tag","embeddable":true,"href":"https:\/\/www.schymik.de\/wordpress\/wp-json\/wp\/v2\/tags?post=186"}],"curies":[{"name":"wp","href":"https:\/\/api.w.org\/{rel}","templated":true}]}}