{"id":1927,"date":"2012-03-09T20:53:00","date_gmt":"2012-03-09T19:53:00","guid":{"rendered":"http:\/\/www.schymik.de\/wordpress\/?p=1927"},"modified":"2012-03-21T11:03:57","modified_gmt":"2012-03-21T10:03:57","slug":"das-erste-mal","status":"publish","type":"post","link":"https:\/\/www.schymik.de\/wordpress\/das-erste-mal\/","title":{"rendered":"das erste Mal"},"content":{"rendered":"<p>Unser erster Alpencross: Die Entdeckung einer anderen Welt<\/p>\n<p>Von Andreas Waldera<\/p>\n<figure id=\"attachment_1929\" aria-describedby=\"caption-attachment-1929\" style=\"width: 208px\" class=\"wp-caption alignleft\"><a href=\"http:\/\/www.schymik.de\/wordpress\/wp-content\/Alpencross_Front.jpg\"><img decoding=\"async\" loading=\"lazy\" class=\"size-medium wp-image-1929\" title=\"Alpencross_Front\" src=\"http:\/\/www.schymik.de\/wordpress\/wp-content\/Alpencross_Front-208x300.jpg\" alt=\"\" width=\"208\" height=\"300\" srcset=\"https:\/\/www.schymik.de\/wordpress\/wp-content\/Alpencross_Front-208x300.jpg 208w, https:\/\/www.schymik.de\/wordpress\/wp-content\/Alpencross_Front.jpg 600w\" sizes=\"(max-width: 208px) 100vw, 208px\" \/><\/a><figcaption id=\"caption-attachment-1929\" class=\"wp-caption-text\">Titelbild<\/figcaption><\/figure>\n<p>Bei mir pers\u00f6nlich ist es nun schon etliche Jahre her, dass ich mich zum erstem mal dem Abenteuer Alpencross gestellt habe. Die meisten Mountainbiker dagegen d\u00fcrften diesen gro\u00dfen Schritt noch vor sich haben. Durch welche H\u00f6hen und Tiefen man auf so einer Tour gehen kann oder muss, welche Erfahrungen und Pr\u00fcfungen man jeden Tag auf neue meistern und bezwingen muss l\u00e4sst sich nur schwer beschreiben. Man muss es erleben. Aber ganz blind muss sich heute keiner mehr in ein solches Abenteuer st\u00fcrzen. Immer wieder sch\u00f6n zu lesen, was all den Anderen auf der Tour so widerfahren ist. So auch den beiden Akteuren im Buch von Andreas Waldera. Zwei Mountainbiker machen sich auf, um die Alpen zu bezwingen.In Ihrem Buch nehmen sie uns mit auf Ihre Reise \u00fcber die Berge.<\/p>\n<p>Jeder Mountainbiker versp\u00fcrt irgendwann den Drang, etwas Besonderes zu erleben. Er m\u00f6chte in Bereiche vorsto\u00dfen, die er nie vorher gesehen und erlebt hat. Eigentlich bestand die Idee einer Alpen\u00fcberquerung schon seit einigen Jahren, aber im Jahre 2005 sollte es dann endlich soweit sein. Worauf wir uns da genau einlassen w\u00fcrden, wussten wir vor dem Alpencross nat\u00fcrlich nicht: Eine unglaublich faszinierende, aber auch erschreckende Erfahrung!<\/p>\n<figure id=\"attachment_1928\" aria-describedby=\"caption-attachment-1928\" style=\"width: 225px\" class=\"wp-caption alignleft\"><a href=\"http:\/\/www.schymik.de\/wordpress\/wp-content\/Alpencross_Barricata.jpg\"><img decoding=\"async\" loading=\"lazy\" class=\"size-medium wp-image-1928\" title=\"Alpencross_Barricata\" src=\"http:\/\/www.schymik.de\/wordpress\/wp-content\/Alpencross_Barricata-225x300.jpg\" alt=\"\" width=\"225\" height=\"300\" srcset=\"https:\/\/www.schymik.de\/wordpress\/wp-content\/Alpencross_Barricata-225x300.jpg 225w, https:\/\/www.schymik.de\/wordpress\/wp-content\/Alpencross_Barricata.jpg 600w\" sizes=\"(max-width: 225px) 100vw, 225px\" \/><\/a><figcaption id=\"caption-attachment-1928\" class=\"wp-caption-text\">Auffahrt zur Rifugio Barricata<\/figcaption><\/figure>\n<p><strong>Tourenverlauf:<\/strong><\/p>\n<p>Tag 1: Von Berchtesgaden nach Saalbach-Hinterglemm<\/p>\n<p>Tag 2: Von Hinterglemm in das Felber Tal<\/p>\n<p>Tag 3: Im Schneesturm \u00fcber den Felber Tauern nach Lienz<\/p>\n<p>Tag 4: Durch das Pustertal und die Dolomiten<\/p>\n<p>Tag 5: Croda da Lago und Monte Pelmo<\/p>\n<p>Tag 6: Passo di Valles und Passo Rolle<\/p>\n<p>Tag 7: Pass der 5 Kreuze &#8211; Passo Cinque Croci<\/p>\n<p>Tag 8: Der Monte Ortigara oder der Tag der Qualen<\/p>\n<p>Tag 9: Posina oder der Wettlauf gegen die Zeit<\/p>\n<p>Tag 10: Endspurt &#8211; Alle Wege f\u00fchren nach Riva<\/p>\n<p><strong>Produktinformation:<\/strong><\/p>\n<p>Titel: Unser erster Alpencross: Die Entdeckung einer anderen Welt<br \/>\nVon Andreas Waldera<br \/>\nErscheinungsjahr: 2011<br \/>\n14 Farbabb.<br \/>\nAbmessungen: 210 mm x 148 mm x 5 mm<br \/>\nVer\u00f6ffentlicht am: 2011-11-17<br \/>\n76 Seiten<br \/>\nISBN:\u00a03842383592<\/p>\n<p>Das Buch bei <a title=\"Unser erster Alpencross: Die Entdeckung einer anderen Welt\" href=\"http:\/\/astore.amazon.de\/transalphomep-21\/detail\/3842383592\" target=\"_blank\">AMAZON <\/a>kaufen<\/p>\n<p>Link: <a title=\"fraktur-magazin\" href=\"http:\/\/www.fraktur-magazin.de\/stories\/2005\/alpencross\/alpencross.php\" target=\"_blank\">Fraktur-Magazin<\/a><\/p>\n","protected":false},"excerpt":{"rendered":"<p>Unser erster Alpencross: Die Entdeckung einer anderen Welt Von Andreas Waldera Bei mir pers\u00f6nlich ist es nun schon etliche Jahre her, dass ich mich zum erstem mal dem Abenteuer Alpencross gestellt habe. Die meisten Mountainbiker dagegen d\u00fcrften diesen gro\u00dfen Schritt noch vor sich haben. Durch welche H\u00f6hen und Tiefen man auf so einer Tour gehen [&hellip;]<\/p>\n","protected":false},"author":1,"featured_media":0,"comment_status":"open","ping_status":"open","sticky":false,"template":"","format":"standard","meta":[],"categories":[10],"tags":[],"yoast_head":"<!-- This site is optimized with the Yoast SEO plugin v21.0 - https:\/\/yoast.com\/wordpress\/plugins\/seo\/ -->\n<title>das erste Mal - Transalp Homepage<\/title>\n<meta name=\"robots\" content=\"index, follow, max-snippet:-1, max-image-preview:large, max-video-preview:-1\" \/>\n<link rel=\"canonical\" href=\"https:\/\/www.schymik.de\/wordpress\/das-erste-mal\/\" \/>\n<meta property=\"og:locale\" content=\"de_DE\" \/>\n<meta property=\"og:type\" content=\"article\" \/>\n<meta property=\"og:title\" content=\"das erste Mal - Transalp Homepage\" \/>\n<meta property=\"og:description\" content=\"Unser erster Alpencross: Die Entdeckung einer anderen Welt Von Andreas Waldera Bei mir pers\u00f6nlich ist es nun schon etliche Jahre her, dass ich mich zum erstem mal dem Abenteuer Alpencross gestellt habe. Die meisten Mountainbiker dagegen d\u00fcrften diesen gro\u00dfen Schritt noch vor sich haben. Durch welche H\u00f6hen und Tiefen man auf so einer Tour gehen [&hellip;]\" \/>\n<meta property=\"og:url\" content=\"https:\/\/www.schymik.de\/wordpress\/das-erste-mal\/\" \/>\n<meta property=\"og:site_name\" content=\"Transalp Homepage\" \/>\n<meta property=\"article:publisher\" content=\"https:\/\/www.facebook.com\/carsten.schymik\" \/>\n<meta property=\"article:author\" content=\"https:\/\/www.facebook.com\/carsten.schymik\" \/>\n<meta property=\"article:published_time\" content=\"2012-03-09T19:53:00+00:00\" \/>\n<meta property=\"article:modified_time\" content=\"2012-03-21T10:03:57+00:00\" \/>\n<meta property=\"og:image\" content=\"http:\/\/www.schymik.de\/wordpress\/wp-content\/Alpencross_Front-208x300.jpg\" \/>\n<meta name=\"author\" content=\"Carsten\" \/>\n<meta name=\"twitter:card\" content=\"summary_large_image\" \/>\n<meta name=\"twitter:label1\" content=\"Verfasst von\" \/>\n\t<meta name=\"twitter:data1\" content=\"Carsten\" \/>\n\t<meta name=\"twitter:label2\" content=\"Gesch\u00e4tzte Lesezeit\" \/>\n\t<meta name=\"twitter:data2\" content=\"2\u00a0Minuten\" \/>\n<script type=\"application\/ld+json\" class=\"yoast-schema-graph\">{\"@context\":\"https:\/\/schema.org\",\"@graph\":[{\"@type\":\"Article\",\"@id\":\"https:\/\/www.schymik.de\/wordpress\/das-erste-mal\/#article\",\"isPartOf\":{\"@id\":\"https:\/\/www.schymik.de\/wordpress\/das-erste-mal\/\"},\"author\":{\"name\":\"Carsten\",\"@id\":\"https:\/\/www.schymik.de\/wordpress\/#\/schema\/person\/f4792950b1a3875a57d4fc2380f11e22\"},\"headline\":\"das erste Mal\",\"datePublished\":\"2012-03-09T19:53:00+00:00\",\"dateModified\":\"2012-03-21T10:03:57+00:00\",\"mainEntityOfPage\":{\"@id\":\"https:\/\/www.schymik.de\/wordpress\/das-erste-mal\/\"},\"wordCount\":354,\"commentCount\":0,\"publisher\":{\"@id\":\"https:\/\/www.schymik.de\/wordpress\/#\/schema\/person\/f4792950b1a3875a57d4fc2380f11e22\"},\"articleSection\":[\"B\u00fccher\"],\"inLanguage\":\"de\",\"potentialAction\":[{\"@type\":\"CommentAction\",\"name\":\"Comment\",\"target\":[\"https:\/\/www.schymik.de\/wordpress\/das-erste-mal\/#respond\"]}]},{\"@type\":\"WebPage\",\"@id\":\"https:\/\/www.schymik.de\/wordpress\/das-erste-mal\/\",\"url\":\"https:\/\/www.schymik.de\/wordpress\/das-erste-mal\/\",\"name\":\"das erste Mal - Transalp Homepage\",\"isPartOf\":{\"@id\":\"https:\/\/www.schymik.de\/wordpress\/#website\"},\"datePublished\":\"2012-03-09T19:53:00+00:00\",\"dateModified\":\"2012-03-21T10:03:57+00:00\",\"breadcrumb\":{\"@id\":\"https:\/\/www.schymik.de\/wordpress\/das-erste-mal\/#breadcrumb\"},\"inLanguage\":\"de\",\"potentialAction\":[{\"@type\":\"ReadAction\",\"target\":[\"https:\/\/www.schymik.de\/wordpress\/das-erste-mal\/\"]}]},{\"@type\":\"BreadcrumbList\",\"@id\":\"https:\/\/www.schymik.de\/wordpress\/das-erste-mal\/#breadcrumb\",\"itemListElement\":[{\"@type\":\"ListItem\",\"position\":1,\"name\":\"Startseite\",\"item\":\"https:\/\/www.schymik.de\/wordpress\/\"},{\"@type\":\"ListItem\",\"position\":2,\"name\":\"das erste Mal\"}]},{\"@type\":\"WebSite\",\"@id\":\"https:\/\/www.schymik.de\/wordpress\/#website\",\"url\":\"https:\/\/www.schymik.de\/wordpress\/\",\"name\":\"Transalp Homepage\",\"description\":\"Alles rund ums Mountainbike, Alpencross und Bikebergsteigen\",\"publisher\":{\"@id\":\"https:\/\/www.schymik.de\/wordpress\/#\/schema\/person\/f4792950b1a3875a57d4fc2380f11e22\"},\"potentialAction\":[{\"@type\":\"SearchAction\",\"target\":{\"@type\":\"EntryPoint\",\"urlTemplate\":\"https:\/\/www.schymik.de\/wordpress\/?s={search_term_string}\"},\"query-input\":\"required name=search_term_string\"}],\"inLanguage\":\"de\"},{\"@type\":[\"Person\",\"Organization\"],\"@id\":\"https:\/\/www.schymik.de\/wordpress\/#\/schema\/person\/f4792950b1a3875a57d4fc2380f11e22\",\"name\":\"Carsten\",\"image\":{\"@type\":\"ImageObject\",\"inLanguage\":\"de\",\"@id\":\"https:\/\/www.schymik.de\/wordpress\/#\/schema\/person\/image\/\",\"url\":\"https:\/\/www.schymik.de\/wordpress\/wp-content\/Schymik-Carsten-51x51cm.jpg\",\"contentUrl\":\"https:\/\/www.schymik.de\/wordpress\/wp-content\/Schymik-Carsten-51x51cm.jpg\",\"width\":1530,\"height\":1530,\"caption\":\"Carsten\"},\"logo\":{\"@id\":\"https:\/\/www.schymik.de\/wordpress\/#\/schema\/person\/image\/\"},\"sameAs\":[\"http:\/\/www.schymik.de\",\"https:\/\/www.facebook.com\/carsten.schymik\",\"https:\/\/www.instagram.com\/carstenschymik\/\",\"https:\/\/www.youtube.com\/@CarstenSchymik\"]}]}<\/script>\n<!-- \/ Yoast SEO plugin. -->","yoast_head_json":{"title":"das erste Mal - Transalp Homepage","robots":{"index":"index","follow":"follow","max-snippet":"max-snippet:-1","max-image-preview":"max-image-preview:large","max-video-preview":"max-video-preview:-1"},"canonical":"https:\/\/www.schymik.de\/wordpress\/das-erste-mal\/","og_locale":"de_DE","og_type":"article","og_title":"das erste Mal - Transalp Homepage","og_description":"Unser erster Alpencross: Die Entdeckung einer anderen Welt Von Andreas Waldera Bei mir pers\u00f6nlich ist es nun schon etliche Jahre her, dass ich mich zum erstem mal dem Abenteuer Alpencross gestellt habe. Die meisten Mountainbiker dagegen d\u00fcrften diesen gro\u00dfen Schritt noch vor sich haben. Durch welche H\u00f6hen und Tiefen man auf so einer Tour gehen [&hellip;]","og_url":"https:\/\/www.schymik.de\/wordpress\/das-erste-mal\/","og_site_name":"Transalp Homepage","article_publisher":"https:\/\/www.facebook.com\/carsten.schymik","article_author":"https:\/\/www.facebook.com\/carsten.schymik","article_published_time":"2012-03-09T19:53:00+00:00","article_modified_time":"2012-03-21T10:03:57+00:00","og_image":[{"url":"http:\/\/www.schymik.de\/wordpress\/wp-content\/Alpencross_Front-208x300.jpg"}],"author":"Carsten","twitter_card":"summary_large_image","twitter_misc":{"Verfasst von":"Carsten","Gesch\u00e4tzte Lesezeit":"2\u00a0Minuten"},"schema":{"@context":"https:\/\/schema.org","@graph":[{"@type":"Article","@id":"https:\/\/www.schymik.de\/wordpress\/das-erste-mal\/#article","isPartOf":{"@id":"https:\/\/www.schymik.de\/wordpress\/das-erste-mal\/"},"author":{"name":"Carsten","@id":"https:\/\/www.schymik.de\/wordpress\/#\/schema\/person\/f4792950b1a3875a57d4fc2380f11e22"},"headline":"das erste Mal","datePublished":"2012-03-09T19:53:00+00:00","dateModified":"2012-03-21T10:03:57+00:00","mainEntityOfPage":{"@id":"https:\/\/www.schymik.de\/wordpress\/das-erste-mal\/"},"wordCount":354,"commentCount":0,"publisher":{"@id":"https:\/\/www.schymik.de\/wordpress\/#\/schema\/person\/f4792950b1a3875a57d4fc2380f11e22"},"articleSection":["B\u00fccher"],"inLanguage":"de","potentialAction":[{"@type":"CommentAction","name":"Comment","target":["https:\/\/www.schymik.de\/wordpress\/das-erste-mal\/#respond"]}]},{"@type":"WebPage","@id":"https:\/\/www.schymik.de\/wordpress\/das-erste-mal\/","url":"https:\/\/www.schymik.de\/wordpress\/das-erste-mal\/","name":"das erste Mal - Transalp Homepage","isPartOf":{"@id":"https:\/\/www.schymik.de\/wordpress\/#website"},"datePublished":"2012-03-09T19:53:00+00:00","dateModified":"2012-03-21T10:03:57+00:00","breadcrumb":{"@id":"https:\/\/www.schymik.de\/wordpress\/das-erste-mal\/#breadcrumb"},"inLanguage":"de","potentialAction":[{"@type":"ReadAction","target":["https:\/\/www.schymik.de\/wordpress\/das-erste-mal\/"]}]},{"@type":"BreadcrumbList","@id":"https:\/\/www.schymik.de\/wordpress\/das-erste-mal\/#breadcrumb","itemListElement":[{"@type":"ListItem","position":1,"name":"Startseite","item":"https:\/\/www.schymik.de\/wordpress\/"},{"@type":"ListItem","position":2,"name":"das erste Mal"}]},{"@type":"WebSite","@id":"https:\/\/www.schymik.de\/wordpress\/#website","url":"https:\/\/www.schymik.de\/wordpress\/","name":"Transalp Homepage","description":"Alles rund ums Mountainbike, Alpencross und Bikebergsteigen","publisher":{"@id":"https:\/\/www.schymik.de\/wordpress\/#\/schema\/person\/f4792950b1a3875a57d4fc2380f11e22"},"potentialAction":[{"@type":"SearchAction","target":{"@type":"EntryPoint","urlTemplate":"https:\/\/www.schymik.de\/wordpress\/?s={search_term_string}"},"query-input":"required name=search_term_string"}],"inLanguage":"de"},{"@type":["Person","Organization"],"@id":"https:\/\/www.schymik.de\/wordpress\/#\/schema\/person\/f4792950b1a3875a57d4fc2380f11e22","name":"Carsten","image":{"@type":"ImageObject","inLanguage":"de","@id":"https:\/\/www.schymik.de\/wordpress\/#\/schema\/person\/image\/","url":"https:\/\/www.schymik.de\/wordpress\/wp-content\/Schymik-Carsten-51x51cm.jpg","contentUrl":"https:\/\/www.schymik.de\/wordpress\/wp-content\/Schymik-Carsten-51x51cm.jpg","width":1530,"height":1530,"caption":"Carsten"},"logo":{"@id":"https:\/\/www.schymik.de\/wordpress\/#\/schema\/person\/image\/"},"sameAs":["http:\/\/www.schymik.de","https:\/\/www.facebook.com\/carsten.schymik","https:\/\/www.instagram.com\/carstenschymik\/","https:\/\/www.youtube.com\/@CarstenSchymik"]}]}},"_links":{"self":[{"href":"https:\/\/www.schymik.de\/wordpress\/wp-json\/wp\/v2\/posts\/1927"}],"collection":[{"href":"https:\/\/www.schymik.de\/wordpress\/wp-json\/wp\/v2\/posts"}],"about":[{"href":"https:\/\/www.schymik.de\/wordpress\/wp-json\/wp\/v2\/types\/post"}],"author":[{"embeddable":true,"href":"https:\/\/www.schymik.de\/wordpress\/wp-json\/wp\/v2\/users\/1"}],"replies":[{"embeddable":true,"href":"https:\/\/www.schymik.de\/wordpress\/wp-json\/wp\/v2\/comments?post=1927"}],"version-history":[{"count":3,"href":"https:\/\/www.schymik.de\/wordpress\/wp-json\/wp\/v2\/posts\/1927\/revisions"}],"predecessor-version":[{"id":1944,"href":"https:\/\/www.schymik.de\/wordpress\/wp-json\/wp\/v2\/posts\/1927\/revisions\/1944"}],"wp:attachment":[{"href":"https:\/\/www.schymik.de\/wordpress\/wp-json\/wp\/v2\/media?parent=1927"}],"wp:term":[{"taxonomy":"category","embeddable":true,"href":"https:\/\/www.schymik.de\/wordpress\/wp-json\/wp\/v2\/categories?post=1927"},{"taxonomy":"post_tag","embeddable":true,"href":"https:\/\/www.schymik.de\/wordpress\/wp-json\/wp\/v2\/tags?post=1927"}],"curies":[{"name":"wp","href":"https:\/\/api.w.org\/{rel}","templated":true}]}}