{"id":2090,"date":"2012-07-25T14:40:24","date_gmt":"2012-07-25T13:40:24","guid":{"rendered":"http:\/\/www.schymik.de\/wordpress\/?p=2090"},"modified":"2012-08-22T19:08:33","modified_gmt":"2012-08-22T18:08:33","slug":"grimsel-die-zweite","status":"publish","type":"post","link":"https:\/\/www.schymik.de\/wordpress\/grimsel-die-zweite\/","title":{"rendered":"Grimsel die Zweite"},"content":{"rendered":"<p style=\"text-align: left;\">es gibt Orte, die ziehen mich magisch an. Einmal ein Bild gesehen, einen Bericht im Fernsehen und schon will ich dort hin. So ging es mir auch vor einigen Jahren, als ich vom Neubau der H\u00e4ngebr\u00fccke am Triftgletscher geh\u00f6rt habe. Die h\u00f6chst gelegene H\u00e4ngeseilbr\u00fccke der Alpen.<\/p>\n<p>Geschickterweise haben Michael und ich nach unserem Besuch im Wallis noch ein paar tage Zeit, mit dem Bike durch die Berge zu fahren&#8230;und der Triftgletscher liegt zuf\u00e4llig direkt auf der Route zwischen dem Grimselpa\u00df und Engelberg. Ob die Trails dort oben bikebar sind, das galt es zu erforschen&#8230;<\/p>\n<p>Nachdem wir vor einigen Tagen schon die S\u00fcdseite des Grimselpasses auf einem traumhaften alten S\u00e4umerweg abgefahren sind, waren wir sehr gespannt, was uns heute an der Nordseite erwarten w\u00fcrde. Die ersten meter der Abfahrt in Richtung Guttannen versprachen richtig gut zu werden. Doch leider ist auf dieser Seite des Passes der Gr\u00f6\u00dfte Teil des alten Weges unter den Bauwerken der modernen Zeit verschunden. Sta\u00dfe, 2 Staussen, Karftwerke und m\u00e4chtige Staumauern pr\u00e4gen hier den Grimselpass. Zwar gibt es einen fast durchg\u00e4ngigen Wanderweg, dieser wird aber immer wieder von steilen Treppen, Gegenanstiegen oder lange flach am Ufer eines Stausees entlang laufenden Abschnitten unterbrochen. Echter Fahrspa\u00df oder Flow will sich nur schwer einstellen. Daf\u00fcr ist die Landschaft zwischen den steilen und m\u00e4chtigen Granitw\u00e4nden der umliegenden Berge sehr imposant und beeindruckend. Weiter unten verl\u00e4uft der Wanderweg komplett unbefahrbar parallel zur Stra\u00dfe. Da dieser Weg hier offensichtlich auch sehr wenig begangen wird, k\u00e4mpfen wir uns bei tropischer Hitze durch die wuchernde Botanik bis wir schlie\u00dflich irgendwann genervt aufgeben und das letzte St\u00fcck auf der Stra\u00dfe hinab rollen.<\/p>\n<p>Kurz vor Guttannen biegen wir nach rechts ab und schrauben uns bei h\u00f6llischen Temperaturen von bis zu 35\u00b0C in der prallen Sonne auf einer Schotterpiste den Berg hinauf. Auf knapp 1700 Metern endet der fahrbare weg, bis zum Furtwangsattel sind noch \u00fcber 800 H\u00f6henmeter zu bezwingen. Der Weg ist einsam, wir passieren eine bewohnte Alm, treffen einen Wanderer und werden von einer gro\u00dfen Herde bl\u00f6ckender Schafe begleitet.<\/p>\n<p style=\"text-align: center;\"><a href=\"http:\/\/fstatic1.mtb-news.de\/f\/hm\/k9\/hmk9usrp24k4\/large_P1040039.JPG?0\"><img decoding=\"async\" loading=\"lazy\" class=\"aligncenter\" src=\"http:\/\/fstatic1.mtb-news.de\/f\/hm\/k9\/hmk9usrp24k4\/large_P1040039.JPG?0\" alt=\"\" width=\"430\" height=\"242\" \/><\/a><\/p>\n<p style=\"text-align: left;\">Gegen 17.00 Uhr haben wir den Pass erreicht. Die Temperatur ist inzwischen auf 15\u00b0C abgesunken, an der Nordseite des \u00dcberganges dominieren gro\u00dfe Schneefelder das Landschaftsbild der bevorstehenden Abfahrt. Nachdem wir diese meist rutschend und gleitend, aber auch mal schiebend \u00fcberwunden haben m\u00fcssen wir noch ein gro\u00dfes Ger\u00f6llfeld mit gro\u00dfen wackeligen Bl\u00f6cken \u00fcberwinden. Dejavue&#8230;letztes Jahr am Passo Scarpaco war das genau das Gleiche. Der Furtwangsattel rutscht mit jedem Meter im ranking der &#8220;sinnloststen P\u00e4sse&#8221; weiter nach oben.<\/p>\n<p>An Fahren ist eigentlich nicht oft zu denken. An ein rasches Vorankommen und an ein schnelles Erreichen der Windeggh\u00fctte erst recht nicht. So haben wir uns das hier eigentlich nicht vorgestellt. Bereits beim Weg nach oben sind uns anvielen Stellen frisch gegrabene Wegsabschnitte aufgefallen. Hier wird zur zeit kr\u00e4ftig gearbeitet. Auch die schneefreien Abschnitte der Abfahrt weisen frische Spuren von Wegebaut\u00e4tigkeiten auf. Immer wieder kommen wir an abgestelltem Wekzeug vorbei. Wir bef\u00fcrchten bereits jetzt, dass der ganze Bautrupp auf der kleinen H\u00fctte \u00fcbernachtet. Es wird langsam sp\u00e4t, der Triftgletscher wird von der warmen Abendsonne beeindruckend beleuchtet.<\/p>\n<p style=\"text-align: left;\"><a href=\"http:\/\/www.schymik.de\/wordpress\/wp-content\/windegg1.jpg\"><img decoding=\"async\" loading=\"lazy\" class=\" wp-image-2103 aligncenter\" title=\"windegg1\" src=\"http:\/\/www.schymik.de\/wordpress\/wp-content\/windegg1.jpg\" alt=\"\" width=\"430\" height=\"323\" srcset=\"https:\/\/www.schymik.de\/wordpress\/wp-content\/windegg1.jpg 1024w, https:\/\/www.schymik.de\/wordpress\/wp-content\/windegg1-600x450.jpg 600w, https:\/\/www.schymik.de\/wordpress\/wp-content\/windegg1-300x225.jpg 300w\" sizes=\"(max-width: 430px) 100vw, 430px\" \/><\/a>Wir kommen langsam voran und hoffen nur noch die H\u00fctte bei Tageslicht zu erreichen. an eine Abfahrt bis hinab ins Tal ist heute nicht mehr zu denken. Dann geht es noch mal bergauf, vor uns l\u00e4uft wie zum Hohn ein Herde Schafe her. Das Gebl\u00f6ke klingt wie Schadenfreude. Dann endlich sehen wir die Schweizer Flagge unter uns am Berg. Noch wenige Meter durch die Trailbaustelle, meist kaum fahrbar, dann haben wir es geschafft.<\/p>\n<p style=\"text-align: left;\">Gegen 20.00 Uhr erreichen wir die H\u00fctte. Wie erwartet ist sie voll ausgebucht. Die nette H\u00fcttenwirtin hat ein Einsehen, wei\u00df dass sie uns nicht mehr weiter schicken kann. Wir bekommen noch eine warme Suppe, etwas zu trinken und statt dem \u00fcberf\u00fcllten\u00a0Matratzenlager zwei Unterlagen, je eine Decke und ein Kissen in der ger\u00e4umigen Gaststube. Bingo!<\/p>\n<p style=\"text-align: left;\">Link: <a title=\"Windegghuette\" href=\"http:\/\/www.windegghuette.ch\/\" target=\"_blank\">Windegghuette<\/a><\/p>\n<p style=\"text-align: left;\">zu den Bauarbeiten am Weg: Die Lehrlinge der Berner Baufirma Marti sanieren 4,5 Kilometer des Furtwangsattel-Weges zwischen der Windeggh\u00fctte und Guttannen. Vielen Dank an die fleissigen Helfer, die Bergwanderer werden sich freuen! Die Story kann man\u00a0im <a title=\"Berner Oberl\u00e4nder\" href=\"http:\/\/bo.bernerzeitung.ch\/region\/thun\/Arbeitscamp-auf-2600-Meter\/story\/25104711\" target=\"_blank\">Berner Oberl\u00e4nder<\/a>\u00a0nachlesen.<\/p>\n<p style=\"text-align: left;\">Weiter zu <a title=\"Tag 2\" href=\"http:\/\/www.schymik.de\/wordpress\/?p=2108\">Tag 2<\/a><\/p>\n<p>&nbsp;<\/p>\n<p>&nbsp;<\/p>\n","protected":false},"excerpt":{"rendered":"<p>es gibt Orte, die ziehen mich magisch an. Einmal ein Bild gesehen, einen Bericht im Fernsehen und schon will ich dort hin. So ging es mir auch vor einigen Jahren, als ich vom Neubau der H\u00e4ngebr\u00fccke am Triftgletscher geh\u00f6rt habe. Die h\u00f6chst gelegene H\u00e4ngeseilbr\u00fccke der Alpen. Geschickterweise haben Michael und ich nach unserem Besuch im [&hellip;]<\/p>\n","protected":false},"author":1,"featured_media":0,"comment_status":"open","ping_status":"open","sticky":false,"template":"","format":"standard","meta":[],"categories":[1],"tags":[34],"yoast_head":"<!-- This site is optimized with the Yoast SEO plugin v21.0 - https:\/\/yoast.com\/wordpress\/plugins\/seo\/ -->\n<title>Grimsel die Zweite - Transalp Homepage<\/title>\n<meta name=\"robots\" content=\"index, follow, max-snippet:-1, max-image-preview:large, max-video-preview:-1\" \/>\n<link rel=\"canonical\" href=\"https:\/\/www.schymik.de\/wordpress\/grimsel-die-zweite\/\" \/>\n<meta property=\"og:locale\" content=\"de_DE\" \/>\n<meta property=\"og:type\" content=\"article\" \/>\n<meta property=\"og:title\" content=\"Grimsel die Zweite - Transalp Homepage\" \/>\n<meta property=\"og:description\" content=\"es gibt Orte, die ziehen mich magisch an. Einmal ein Bild gesehen, einen Bericht im Fernsehen und schon will ich dort hin. So ging es mir auch vor einigen Jahren, als ich vom Neubau der H\u00e4ngebr\u00fccke am Triftgletscher geh\u00f6rt habe. Die h\u00f6chst gelegene H\u00e4ngeseilbr\u00fccke der Alpen. Geschickterweise haben Michael und ich nach unserem Besuch im [&hellip;]\" \/>\n<meta property=\"og:url\" content=\"https:\/\/www.schymik.de\/wordpress\/grimsel-die-zweite\/\" \/>\n<meta property=\"og:site_name\" content=\"Transalp Homepage\" \/>\n<meta property=\"article:publisher\" content=\"https:\/\/www.facebook.com\/carsten.schymik\" \/>\n<meta property=\"article:author\" content=\"https:\/\/www.facebook.com\/carsten.schymik\" \/>\n<meta property=\"article:published_time\" content=\"2012-07-25T13:40:24+00:00\" \/>\n<meta property=\"article:modified_time\" content=\"2012-08-22T18:08:33+00:00\" \/>\n<meta property=\"og:image\" content=\"http:\/\/fstatic1.mtb-news.de\/f\/hm\/k9\/hmk9usrp24k4\/large_P1040039.JPG?0\" \/>\n<meta name=\"author\" content=\"Carsten\" \/>\n<meta name=\"twitter:card\" content=\"summary_large_image\" \/>\n<meta name=\"twitter:label1\" content=\"Verfasst von\" \/>\n\t<meta name=\"twitter:data1\" content=\"Carsten\" \/>\n\t<meta name=\"twitter:label2\" content=\"Gesch\u00e4tzte Lesezeit\" \/>\n\t<meta name=\"twitter:data2\" content=\"4\u00a0Minuten\" \/>\n<script type=\"application\/ld+json\" class=\"yoast-schema-graph\">{\"@context\":\"https:\/\/schema.org\",\"@graph\":[{\"@type\":\"Article\",\"@id\":\"https:\/\/www.schymik.de\/wordpress\/grimsel-die-zweite\/#article\",\"isPartOf\":{\"@id\":\"https:\/\/www.schymik.de\/wordpress\/grimsel-die-zweite\/\"},\"author\":{\"name\":\"Carsten\",\"@id\":\"https:\/\/www.schymik.de\/wordpress\/#\/schema\/person\/f4792950b1a3875a57d4fc2380f11e22\"},\"headline\":\"Grimsel die Zweite\",\"datePublished\":\"2012-07-25T13:40:24+00:00\",\"dateModified\":\"2012-08-22T18:08:33+00:00\",\"mainEntityOfPage\":{\"@id\":\"https:\/\/www.schymik.de\/wordpress\/grimsel-die-zweite\/\"},\"wordCount\":729,\"commentCount\":1,\"publisher\":{\"@id\":\"https:\/\/www.schymik.de\/wordpress\/#\/schema\/person\/f4792950b1a3875a57d4fc2380f11e22\"},\"keywords\":[\"Schweiz\"],\"articleSection\":[\"Bike-Tagebuch\"],\"inLanguage\":\"de\",\"potentialAction\":[{\"@type\":\"CommentAction\",\"name\":\"Comment\",\"target\":[\"https:\/\/www.schymik.de\/wordpress\/grimsel-die-zweite\/#respond\"]}]},{\"@type\":\"WebPage\",\"@id\":\"https:\/\/www.schymik.de\/wordpress\/grimsel-die-zweite\/\",\"url\":\"https:\/\/www.schymik.de\/wordpress\/grimsel-die-zweite\/\",\"name\":\"Grimsel die Zweite - Transalp Homepage\",\"isPartOf\":{\"@id\":\"https:\/\/www.schymik.de\/wordpress\/#website\"},\"datePublished\":\"2012-07-25T13:40:24+00:00\",\"dateModified\":\"2012-08-22T18:08:33+00:00\",\"breadcrumb\":{\"@id\":\"https:\/\/www.schymik.de\/wordpress\/grimsel-die-zweite\/#breadcrumb\"},\"inLanguage\":\"de\",\"potentialAction\":[{\"@type\":\"ReadAction\",\"target\":[\"https:\/\/www.schymik.de\/wordpress\/grimsel-die-zweite\/\"]}]},{\"@type\":\"BreadcrumbList\",\"@id\":\"https:\/\/www.schymik.de\/wordpress\/grimsel-die-zweite\/#breadcrumb\",\"itemListElement\":[{\"@type\":\"ListItem\",\"position\":1,\"name\":\"Startseite\",\"item\":\"https:\/\/www.schymik.de\/wordpress\/\"},{\"@type\":\"ListItem\",\"position\":2,\"name\":\"Grimsel die Zweite\"}]},{\"@type\":\"WebSite\",\"@id\":\"https:\/\/www.schymik.de\/wordpress\/#website\",\"url\":\"https:\/\/www.schymik.de\/wordpress\/\",\"name\":\"Transalp Homepage\",\"description\":\"Alles rund ums Mountainbike, Alpencross und Bikebergsteigen\",\"publisher\":{\"@id\":\"https:\/\/www.schymik.de\/wordpress\/#\/schema\/person\/f4792950b1a3875a57d4fc2380f11e22\"},\"potentialAction\":[{\"@type\":\"SearchAction\",\"target\":{\"@type\":\"EntryPoint\",\"urlTemplate\":\"https:\/\/www.schymik.de\/wordpress\/?s={search_term_string}\"},\"query-input\":\"required name=search_term_string\"}],\"inLanguage\":\"de\"},{\"@type\":[\"Person\",\"Organization\"],\"@id\":\"https:\/\/www.schymik.de\/wordpress\/#\/schema\/person\/f4792950b1a3875a57d4fc2380f11e22\",\"name\":\"Carsten\",\"image\":{\"@type\":\"ImageObject\",\"inLanguage\":\"de\",\"@id\":\"https:\/\/www.schymik.de\/wordpress\/#\/schema\/person\/image\/\",\"url\":\"https:\/\/www.schymik.de\/wordpress\/wp-content\/Schymik-Carsten-51x51cm.jpg\",\"contentUrl\":\"https:\/\/www.schymik.de\/wordpress\/wp-content\/Schymik-Carsten-51x51cm.jpg\",\"width\":1530,\"height\":1530,\"caption\":\"Carsten\"},\"logo\":{\"@id\":\"https:\/\/www.schymik.de\/wordpress\/#\/schema\/person\/image\/\"},\"sameAs\":[\"http:\/\/www.schymik.de\",\"https:\/\/www.facebook.com\/carsten.schymik\",\"https:\/\/www.instagram.com\/carstenschymik\/\",\"https:\/\/www.youtube.com\/@CarstenSchymik\"]}]}<\/script>\n<!-- \/ Yoast SEO plugin. -->","yoast_head_json":{"title":"Grimsel die Zweite - Transalp Homepage","robots":{"index":"index","follow":"follow","max-snippet":"max-snippet:-1","max-image-preview":"max-image-preview:large","max-video-preview":"max-video-preview:-1"},"canonical":"https:\/\/www.schymik.de\/wordpress\/grimsel-die-zweite\/","og_locale":"de_DE","og_type":"article","og_title":"Grimsel die Zweite - Transalp Homepage","og_description":"es gibt Orte, die ziehen mich magisch an. Einmal ein Bild gesehen, einen Bericht im Fernsehen und schon will ich dort hin. So ging es mir auch vor einigen Jahren, als ich vom Neubau der H\u00e4ngebr\u00fccke am Triftgletscher geh\u00f6rt habe. Die h\u00f6chst gelegene H\u00e4ngeseilbr\u00fccke der Alpen. Geschickterweise haben Michael und ich nach unserem Besuch im [&hellip;]","og_url":"https:\/\/www.schymik.de\/wordpress\/grimsel-die-zweite\/","og_site_name":"Transalp Homepage","article_publisher":"https:\/\/www.facebook.com\/carsten.schymik","article_author":"https:\/\/www.facebook.com\/carsten.schymik","article_published_time":"2012-07-25T13:40:24+00:00","article_modified_time":"2012-08-22T18:08:33+00:00","og_image":[{"url":"http:\/\/fstatic1.mtb-news.de\/f\/hm\/k9\/hmk9usrp24k4\/large_P1040039.JPG?0"}],"author":"Carsten","twitter_card":"summary_large_image","twitter_misc":{"Verfasst von":"Carsten","Gesch\u00e4tzte Lesezeit":"4\u00a0Minuten"},"schema":{"@context":"https:\/\/schema.org","@graph":[{"@type":"Article","@id":"https:\/\/www.schymik.de\/wordpress\/grimsel-die-zweite\/#article","isPartOf":{"@id":"https:\/\/www.schymik.de\/wordpress\/grimsel-die-zweite\/"},"author":{"name":"Carsten","@id":"https:\/\/www.schymik.de\/wordpress\/#\/schema\/person\/f4792950b1a3875a57d4fc2380f11e22"},"headline":"Grimsel die Zweite","datePublished":"2012-07-25T13:40:24+00:00","dateModified":"2012-08-22T18:08:33+00:00","mainEntityOfPage":{"@id":"https:\/\/www.schymik.de\/wordpress\/grimsel-die-zweite\/"},"wordCount":729,"commentCount":1,"publisher":{"@id":"https:\/\/www.schymik.de\/wordpress\/#\/schema\/person\/f4792950b1a3875a57d4fc2380f11e22"},"keywords":["Schweiz"],"articleSection":["Bike-Tagebuch"],"inLanguage":"de","potentialAction":[{"@type":"CommentAction","name":"Comment","target":["https:\/\/www.schymik.de\/wordpress\/grimsel-die-zweite\/#respond"]}]},{"@type":"WebPage","@id":"https:\/\/www.schymik.de\/wordpress\/grimsel-die-zweite\/","url":"https:\/\/www.schymik.de\/wordpress\/grimsel-die-zweite\/","name":"Grimsel die Zweite - Transalp Homepage","isPartOf":{"@id":"https:\/\/www.schymik.de\/wordpress\/#website"},"datePublished":"2012-07-25T13:40:24+00:00","dateModified":"2012-08-22T18:08:33+00:00","breadcrumb":{"@id":"https:\/\/www.schymik.de\/wordpress\/grimsel-die-zweite\/#breadcrumb"},"inLanguage":"de","potentialAction":[{"@type":"ReadAction","target":["https:\/\/www.schymik.de\/wordpress\/grimsel-die-zweite\/"]}]},{"@type":"BreadcrumbList","@id":"https:\/\/www.schymik.de\/wordpress\/grimsel-die-zweite\/#breadcrumb","itemListElement":[{"@type":"ListItem","position":1,"name":"Startseite","item":"https:\/\/www.schymik.de\/wordpress\/"},{"@type":"ListItem","position":2,"name":"Grimsel die Zweite"}]},{"@type":"WebSite","@id":"https:\/\/www.schymik.de\/wordpress\/#website","url":"https:\/\/www.schymik.de\/wordpress\/","name":"Transalp Homepage","description":"Alles rund ums Mountainbike, Alpencross und Bikebergsteigen","publisher":{"@id":"https:\/\/www.schymik.de\/wordpress\/#\/schema\/person\/f4792950b1a3875a57d4fc2380f11e22"},"potentialAction":[{"@type":"SearchAction","target":{"@type":"EntryPoint","urlTemplate":"https:\/\/www.schymik.de\/wordpress\/?s={search_term_string}"},"query-input":"required name=search_term_string"}],"inLanguage":"de"},{"@type":["Person","Organization"],"@id":"https:\/\/www.schymik.de\/wordpress\/#\/schema\/person\/f4792950b1a3875a57d4fc2380f11e22","name":"Carsten","image":{"@type":"ImageObject","inLanguage":"de","@id":"https:\/\/www.schymik.de\/wordpress\/#\/schema\/person\/image\/","url":"https:\/\/www.schymik.de\/wordpress\/wp-content\/Schymik-Carsten-51x51cm.jpg","contentUrl":"https:\/\/www.schymik.de\/wordpress\/wp-content\/Schymik-Carsten-51x51cm.jpg","width":1530,"height":1530,"caption":"Carsten"},"logo":{"@id":"https:\/\/www.schymik.de\/wordpress\/#\/schema\/person\/image\/"},"sameAs":["http:\/\/www.schymik.de","https:\/\/www.facebook.com\/carsten.schymik","https:\/\/www.instagram.com\/carstenschymik\/","https:\/\/www.youtube.com\/@CarstenSchymik"]}]}},"_links":{"self":[{"href":"https:\/\/www.schymik.de\/wordpress\/wp-json\/wp\/v2\/posts\/2090"}],"collection":[{"href":"https:\/\/www.schymik.de\/wordpress\/wp-json\/wp\/v2\/posts"}],"about":[{"href":"https:\/\/www.schymik.de\/wordpress\/wp-json\/wp\/v2\/types\/post"}],"author":[{"embeddable":true,"href":"https:\/\/www.schymik.de\/wordpress\/wp-json\/wp\/v2\/users\/1"}],"replies":[{"embeddable":true,"href":"https:\/\/www.schymik.de\/wordpress\/wp-json\/wp\/v2\/comments?post=2090"}],"version-history":[{"count":6,"href":"https:\/\/www.schymik.de\/wordpress\/wp-json\/wp\/v2\/posts\/2090\/revisions"}],"predecessor-version":[{"id":2093,"href":"https:\/\/www.schymik.de\/wordpress\/wp-json\/wp\/v2\/posts\/2090\/revisions\/2093"}],"wp:attachment":[{"href":"https:\/\/www.schymik.de\/wordpress\/wp-json\/wp\/v2\/media?parent=2090"}],"wp:term":[{"taxonomy":"category","embeddable":true,"href":"https:\/\/www.schymik.de\/wordpress\/wp-json\/wp\/v2\/categories?post=2090"},{"taxonomy":"post_tag","embeddable":true,"href":"https:\/\/www.schymik.de\/wordpress\/wp-json\/wp\/v2\/tags?post=2090"}],"curies":[{"name":"wp","href":"https:\/\/api.w.org\/{rel}","templated":true}]}}