{"id":2257,"date":"2000-09-15T10:46:08","date_gmt":"2000-09-15T09:46:08","guid":{"rendered":"http:\/\/www.schymik.de\/wordpress\/?p=2257"},"modified":"2012-09-04T10:58:42","modified_gmt":"2012-09-04T09:58:42","slug":"bucher-dolomitenkrieg","status":"publish","type":"post","link":"https:\/\/www.schymik.de\/wordpress\/bucher-dolomitenkrieg\/","title":{"rendered":"B\u00fccher Dolomitenkrieg"},"content":{"rendered":"<p>B\u00fccher zum Thema Gebirgskrieg am Ortler \u00fcber den Gardasee, den Dolomiten bis in die Julischen Alpen.<br \/>\nHier die einge Beispiele:<\/p>\n<figure style=\"width: 420px\" class=\"wp-caption alignnone\"><a href=\"http:\/\/www.schymik.de\/Transalp\/intentionen1.JPG\"><img decoding=\"async\" loading=\"lazy\" class=\" \" src=\"http:\/\/www.schymik.de\/Transalp\/intentionen1.JPG\" alt=\"\" width=\"420\" height=\"315\" \/><\/a><figcaption class=\"wp-caption-text\">Festung<\/figcaption><\/figure>\n<p>&nbsp;<\/p>\n<p><a href=\"http:\/\/www.amazon.de\/gp\/product\/376545432X\/ref=as_li_ss_il?ie=UTF8&amp;camp=1638&amp;creative=19454&amp;creativeASIN=376545432X&amp;linkCode=as2&amp;tag=transalphomep-21\"><img decoding=\"async\" src=\"http:\/\/ws.assoc-amazon.de\/widgets\/q?_encoding=UTF8&amp;ASIN=376545432X&amp;Format=_SL110_&amp;ID=AsinImage&amp;MarketPlace=DE&amp;ServiceVersion=20070822&amp;WS=1&amp;tag=transalphomep-21\" alt=\"\" border=\"0\" \/><\/a><img decoding=\"async\" loading=\"lazy\" style=\"border: none !important; margin: 0px !important;\" src=\"http:\/\/www.assoc-amazon.de\/e\/ir?t=transalphomep-21&amp;l=as2&amp;o=3&amp;a=376545432X\" alt=\"\" width=\"1\" height=\"1\" border=\"0\" \/><br \/>\n<a href=\"http:\/\/www.amazon.de\/gp\/product\/376545432X\/ref=as_li_ss_tl?ie=UTF8&amp;camp=1638&amp;creative=19454&amp;creativeASIN=376545432X&amp;linkCode=as2&amp;tag=transalphomep-21\">Auf alten Kriegspfaden durch die Dolomit: 30 spektakul\u00e4re Wanderungen auf historischen Wegen<\/a><img decoding=\"async\" loading=\"lazy\" style=\"border: none !important; margin: 0px !important;\" src=\"http:\/\/www.assoc-amazon.de\/e\/ir?t=transalphomep-21&amp;l=as2&amp;o=3&amp;a=376545432X\" alt=\"\" width=\"1\" height=\"1\" border=\"0\" \/><\/p>\n<p>&#8212;<\/p>\n<p><a href=\"http:\/\/www.amazon.de\/gp\/product\/8883150880\/ref=as_li_ss_il?ie=UTF8&amp;camp=1638&amp;creative=19454&amp;creativeASIN=8883150880&amp;linkCode=as2&amp;tag=transalphomep-21\"><img decoding=\"async\" src=\"http:\/\/ws.assoc-amazon.de\/widgets\/q?_encoding=UTF8&amp;ASIN=8883150880&amp;Format=_SL110_&amp;ID=AsinImage&amp;MarketPlace=DE&amp;ServiceVersion=20070822&amp;WS=1&amp;tag=transalphomep-21\" alt=\"\" border=\"0\" \/><\/a><img decoding=\"async\" loading=\"lazy\" style=\"border: none !important; margin: 0px !important;\" src=\"http:\/\/www.assoc-amazon.de\/e\/ir?t=transalphomep-21&amp;l=as2&amp;o=3&amp;a=8883150880\" alt=\"\" width=\"1\" height=\"1\" border=\"0\" \/><br \/>\n<a href=\"http:\/\/www.amazon.de\/gp\/product\/8883150880\/ref=as_li_ss_tl?ie=UTF8&amp;camp=1638&amp;creative=19454&amp;creativeASIN=8883150880&amp;linkCode=as2&amp;tag=transalphomep-21\">Wanderkarte Erster Weltkrieg 1:25 000<\/a><img decoding=\"async\" loading=\"lazy\" style=\"border: none !important; margin: 0px !important;\" src=\"http:\/\/www.assoc-amazon.de\/e\/ir?t=transalphomep-21&amp;l=as2&amp;o=3&amp;a=8883150880\" alt=\"\" width=\"1\" height=\"1\" border=\"0\" \/><\/p>\n<p>&#8212;<\/p>\n<p><a href=\"http:\/\/www.amazon.de\/gp\/product\/8870141187\/ref=as_li_ss_il?ie=UTF8&amp;camp=1638&amp;creative=19454&amp;creativeASIN=8870141187&amp;linkCode=as2&amp;tag=transalphomep-21\"><img decoding=\"async\" src=\"http:\/\/ws.assoc-amazon.de\/widgets\/q?_encoding=UTF8&amp;ASIN=8870141187&amp;Format=_SL110_&amp;ID=AsinImage&amp;MarketPlace=DE&amp;ServiceVersion=20070822&amp;WS=1&amp;tag=transalphomep-21\" alt=\"\" border=\"0\" \/><\/a><img decoding=\"async\" loading=\"lazy\" style=\"border: none !important; margin: 0px !important;\" src=\"http:\/\/www.assoc-amazon.de\/e\/ir?t=transalphomep-21&amp;l=as2&amp;o=3&amp;a=8870141187\" alt=\"\" width=\"1\" height=\"1\" border=\"0\" \/><br \/>\n<a href=\"http:\/\/www.amazon.de\/gp\/product\/8870141187\/ref=as_li_ss_tl?ie=UTF8&amp;camp=1638&amp;creative=19454&amp;creativeASIN=8870141187&amp;linkCode=as2&amp;tag=transalphomep-21\">Die Front in Fels und Eis. Der Weltkrieg 1915 &#8211; 1918 im Hochgebirge<\/a><img decoding=\"async\" loading=\"lazy\" style=\"border: none !important; margin: 0px !important;\" src=\"http:\/\/www.assoc-amazon.de\/e\/ir?t=transalphomep-21&amp;l=as2&amp;o=3&amp;a=8870141187\" alt=\"\" width=\"1\" height=\"1\" border=\"0\" \/><\/p>\n<p>&#8212;<\/p>\n<p><a href=\"http:\/\/www.amazon.de\/gp\/product\/3702009477\/ref=as_li_ss_il?ie=UTF8&amp;camp=1638&amp;creative=19454&amp;creativeASIN=3702009477&amp;linkCode=as2&amp;tag=transalphomep-21\"><img decoding=\"async\" src=\"http:\/\/ws.assoc-amazon.de\/widgets\/q?_encoding=UTF8&amp;ASIN=3702009477&amp;Format=_SL110_&amp;ID=AsinImage&amp;MarketPlace=DE&amp;ServiceVersion=20070822&amp;WS=1&amp;tag=transalphomep-21\" alt=\"\" border=\"0\" \/><\/a><img decoding=\"async\" loading=\"lazy\" style=\"border: none !important; margin: 0px !important;\" src=\"http:\/\/www.assoc-amazon.de\/e\/ir?t=transalphomep-21&amp;l=as2&amp;o=3&amp;a=3702009477\" alt=\"\" width=\"1\" height=\"1\" border=\"0\" \/><br \/>\n<a href=\"http:\/\/www.amazon.de\/gp\/product\/3702009477\/ref=as_li_ss_tl?ie=UTF8&amp;camp=1638&amp;creative=19454&amp;creativeASIN=3702009477&amp;linkCode=as2&amp;tag=transalphomep-21\">Die Schlacht am Isonzo: 888 Tage Krieg im Karst in Pl\u00e4nen, Karten und Berichten<\/a><img decoding=\"async\" loading=\"lazy\" style=\"border: none !important; margin: 0px !important;\" src=\"http:\/\/www.assoc-amazon.de\/e\/ir?t=transalphomep-21&amp;l=as2&amp;o=3&amp;a=3702009477\" alt=\"\" width=\"1\" height=\"1\" border=\"0\" \/><\/p>\n<p>&#8212;<\/p>\n<p><a href=\"http:\/\/www.amazon.de\/gp\/product\/3702010955\/ref=as_li_ss_il?ie=UTF8&amp;camp=1638&amp;creative=19454&amp;creativeASIN=3702010955&amp;linkCode=as2&amp;tag=transalphomep-21\"><img decoding=\"async\" src=\"http:\/\/ws.assoc-amazon.de\/widgets\/q?_encoding=UTF8&amp;ASIN=3702010955&amp;Format=_SL110_&amp;ID=AsinImage&amp;MarketPlace=DE&amp;ServiceVersion=20070822&amp;WS=1&amp;tag=transalphomep-21\" alt=\"\" border=\"0\" \/><\/a><img decoding=\"async\" loading=\"lazy\" style=\"border: none !important; margin: 0px !important;\" src=\"http:\/\/www.assoc-amazon.de\/e\/ir?t=transalphomep-21&amp;l=as2&amp;o=3&amp;a=3702010955\" alt=\"\" width=\"1\" height=\"1\" border=\"0\" \/><br \/>\n<a href=\"http:\/\/www.amazon.de\/gp\/product\/3702010955\/ref=as_li_ss_tl?ie=UTF8&amp;camp=1638&amp;creative=19454&amp;creativeASIN=3702010955&amp;linkCode=as2&amp;tag=transalphomep-21\">Die steinerne Front<\/a><img decoding=\"async\" loading=\"lazy\" style=\"border: none !important; margin: 0px !important;\" src=\"http:\/\/www.assoc-amazon.de\/e\/ir?t=transalphomep-21&amp;l=as2&amp;o=3&amp;a=3702010955\" alt=\"\" width=\"1\" height=\"1\" border=\"0\" \/><\/p>\n<p>Weite B\u00fccher und Filme habe ich <a title=\"Erster Weltkrieg in den Alpen\" href=\"http:\/\/www.schymik.de\/Transalp\/Alpenkrieg.htm\" target=\"_blank\">hier<\/a> zusammen gestellt<\/p>\n<p>Bikef\u00fchrer:<\/p>\n<p><a href=\"http:\/\/www.amazon.de\/gp\/product\/3000378936\/ref=as_li_ss_il?ie=UTF8&amp;camp=1638&amp;creative=19454&amp;creativeASIN=3000378936&amp;linkCode=as2&amp;tag=transalphomep-21\"><img decoding=\"async\" src=\"http:\/\/ws.assoc-amazon.de\/widgets\/q?_encoding=UTF8&amp;ASIN=3000378936&amp;Format=_SL110_&amp;ID=AsinImage&amp;MarketPlace=DE&amp;ServiceVersion=20070822&amp;WS=1&amp;tag=transalphomep-21\" alt=\"\" border=\"0\" \/><\/a><img decoding=\"async\" loading=\"lazy\" style=\"border: none !important; margin: 0px !important;\" src=\"http:\/\/www.assoc-amazon.de\/e\/ir?t=transalphomep-21&amp;l=as2&amp;o=3&amp;a=3000378936\" alt=\"\" width=\"1\" height=\"1\" border=\"0\" \/><br \/>\n<a href=\"http:\/\/www.amazon.de\/gp\/product\/3000378936\/ref=as_li_ss_tl?ie=UTF8&amp;camp=1638&amp;creative=19454&amp;creativeASIN=3000378936&amp;linkCode=as2&amp;tag=transalphomep-21\">Dynamite Trails 01 Dolomiten<\/a><img decoding=\"async\" loading=\"lazy\" style=\"border: none !important; margin: 0px !important;\" src=\"http:\/\/www.assoc-amazon.de\/e\/ir?t=transalphomep-21&amp;l=as2&amp;o=3&amp;a=3000378936\" alt=\"\" width=\"1\" height=\"1\" border=\"0\" \/><\/p>\n<p>&#8212;<\/p>\n<p><a href=\"http:\/\/www.amazon.de\/gp\/product\/3765442844\/ref=as_li_ss_il?ie=UTF8&amp;camp=1638&amp;creative=19454&amp;creativeASIN=3765442844&amp;linkCode=as2&amp;tag=transalphomep-21\"><img decoding=\"async\" src=\"http:\/\/ws.assoc-amazon.de\/widgets\/q?_encoding=UTF8&amp;ASIN=3765442844&amp;Format=_SL110_&amp;ID=AsinImage&amp;MarketPlace=DE&amp;ServiceVersion=20070822&amp;WS=1&amp;tag=transalphomep-21\" alt=\"\" border=\"0\" \/><\/a><img decoding=\"async\" loading=\"lazy\" style=\"border: none !important; margin: 0px !important;\" src=\"http:\/\/www.assoc-amazon.de\/e\/ir?t=transalphomep-21&amp;l=as2&amp;o=3&amp;a=3765442844\" alt=\"\" width=\"1\" height=\"1\" border=\"0\" \/><br \/>\n<a href=\"http:\/\/www.amazon.de\/gp\/product\/3765442844\/ref=as_li_ss_tl?ie=UTF8&amp;camp=1638&amp;creative=19454&amp;creativeASIN=3765442844&amp;linkCode=as2&amp;tag=transalphomep-21\">Mountainbike Trails: Auf alten Milit\u00e4rstra\u00dfen um die h\u00f6chsten Berge der Alpen<\/a><img decoding=\"async\" loading=\"lazy\" style=\"border: none !important; margin: 0px !important;\" src=\"http:\/\/www.assoc-amazon.de\/e\/ir?t=transalphomep-21&amp;l=as2&amp;o=3&amp;a=3765442844\" alt=\"\" width=\"1\" height=\"1\" border=\"0\" \/><\/p>\n","protected":false},"excerpt":{"rendered":"<p>B\u00fccher zum Thema Gebirgskrieg am Ortler \u00fcber den Gardasee, den Dolomiten bis in die Julischen Alpen. Hier die einge Beispiele: &nbsp; Auf alten Kriegspfaden durch die Dolomit: 30 spektakul\u00e4re Wanderungen auf historischen Wegen &#8212; Wanderkarte Erster Weltkrieg 1:25 000 &#8212; Die Front in Fels und Eis. Der Weltkrieg 1915 &#8211; 1918 im Hochgebirge &#8212; Die [&hellip;]<\/p>\n","protected":false},"author":1,"featured_media":0,"comment_status":"open","ping_status":"open","sticky":false,"template":"","format":"standard","meta":[],"categories":[1],"tags":[],"yoast_head":"<!-- This site is optimized with the Yoast SEO plugin v21.0 - https:\/\/yoast.com\/wordpress\/plugins\/seo\/ -->\n<title>B\u00fccher Dolomitenkrieg - Transalp Homepage<\/title>\n<meta name=\"robots\" content=\"index, follow, max-snippet:-1, max-image-preview:large, max-video-preview:-1\" \/>\n<link rel=\"canonical\" href=\"https:\/\/www.schymik.de\/wordpress\/bucher-dolomitenkrieg\/\" \/>\n<meta property=\"og:locale\" content=\"de_DE\" \/>\n<meta property=\"og:type\" content=\"article\" \/>\n<meta property=\"og:title\" content=\"B\u00fccher Dolomitenkrieg - Transalp Homepage\" \/>\n<meta property=\"og:description\" content=\"B\u00fccher zum Thema Gebirgskrieg am Ortler \u00fcber den Gardasee, den Dolomiten bis in die Julischen Alpen. Hier die einge Beispiele: &nbsp; Auf alten Kriegspfaden durch die Dolomit: 30 spektakul\u00e4re Wanderungen auf historischen Wegen &#8212; Wanderkarte Erster Weltkrieg 1:25 000 &#8212; Die Front in Fels und Eis. Der Weltkrieg 1915 &#8211; 1918 im Hochgebirge &#8212; Die [&hellip;]\" \/>\n<meta property=\"og:url\" content=\"https:\/\/www.schymik.de\/wordpress\/bucher-dolomitenkrieg\/\" \/>\n<meta property=\"og:site_name\" content=\"Transalp Homepage\" \/>\n<meta property=\"article:publisher\" content=\"https:\/\/www.facebook.com\/carsten.schymik\" \/>\n<meta property=\"article:author\" content=\"https:\/\/www.facebook.com\/carsten.schymik\" \/>\n<meta property=\"article:published_time\" content=\"2000-09-15T09:46:08+00:00\" \/>\n<meta property=\"article:modified_time\" content=\"2012-09-04T09:58:42+00:00\" \/>\n<meta property=\"og:image\" content=\"http:\/\/www.schymik.de\/Transalp\/intentionen1.JPG\" \/>\n<meta name=\"author\" content=\"Carsten\" \/>\n<meta name=\"twitter:card\" content=\"summary_large_image\" \/>\n<meta name=\"twitter:label1\" content=\"Verfasst von\" \/>\n\t<meta name=\"twitter:data1\" content=\"Carsten\" \/>\n\t<meta name=\"twitter:label2\" content=\"Gesch\u00e4tzte Lesezeit\" \/>\n\t<meta name=\"twitter:data2\" content=\"1\u00a0Minute\" \/>\n<script type=\"application\/ld+json\" class=\"yoast-schema-graph\">{\"@context\":\"https:\/\/schema.org\",\"@graph\":[{\"@type\":\"Article\",\"@id\":\"https:\/\/www.schymik.de\/wordpress\/bucher-dolomitenkrieg\/#article\",\"isPartOf\":{\"@id\":\"https:\/\/www.schymik.de\/wordpress\/bucher-dolomitenkrieg\/\"},\"author\":{\"name\":\"Carsten\",\"@id\":\"https:\/\/www.schymik.de\/wordpress\/#\/schema\/person\/f4792950b1a3875a57d4fc2380f11e22\"},\"headline\":\"B\u00fccher Dolomitenkrieg\",\"datePublished\":\"2000-09-15T09:46:08+00:00\",\"dateModified\":\"2012-09-04T09:58:42+00:00\",\"mainEntityOfPage\":{\"@id\":\"https:\/\/www.schymik.de\/wordpress\/bucher-dolomitenkrieg\/\"},\"wordCount\":109,\"commentCount\":0,\"publisher\":{\"@id\":\"https:\/\/www.schymik.de\/wordpress\/#\/schema\/person\/f4792950b1a3875a57d4fc2380f11e22\"},\"articleSection\":[\"Bike-Tagebuch\"],\"inLanguage\":\"de\",\"potentialAction\":[{\"@type\":\"CommentAction\",\"name\":\"Comment\",\"target\":[\"https:\/\/www.schymik.de\/wordpress\/bucher-dolomitenkrieg\/#respond\"]}]},{\"@type\":\"WebPage\",\"@id\":\"https:\/\/www.schymik.de\/wordpress\/bucher-dolomitenkrieg\/\",\"url\":\"https:\/\/www.schymik.de\/wordpress\/bucher-dolomitenkrieg\/\",\"name\":\"B\u00fccher Dolomitenkrieg - Transalp Homepage\",\"isPartOf\":{\"@id\":\"https:\/\/www.schymik.de\/wordpress\/#website\"},\"datePublished\":\"2000-09-15T09:46:08+00:00\",\"dateModified\":\"2012-09-04T09:58:42+00:00\",\"breadcrumb\":{\"@id\":\"https:\/\/www.schymik.de\/wordpress\/bucher-dolomitenkrieg\/#breadcrumb\"},\"inLanguage\":\"de\",\"potentialAction\":[{\"@type\":\"ReadAction\",\"target\":[\"https:\/\/www.schymik.de\/wordpress\/bucher-dolomitenkrieg\/\"]}]},{\"@type\":\"BreadcrumbList\",\"@id\":\"https:\/\/www.schymik.de\/wordpress\/bucher-dolomitenkrieg\/#breadcrumb\",\"itemListElement\":[{\"@type\":\"ListItem\",\"position\":1,\"name\":\"Startseite\",\"item\":\"https:\/\/www.schymik.de\/wordpress\/\"},{\"@type\":\"ListItem\",\"position\":2,\"name\":\"B\u00fccher Dolomitenkrieg\"}]},{\"@type\":\"WebSite\",\"@id\":\"https:\/\/www.schymik.de\/wordpress\/#website\",\"url\":\"https:\/\/www.schymik.de\/wordpress\/\",\"name\":\"Transalp Homepage\",\"description\":\"Alles rund ums Mountainbike, Alpencross und Bikebergsteigen\",\"publisher\":{\"@id\":\"https:\/\/www.schymik.de\/wordpress\/#\/schema\/person\/f4792950b1a3875a57d4fc2380f11e22\"},\"potentialAction\":[{\"@type\":\"SearchAction\",\"target\":{\"@type\":\"EntryPoint\",\"urlTemplate\":\"https:\/\/www.schymik.de\/wordpress\/?s={search_term_string}\"},\"query-input\":\"required name=search_term_string\"}],\"inLanguage\":\"de\"},{\"@type\":[\"Person\",\"Organization\"],\"@id\":\"https:\/\/www.schymik.de\/wordpress\/#\/schema\/person\/f4792950b1a3875a57d4fc2380f11e22\",\"name\":\"Carsten\",\"image\":{\"@type\":\"ImageObject\",\"inLanguage\":\"de\",\"@id\":\"https:\/\/www.schymik.de\/wordpress\/#\/schema\/person\/image\/\",\"url\":\"https:\/\/www.schymik.de\/wordpress\/wp-content\/Schymik-Carsten-51x51cm.jpg\",\"contentUrl\":\"https:\/\/www.schymik.de\/wordpress\/wp-content\/Schymik-Carsten-51x51cm.jpg\",\"width\":1530,\"height\":1530,\"caption\":\"Carsten\"},\"logo\":{\"@id\":\"https:\/\/www.schymik.de\/wordpress\/#\/schema\/person\/image\/\"},\"sameAs\":[\"http:\/\/www.schymik.de\",\"https:\/\/www.facebook.com\/carsten.schymik\",\"https:\/\/www.instagram.com\/carstenschymik\/\",\"https:\/\/www.youtube.com\/@CarstenSchymik\"]}]}<\/script>\n<!-- \/ Yoast SEO plugin. -->","yoast_head_json":{"title":"B\u00fccher Dolomitenkrieg - Transalp Homepage","robots":{"index":"index","follow":"follow","max-snippet":"max-snippet:-1","max-image-preview":"max-image-preview:large","max-video-preview":"max-video-preview:-1"},"canonical":"https:\/\/www.schymik.de\/wordpress\/bucher-dolomitenkrieg\/","og_locale":"de_DE","og_type":"article","og_title":"B\u00fccher Dolomitenkrieg - Transalp Homepage","og_description":"B\u00fccher zum Thema Gebirgskrieg am Ortler \u00fcber den Gardasee, den Dolomiten bis in die Julischen Alpen. Hier die einge Beispiele: &nbsp; Auf alten Kriegspfaden durch die Dolomit: 30 spektakul\u00e4re Wanderungen auf historischen Wegen &#8212; Wanderkarte Erster Weltkrieg 1:25 000 &#8212; Die Front in Fels und Eis. Der Weltkrieg 1915 &#8211; 1918 im Hochgebirge &#8212; Die [&hellip;]","og_url":"https:\/\/www.schymik.de\/wordpress\/bucher-dolomitenkrieg\/","og_site_name":"Transalp Homepage","article_publisher":"https:\/\/www.facebook.com\/carsten.schymik","article_author":"https:\/\/www.facebook.com\/carsten.schymik","article_published_time":"2000-09-15T09:46:08+00:00","article_modified_time":"2012-09-04T09:58:42+00:00","og_image":[{"url":"http:\/\/www.schymik.de\/Transalp\/intentionen1.JPG"}],"author":"Carsten","twitter_card":"summary_large_image","twitter_misc":{"Verfasst von":"Carsten","Gesch\u00e4tzte Lesezeit":"1\u00a0Minute"},"schema":{"@context":"https:\/\/schema.org","@graph":[{"@type":"Article","@id":"https:\/\/www.schymik.de\/wordpress\/bucher-dolomitenkrieg\/#article","isPartOf":{"@id":"https:\/\/www.schymik.de\/wordpress\/bucher-dolomitenkrieg\/"},"author":{"name":"Carsten","@id":"https:\/\/www.schymik.de\/wordpress\/#\/schema\/person\/f4792950b1a3875a57d4fc2380f11e22"},"headline":"B\u00fccher Dolomitenkrieg","datePublished":"2000-09-15T09:46:08+00:00","dateModified":"2012-09-04T09:58:42+00:00","mainEntityOfPage":{"@id":"https:\/\/www.schymik.de\/wordpress\/bucher-dolomitenkrieg\/"},"wordCount":109,"commentCount":0,"publisher":{"@id":"https:\/\/www.schymik.de\/wordpress\/#\/schema\/person\/f4792950b1a3875a57d4fc2380f11e22"},"articleSection":["Bike-Tagebuch"],"inLanguage":"de","potentialAction":[{"@type":"CommentAction","name":"Comment","target":["https:\/\/www.schymik.de\/wordpress\/bucher-dolomitenkrieg\/#respond"]}]},{"@type":"WebPage","@id":"https:\/\/www.schymik.de\/wordpress\/bucher-dolomitenkrieg\/","url":"https:\/\/www.schymik.de\/wordpress\/bucher-dolomitenkrieg\/","name":"B\u00fccher Dolomitenkrieg - Transalp Homepage","isPartOf":{"@id":"https:\/\/www.schymik.de\/wordpress\/#website"},"datePublished":"2000-09-15T09:46:08+00:00","dateModified":"2012-09-04T09:58:42+00:00","breadcrumb":{"@id":"https:\/\/www.schymik.de\/wordpress\/bucher-dolomitenkrieg\/#breadcrumb"},"inLanguage":"de","potentialAction":[{"@type":"ReadAction","target":["https:\/\/www.schymik.de\/wordpress\/bucher-dolomitenkrieg\/"]}]},{"@type":"BreadcrumbList","@id":"https:\/\/www.schymik.de\/wordpress\/bucher-dolomitenkrieg\/#breadcrumb","itemListElement":[{"@type":"ListItem","position":1,"name":"Startseite","item":"https:\/\/www.schymik.de\/wordpress\/"},{"@type":"ListItem","position":2,"name":"B\u00fccher Dolomitenkrieg"}]},{"@type":"WebSite","@id":"https:\/\/www.schymik.de\/wordpress\/#website","url":"https:\/\/www.schymik.de\/wordpress\/","name":"Transalp Homepage","description":"Alles rund ums Mountainbike, Alpencross und Bikebergsteigen","publisher":{"@id":"https:\/\/www.schymik.de\/wordpress\/#\/schema\/person\/f4792950b1a3875a57d4fc2380f11e22"},"potentialAction":[{"@type":"SearchAction","target":{"@type":"EntryPoint","urlTemplate":"https:\/\/www.schymik.de\/wordpress\/?s={search_term_string}"},"query-input":"required name=search_term_string"}],"inLanguage":"de"},{"@type":["Person","Organization"],"@id":"https:\/\/www.schymik.de\/wordpress\/#\/schema\/person\/f4792950b1a3875a57d4fc2380f11e22","name":"Carsten","image":{"@type":"ImageObject","inLanguage":"de","@id":"https:\/\/www.schymik.de\/wordpress\/#\/schema\/person\/image\/","url":"https:\/\/www.schymik.de\/wordpress\/wp-content\/Schymik-Carsten-51x51cm.jpg","contentUrl":"https:\/\/www.schymik.de\/wordpress\/wp-content\/Schymik-Carsten-51x51cm.jpg","width":1530,"height":1530,"caption":"Carsten"},"logo":{"@id":"https:\/\/www.schymik.de\/wordpress\/#\/schema\/person\/image\/"},"sameAs":["http:\/\/www.schymik.de","https:\/\/www.facebook.com\/carsten.schymik","https:\/\/www.instagram.com\/carstenschymik\/","https:\/\/www.youtube.com\/@CarstenSchymik"]}]}},"_links":{"self":[{"href":"https:\/\/www.schymik.de\/wordpress\/wp-json\/wp\/v2\/posts\/2257"}],"collection":[{"href":"https:\/\/www.schymik.de\/wordpress\/wp-json\/wp\/v2\/posts"}],"about":[{"href":"https:\/\/www.schymik.de\/wordpress\/wp-json\/wp\/v2\/types\/post"}],"author":[{"embeddable":true,"href":"https:\/\/www.schymik.de\/wordpress\/wp-json\/wp\/v2\/users\/1"}],"replies":[{"embeddable":true,"href":"https:\/\/www.schymik.de\/wordpress\/wp-json\/wp\/v2\/comments?post=2257"}],"version-history":[{"count":11,"href":"https:\/\/www.schymik.de\/wordpress\/wp-json\/wp\/v2\/posts\/2257\/revisions"}],"predecessor-version":[{"id":2268,"href":"https:\/\/www.schymik.de\/wordpress\/wp-json\/wp\/v2\/posts\/2257\/revisions\/2268"}],"wp:attachment":[{"href":"https:\/\/www.schymik.de\/wordpress\/wp-json\/wp\/v2\/media?parent=2257"}],"wp:term":[{"taxonomy":"category","embeddable":true,"href":"https:\/\/www.schymik.de\/wordpress\/wp-json\/wp\/v2\/categories?post=2257"},{"taxonomy":"post_tag","embeddable":true,"href":"https:\/\/www.schymik.de\/wordpress\/wp-json\/wp\/v2\/tags?post=2257"}],"curies":[{"name":"wp","href":"https:\/\/api.w.org\/{rel}","templated":true}]}}