{"id":2913,"date":"2014-01-22T20:33:10","date_gmt":"2014-01-22T19:33:10","guid":{"rendered":"http:\/\/www.schymik.de\/wordpress\/?p=2913"},"modified":"2014-01-29T20:47:59","modified_gmt":"2014-01-29T19:47:59","slug":"foto-des-tages","status":"publish","type":"post","link":"https:\/\/www.schymik.de\/wordpress\/foto-des-tages\/","title":{"rendered":"Foto des Tages !"},"content":{"rendered":"<p>Letzen Samstag waren wir spontan in Bad Wildbad im Bikepark. DH1 und DH2 waren unsre Abfahrten, das Wetter war klasse und die Bedingungen f\u00fcr die Jahreszeit echt \u00fcberragend.<\/p>\n<figure id=\"attachment_2914\" aria-describedby=\"caption-attachment-2914\" style=\"width: 474px\" class=\"wp-caption alignleft\"><a href=\"http:\/\/www.schymik.de\/wordpress\/wp-content\/Bad-Wildbad-03.jpg\"><img decoding=\"async\" loading=\"lazy\" class=\"size-large wp-image-2914\" alt=\"Foto des Tages\" src=\"http:\/\/www.schymik.de\/wordpress\/wp-content\/Bad-Wildbad-03-1024x680.jpg\" width=\"474\" height=\"314\" srcset=\"https:\/\/www.schymik.de\/wordpress\/wp-content\/Bad-Wildbad-03-1024x680.jpg 1024w, https:\/\/www.schymik.de\/wordpress\/wp-content\/Bad-Wildbad-03-600x399.jpg 600w, https:\/\/www.schymik.de\/wordpress\/wp-content\/Bad-Wildbad-03-300x199.jpg 300w, https:\/\/www.schymik.de\/wordpress\/wp-content\/Bad-Wildbad-03.jpg 1064w\" sizes=\"(max-width: 474px) 100vw, 474px\" \/><\/a><figcaption id=\"caption-attachment-2914\" class=\"wp-caption-text\">Foto des Tages<\/figcaption><\/figure>\n<p>G\u00fcnter hat ein paar sch\u00f6ne Bilder gemacht. Eines davon wurde heute zum <a title=\"Fotd\" href=\"http:\/\/fotos.mtb-news.de\/p\/1552709?in=potd\" target=\"_blank\">Foto des Tages<\/a> bei MTB-News.de gew\u00e4hlt<\/p>\n<figure id=\"attachment_2915\" aria-describedby=\"caption-attachment-2915\" style=\"width: 300px\" class=\"wp-caption alignleft\"><a href=\"http:\/\/www.schymik.de\/wordpress\/wp-content\/Bad-Wildbad-02.jpg\"><img decoding=\"async\" loading=\"lazy\" class=\"size-medium wp-image-2915\" alt=\"Wurzeltrails\" src=\"http:\/\/www.schymik.de\/wordpress\/wp-content\/Bad-Wildbad-02-300x199.jpg\" width=\"300\" height=\"199\" srcset=\"https:\/\/www.schymik.de\/wordpress\/wp-content\/Bad-Wildbad-02-300x199.jpg 300w, https:\/\/www.schymik.de\/wordpress\/wp-content\/Bad-Wildbad-02-600x399.jpg 600w, https:\/\/www.schymik.de\/wordpress\/wp-content\/Bad-Wildbad-02-1024x680.jpg 1024w, https:\/\/www.schymik.de\/wordpress\/wp-content\/Bad-Wildbad-02.jpg 1064w\" sizes=\"(max-width: 300px) 100vw, 300px\" \/><\/a><figcaption id=\"caption-attachment-2915\" class=\"wp-caption-text\">Wurzeltrails<\/figcaption><\/figure>\n<p>Die Strecken in Bad Wildbad sind felsig und ruppig. Genau mein Ding. Dank Sandstein auch bei N\u00e4sse und im Winter ungew\u00f6hnlich griffig.<\/p>\n<figure id=\"attachment_2916\" aria-describedby=\"caption-attachment-2916\" style=\"width: 300px\" class=\"wp-caption alignleft\"><a href=\"http:\/\/www.schymik.de\/wordpress\/wp-content\/Bad-Wildbad-01.jpg\"><img decoding=\"async\" loading=\"lazy\" class=\"size-medium wp-image-2916\" alt=\"kleiner Gap\" src=\"http:\/\/www.schymik.de\/wordpress\/wp-content\/Bad-Wildbad-01-300x199.jpg\" width=\"300\" height=\"199\" srcset=\"https:\/\/www.schymik.de\/wordpress\/wp-content\/Bad-Wildbad-01-300x199.jpg 300w, https:\/\/www.schymik.de\/wordpress\/wp-content\/Bad-Wildbad-01-600x399.jpg 600w, https:\/\/www.schymik.de\/wordpress\/wp-content\/Bad-Wildbad-01-1024x680.jpg 1024w, https:\/\/www.schymik.de\/wordpress\/wp-content\/Bad-Wildbad-01.jpg 1064w\" sizes=\"(max-width: 300px) 100vw, 300px\" \/><\/a><figcaption id=\"caption-attachment-2916\" class=\"wp-caption-text\">kleiner Gap<\/figcaption><\/figure>\n<p>Dank an G\u00fcnter f\u00fcr die Bilder. <a title=\"Bilde BWB Jan 2014\" href=\"https:\/\/www.dropbox.com\/sh\/0bfx6vftl8eqcdy\/ZgU0gxOgQW\" target=\"_blank\">Hier<\/a> gibt\u00b4s noch ein paar mehr zu sehen.<br \/>\nLink: <a title=\"BWB\" href=\"http:\/\/www.bikepark-bad-wildbad.de\/\" target=\"_blank\">Bikepark Bad Wildbad<\/a><\/p>\n","protected":false},"excerpt":{"rendered":"<p>Letzen Samstag waren wir spontan in Bad Wildbad im Bikepark. DH1 und DH2 waren unsre Abfahrten, das Wetter war klasse und die Bedingungen f\u00fcr die Jahreszeit echt \u00fcberragend. G\u00fcnter hat ein paar sch\u00f6ne Bilder gemacht. Eines davon wurde heute zum Foto des Tages bei MTB-News.de gew\u00e4hlt Die Strecken in Bad Wildbad sind felsig und ruppig. [&hellip;]<\/p>\n","protected":false},"author":1,"featured_media":0,"comment_status":"open","ping_status":"open","sticky":false,"template":"","format":"standard","meta":[],"categories":[1],"tags":[],"yoast_head":"<!-- This site is optimized with the Yoast SEO plugin v21.0 - https:\/\/yoast.com\/wordpress\/plugins\/seo\/ -->\n<title>Foto des Tages ! - Transalp Homepage<\/title>\n<meta name=\"robots\" content=\"index, follow, max-snippet:-1, max-image-preview:large, max-video-preview:-1\" \/>\n<link rel=\"canonical\" href=\"https:\/\/www.schymik.de\/wordpress\/foto-des-tages\/\" \/>\n<meta property=\"og:locale\" content=\"de_DE\" \/>\n<meta property=\"og:type\" content=\"article\" \/>\n<meta property=\"og:title\" content=\"Foto des Tages ! - Transalp Homepage\" \/>\n<meta property=\"og:description\" content=\"Letzen Samstag waren wir spontan in Bad Wildbad im Bikepark. DH1 und DH2 waren unsre Abfahrten, das Wetter war klasse und die Bedingungen f\u00fcr die Jahreszeit echt \u00fcberragend. G\u00fcnter hat ein paar sch\u00f6ne Bilder gemacht. Eines davon wurde heute zum Foto des Tages bei MTB-News.de gew\u00e4hlt Die Strecken in Bad Wildbad sind felsig und ruppig. [&hellip;]\" \/>\n<meta property=\"og:url\" content=\"https:\/\/www.schymik.de\/wordpress\/foto-des-tages\/\" \/>\n<meta property=\"og:site_name\" content=\"Transalp Homepage\" \/>\n<meta property=\"article:publisher\" content=\"https:\/\/www.facebook.com\/carsten.schymik\" \/>\n<meta property=\"article:author\" content=\"https:\/\/www.facebook.com\/carsten.schymik\" \/>\n<meta property=\"article:published_time\" content=\"2014-01-22T19:33:10+00:00\" \/>\n<meta property=\"article:modified_time\" content=\"2014-01-29T19:47:59+00:00\" \/>\n<meta property=\"og:image\" content=\"http:\/\/www.schymik.de\/wordpress\/wp-content\/Bad-Wildbad-03-1024x680.jpg\" \/>\n<meta name=\"author\" content=\"Carsten\" \/>\n<meta name=\"twitter:card\" content=\"summary_large_image\" \/>\n<meta name=\"twitter:label1\" content=\"Verfasst von\" \/>\n\t<meta name=\"twitter:data1\" content=\"Carsten\" \/>\n\t<meta name=\"twitter:label2\" content=\"Gesch\u00e4tzte Lesezeit\" \/>\n\t<meta name=\"twitter:data2\" content=\"1\u00a0Minute\" \/>\n<script type=\"application\/ld+json\" class=\"yoast-schema-graph\">{\"@context\":\"https:\/\/schema.org\",\"@graph\":[{\"@type\":\"Article\",\"@id\":\"https:\/\/www.schymik.de\/wordpress\/foto-des-tages\/#article\",\"isPartOf\":{\"@id\":\"https:\/\/www.schymik.de\/wordpress\/foto-des-tages\/\"},\"author\":{\"name\":\"Carsten\",\"@id\":\"https:\/\/www.schymik.de\/wordpress\/#\/schema\/person\/f4792950b1a3875a57d4fc2380f11e22\"},\"headline\":\"Foto des Tages !\",\"datePublished\":\"2014-01-22T19:33:10+00:00\",\"dateModified\":\"2014-01-29T19:47:59+00:00\",\"mainEntityOfPage\":{\"@id\":\"https:\/\/www.schymik.de\/wordpress\/foto-des-tages\/\"},\"wordCount\":126,\"commentCount\":0,\"publisher\":{\"@id\":\"https:\/\/www.schymik.de\/wordpress\/#\/schema\/person\/f4792950b1a3875a57d4fc2380f11e22\"},\"articleSection\":[\"Bike-Tagebuch\"],\"inLanguage\":\"de\",\"potentialAction\":[{\"@type\":\"CommentAction\",\"name\":\"Comment\",\"target\":[\"https:\/\/www.schymik.de\/wordpress\/foto-des-tages\/#respond\"]}]},{\"@type\":\"WebPage\",\"@id\":\"https:\/\/www.schymik.de\/wordpress\/foto-des-tages\/\",\"url\":\"https:\/\/www.schymik.de\/wordpress\/foto-des-tages\/\",\"name\":\"Foto des Tages ! - Transalp Homepage\",\"isPartOf\":{\"@id\":\"https:\/\/www.schymik.de\/wordpress\/#website\"},\"datePublished\":\"2014-01-22T19:33:10+00:00\",\"dateModified\":\"2014-01-29T19:47:59+00:00\",\"breadcrumb\":{\"@id\":\"https:\/\/www.schymik.de\/wordpress\/foto-des-tages\/#breadcrumb\"},\"inLanguage\":\"de\",\"potentialAction\":[{\"@type\":\"ReadAction\",\"target\":[\"https:\/\/www.schymik.de\/wordpress\/foto-des-tages\/\"]}]},{\"@type\":\"BreadcrumbList\",\"@id\":\"https:\/\/www.schymik.de\/wordpress\/foto-des-tages\/#breadcrumb\",\"itemListElement\":[{\"@type\":\"ListItem\",\"position\":1,\"name\":\"Startseite\",\"item\":\"https:\/\/www.schymik.de\/wordpress\/\"},{\"@type\":\"ListItem\",\"position\":2,\"name\":\"Foto des Tages !\"}]},{\"@type\":\"WebSite\",\"@id\":\"https:\/\/www.schymik.de\/wordpress\/#website\",\"url\":\"https:\/\/www.schymik.de\/wordpress\/\",\"name\":\"Transalp Homepage\",\"description\":\"Alles rund ums Mountainbike, Alpencross und Bikebergsteigen\",\"publisher\":{\"@id\":\"https:\/\/www.schymik.de\/wordpress\/#\/schema\/person\/f4792950b1a3875a57d4fc2380f11e22\"},\"potentialAction\":[{\"@type\":\"SearchAction\",\"target\":{\"@type\":\"EntryPoint\",\"urlTemplate\":\"https:\/\/www.schymik.de\/wordpress\/?s={search_term_string}\"},\"query-input\":\"required name=search_term_string\"}],\"inLanguage\":\"de\"},{\"@type\":[\"Person\",\"Organization\"],\"@id\":\"https:\/\/www.schymik.de\/wordpress\/#\/schema\/person\/f4792950b1a3875a57d4fc2380f11e22\",\"name\":\"Carsten\",\"image\":{\"@type\":\"ImageObject\",\"inLanguage\":\"de\",\"@id\":\"https:\/\/www.schymik.de\/wordpress\/#\/schema\/person\/image\/\",\"url\":\"https:\/\/www.schymik.de\/wordpress\/wp-content\/Schymik-Carsten-51x51cm.jpg\",\"contentUrl\":\"https:\/\/www.schymik.de\/wordpress\/wp-content\/Schymik-Carsten-51x51cm.jpg\",\"width\":1530,\"height\":1530,\"caption\":\"Carsten\"},\"logo\":{\"@id\":\"https:\/\/www.schymik.de\/wordpress\/#\/schema\/person\/image\/\"},\"sameAs\":[\"http:\/\/www.schymik.de\",\"https:\/\/www.facebook.com\/carsten.schymik\",\"https:\/\/www.instagram.com\/carstenschymik\/\",\"https:\/\/www.youtube.com\/@CarstenSchymik\"]}]}<\/script>\n<!-- \/ Yoast SEO plugin. -->","yoast_head_json":{"title":"Foto des Tages ! - Transalp Homepage","robots":{"index":"index","follow":"follow","max-snippet":"max-snippet:-1","max-image-preview":"max-image-preview:large","max-video-preview":"max-video-preview:-1"},"canonical":"https:\/\/www.schymik.de\/wordpress\/foto-des-tages\/","og_locale":"de_DE","og_type":"article","og_title":"Foto des Tages ! - Transalp Homepage","og_description":"Letzen Samstag waren wir spontan in Bad Wildbad im Bikepark. DH1 und DH2 waren unsre Abfahrten, das Wetter war klasse und die Bedingungen f\u00fcr die Jahreszeit echt \u00fcberragend. G\u00fcnter hat ein paar sch\u00f6ne Bilder gemacht. Eines davon wurde heute zum Foto des Tages bei MTB-News.de gew\u00e4hlt Die Strecken in Bad Wildbad sind felsig und ruppig. [&hellip;]","og_url":"https:\/\/www.schymik.de\/wordpress\/foto-des-tages\/","og_site_name":"Transalp Homepage","article_publisher":"https:\/\/www.facebook.com\/carsten.schymik","article_author":"https:\/\/www.facebook.com\/carsten.schymik","article_published_time":"2014-01-22T19:33:10+00:00","article_modified_time":"2014-01-29T19:47:59+00:00","og_image":[{"url":"http:\/\/www.schymik.de\/wordpress\/wp-content\/Bad-Wildbad-03-1024x680.jpg"}],"author":"Carsten","twitter_card":"summary_large_image","twitter_misc":{"Verfasst von":"Carsten","Gesch\u00e4tzte Lesezeit":"1\u00a0Minute"},"schema":{"@context":"https:\/\/schema.org","@graph":[{"@type":"Article","@id":"https:\/\/www.schymik.de\/wordpress\/foto-des-tages\/#article","isPartOf":{"@id":"https:\/\/www.schymik.de\/wordpress\/foto-des-tages\/"},"author":{"name":"Carsten","@id":"https:\/\/www.schymik.de\/wordpress\/#\/schema\/person\/f4792950b1a3875a57d4fc2380f11e22"},"headline":"Foto des Tages !","datePublished":"2014-01-22T19:33:10+00:00","dateModified":"2014-01-29T19:47:59+00:00","mainEntityOfPage":{"@id":"https:\/\/www.schymik.de\/wordpress\/foto-des-tages\/"},"wordCount":126,"commentCount":0,"publisher":{"@id":"https:\/\/www.schymik.de\/wordpress\/#\/schema\/person\/f4792950b1a3875a57d4fc2380f11e22"},"articleSection":["Bike-Tagebuch"],"inLanguage":"de","potentialAction":[{"@type":"CommentAction","name":"Comment","target":["https:\/\/www.schymik.de\/wordpress\/foto-des-tages\/#respond"]}]},{"@type":"WebPage","@id":"https:\/\/www.schymik.de\/wordpress\/foto-des-tages\/","url":"https:\/\/www.schymik.de\/wordpress\/foto-des-tages\/","name":"Foto des Tages ! - Transalp Homepage","isPartOf":{"@id":"https:\/\/www.schymik.de\/wordpress\/#website"},"datePublished":"2014-01-22T19:33:10+00:00","dateModified":"2014-01-29T19:47:59+00:00","breadcrumb":{"@id":"https:\/\/www.schymik.de\/wordpress\/foto-des-tages\/#breadcrumb"},"inLanguage":"de","potentialAction":[{"@type":"ReadAction","target":["https:\/\/www.schymik.de\/wordpress\/foto-des-tages\/"]}]},{"@type":"BreadcrumbList","@id":"https:\/\/www.schymik.de\/wordpress\/foto-des-tages\/#breadcrumb","itemListElement":[{"@type":"ListItem","position":1,"name":"Startseite","item":"https:\/\/www.schymik.de\/wordpress\/"},{"@type":"ListItem","position":2,"name":"Foto des Tages !"}]},{"@type":"WebSite","@id":"https:\/\/www.schymik.de\/wordpress\/#website","url":"https:\/\/www.schymik.de\/wordpress\/","name":"Transalp Homepage","description":"Alles rund ums Mountainbike, Alpencross und Bikebergsteigen","publisher":{"@id":"https:\/\/www.schymik.de\/wordpress\/#\/schema\/person\/f4792950b1a3875a57d4fc2380f11e22"},"potentialAction":[{"@type":"SearchAction","target":{"@type":"EntryPoint","urlTemplate":"https:\/\/www.schymik.de\/wordpress\/?s={search_term_string}"},"query-input":"required name=search_term_string"}],"inLanguage":"de"},{"@type":["Person","Organization"],"@id":"https:\/\/www.schymik.de\/wordpress\/#\/schema\/person\/f4792950b1a3875a57d4fc2380f11e22","name":"Carsten","image":{"@type":"ImageObject","inLanguage":"de","@id":"https:\/\/www.schymik.de\/wordpress\/#\/schema\/person\/image\/","url":"https:\/\/www.schymik.de\/wordpress\/wp-content\/Schymik-Carsten-51x51cm.jpg","contentUrl":"https:\/\/www.schymik.de\/wordpress\/wp-content\/Schymik-Carsten-51x51cm.jpg","width":1530,"height":1530,"caption":"Carsten"},"logo":{"@id":"https:\/\/www.schymik.de\/wordpress\/#\/schema\/person\/image\/"},"sameAs":["http:\/\/www.schymik.de","https:\/\/www.facebook.com\/carsten.schymik","https:\/\/www.instagram.com\/carstenschymik\/","https:\/\/www.youtube.com\/@CarstenSchymik"]}]}},"_links":{"self":[{"href":"https:\/\/www.schymik.de\/wordpress\/wp-json\/wp\/v2\/posts\/2913"}],"collection":[{"href":"https:\/\/www.schymik.de\/wordpress\/wp-json\/wp\/v2\/posts"}],"about":[{"href":"https:\/\/www.schymik.de\/wordpress\/wp-json\/wp\/v2\/types\/post"}],"author":[{"embeddable":true,"href":"https:\/\/www.schymik.de\/wordpress\/wp-json\/wp\/v2\/users\/1"}],"replies":[{"embeddable":true,"href":"https:\/\/www.schymik.de\/wordpress\/wp-json\/wp\/v2\/comments?post=2913"}],"version-history":[{"count":2,"href":"https:\/\/www.schymik.de\/wordpress\/wp-json\/wp\/v2\/posts\/2913\/revisions"}],"predecessor-version":[{"id":2918,"href":"https:\/\/www.schymik.de\/wordpress\/wp-json\/wp\/v2\/posts\/2913\/revisions\/2918"}],"wp:attachment":[{"href":"https:\/\/www.schymik.de\/wordpress\/wp-json\/wp\/v2\/media?parent=2913"}],"wp:term":[{"taxonomy":"category","embeddable":true,"href":"https:\/\/www.schymik.de\/wordpress\/wp-json\/wp\/v2\/categories?post=2913"},{"taxonomy":"post_tag","embeddable":true,"href":"https:\/\/www.schymik.de\/wordpress\/wp-json\/wp\/v2\/tags?post=2913"}],"curies":[{"name":"wp","href":"https:\/\/api.w.org\/{rel}","templated":true}]}}