{"id":3025,"date":"2014-04-14T14:22:08","date_gmt":"2014-04-14T13:22:08","guid":{"rendered":"http:\/\/www.schymik.de\/wordpress\/?p=3025"},"modified":"2014-04-18T14:31:56","modified_gmt":"2014-04-18T13:31:56","slug":"weitblick","status":"publish","type":"post","link":"https:\/\/www.schymik.de\/wordpress\/weitblick\/","title":{"rendered":"Weitblick"},"content":{"rendered":"<p>Skitouren im Marteller Tal und im Val Mare. Eine Region, die ich im Sommer schon mehrfach mit dem Bike besucht habe, zeigt sich im Winter in einem v\u00f6llig anderen und beeindruckenden Kleid.<\/p>\n<figure style=\"width: 429px\" class=\"wp-caption alignnone\"><a href=\"https:\/\/fbcdn-sphotos-c-a.akamaihd.net\/hphotos-ak-prn2\/t1.0-9\/1958105_710038282382235_1102615419276464446_n.jpg\"><img decoding=\"async\" loading=\"lazy\" class=\" \" alt=\"\" src=\"https:\/\/fbcdn-sphotos-c-a.akamaihd.net\/hphotos-ak-prn2\/t1.0-9\/1958105_710038282382235_1102615419276464446_n.jpg\" width=\"429\" height=\"286\" \/><\/a><figcaption class=\"wp-caption-text\">Gran Zebru, Cevedale und Zufallspitze<\/figcaption><\/figure>\n<p>Wir starten am Samstag morgen am Ende des Martelltals. 2006 sind wir beim Frax hier zu einer verwegenen <a title=\"FRAX am Limit\" href=\"http:\/\/www.schymik.de\/wordpress\/?p=46\">Etappe <\/a>\u00fcber die Gletscher gestartet. Das Erste Ziel ist heute die Marteller H\u00fctte. Dort angekommen wird erst mal alles was nicht n\u00f6tig ist aus dem Rucksack geladen. Bald darauf beginnt die Akklimatisierungstour zur Veniziaspitze. Leider r\u00fcckt schon bald eine Schlechtwetterfront an, die uns kurz vor dem Gipfel zur Umkehr zwingt. Im Nebel und Schneesturm fahren wir ohne Gipfel zur\u00fcck zur H\u00fctte, wo wir die Nacht verbringen.<\/p>\n<figure style=\"width: 429px\" class=\"wp-caption alignnone\"><a href=\"https:\/\/scontent-a-fra.xx.fbcdn.net\/hphotos-ash3\/t1.0-9\/10153031_710225442363519_5029140537258951106_n.jpg\"><img decoding=\"async\" loading=\"lazy\" class=\" \" alt=\"\" src=\"https:\/\/scontent-a-fra.xx.fbcdn.net\/hphotos-ash3\/t1.0-9\/10153031_710225442363519_5029140537258951106_n.jpg\" width=\"429\" height=\"286\" \/><\/a><figcaption class=\"wp-caption-text\">Aufstieg zur Veneziaspitze<\/figcaption><\/figure>\n<p>Am zweiten Tag brechen wir wieder in Richtung Veniziaspitze auf. Laut Wetterbericht soll die Lage besser werden. Leider m\u00fcssen wir auch heute wegen Sturm und Nebel an exakt der gleichen Stelle wie gestern die Tour abbrechen. \u00dcber das Hochfernerjoch gelangen wir schlei\u00dflich ins Val Mare. Nach einem kurzen Gegenstieg erreichen wir das Rifugio Larcer Cevedale. Inzwischen scheint die Sonne, aber es ist extrem windig. Die gem\u00fctliche H\u00fctte habe ich 2011 schon einmal beim <a title=\"Hannibal X\" href=\"http:\/\/www.schymik.de\/wordpress\/?p=1701\">Hannibal X<\/a> besucht.<\/p>\n<p>Dann der Montag. Kaiserwetter. Blauer Himmel. Traumtour zum Palon de la Mare. 3703 Meter hoch. Extremer Wind aber grandiose Fernsicht.<\/p>\n<figure style=\"width: 429px\" class=\"wp-caption alignnone\"><a href=\"https:\/\/scontent-a-fra.xx.fbcdn.net\/hphotos-ash3\/t1.0-9\/10006997_710235495695847_617145833104336183_n.jpg\"><img decoding=\"async\" loading=\"lazy\" class=\" \" alt=\"\" src=\"https:\/\/scontent-a-fra.xx.fbcdn.net\/hphotos-ash3\/t1.0-9\/10006997_710235495695847_617145833104336183_n.jpg\" width=\"429\" height=\"286\" \/><\/a><figcaption class=\"wp-caption-text\">Aufstieg zur Furkelscharte<\/figcaption><\/figure>\n<p>Dienstag. Eigentlich wollen wir \u00fcber den Gipfel des Cevedale zur Rifugio Pizzini Frattola gelangen. Die ganze Nacht hat der Sturm an der H\u00fctte ger\u00fcttelt. Neuschnee und Nebel zwingen unz den Plan zu \u00e4ndern. Da man aus dem Val Mare nur schwer heraus kommt, bleibt uns nur der R\u00fcckzug \u00fcber die Furkelscharte oder das Hochfernerjoch. Wir entscheiden uns f\u00fcr die Furkelscharte, da diese bei einer Wetterbesserung noch die Option der Besteigung der Zufallspitze bietet. Die Furkelscharte haben wir ebenfalls im Sommer 2011 auf dem <a title=\"Furkelscharte\" href=\"Hannibal X\">Hannibal X<\/a> mit dem Bike \u00fcberschritten. Ich bin gespannt, wie es dort im Winter aussieht.<\/p>\n<figure style=\"width: 429px\" class=\"wp-caption alignnone\"><a href=\"https:\/\/scontent-b-fra.xx.fbcdn.net\/hphotos-prn1\/l\/t1.0-9\/1237870_710235602362503_7791653485824342349_n.jpg\"><img decoding=\"async\" loading=\"lazy\" class=\" \" alt=\"\" src=\"https:\/\/scontent-b-fra.xx.fbcdn.net\/hphotos-prn1\/l\/t1.0-9\/1237870_710235602362503_7791653485824342349_n.jpg\" width=\"429\" height=\"286\" \/><\/a><figcaption class=\"wp-caption-text\">Furkelscharte im Winter<\/figcaption><\/figure>\n<p>Der windverfrachtete Neuschnee auf hartem Untergrund erschwert den Aufstieg im steilen Gel\u00e4nde. Dennoch gelingt uns die \u00dcberschreitung der Scharte problemlos. Wir sind im richtigen Tal angekommen. Man k\u00f6nnte jetzt einfach zum Auto unten auf dem Parkplatz abfahren. Inzwischen hat sich das Wetter aber deutlich gebessert und der Wind hat ebenfalls nachgelassen. So k\u00f6nnen wir noch die\u00a0 3757 Meter hohe Zufallspitze besteigen. Der Gipfelgrat erfordert noch Steigeisen und Eispickel. Dann stehen wir oben auf dem Gipfel.<\/p>\n<figure style=\"width: 184px\" class=\"wp-caption alignleft\"><a href=\"https:\/\/scontent-b-fra.xx.fbcdn.net\/hphotos-ash3\/t1.0-9\/10015636_710235759029154_4132156592132507807_n.jpg\"><img decoding=\"async\" loading=\"lazy\" class=\" \" alt=\"\" src=\"https:\/\/scontent-b-fra.xx.fbcdn.net\/hphotos-ash3\/t1.0-9\/10015636_710235759029154_4132156592132507807_n.jpg\" width=\"184\" height=\"276\" \/><\/a><figcaption class=\"wp-caption-text\">auf der Zufallspitze<\/figcaption><\/figure>\n<p>Leider ist der Blick auf die Bergwelt im Nebel verschwunden. Die Abfahrt zur\u00fcck ins Martelltal erweist sich als extrem sch\u00f6n. Einige Abschnitte begeistern sogar mit sch\u00f6nem Powder. Nach einer Rast an der Zufallh\u00fctte treten wir die Heimreise an.<\/p>\n<p>Weitere <a title=\"Skitour Martelltal\" href=\"https:\/\/www.facebook.com\/media\/set\/?set=a.710225405696856.1073741826.100001282087929&amp;type=1&amp;l=1cdd5ca01a\" target=\"_blank\">Fotos<\/a><\/p>\n","protected":false},"excerpt":{"rendered":"<p>Skitouren im Marteller Tal und im Val Mare. Eine Region, die ich im Sommer schon mehrfach mit dem Bike besucht habe, zeigt sich im Winter in einem v\u00f6llig anderen und beeindruckenden Kleid. Wir starten am Samstag morgen am Ende des Martelltals. 2006 sind wir beim Frax hier zu einer verwegenen Etappe \u00fcber die Gletscher gestartet. [&hellip;]<\/p>\n","protected":false},"author":1,"featured_media":0,"comment_status":"open","ping_status":"open","sticky":false,"template":"","format":"standard","meta":[],"categories":[16],"tags":[18],"yoast_head":"<!-- This site is optimized with the Yoast SEO plugin v21.0 - https:\/\/yoast.com\/wordpress\/plugins\/seo\/ -->\n<title>Weitblick - Transalp Homepage<\/title>\n<meta name=\"robots\" content=\"index, follow, max-snippet:-1, max-image-preview:large, max-video-preview:-1\" \/>\n<link rel=\"canonical\" href=\"https:\/\/www.schymik.de\/wordpress\/weitblick\/\" \/>\n<meta property=\"og:locale\" content=\"de_DE\" \/>\n<meta property=\"og:type\" content=\"article\" \/>\n<meta property=\"og:title\" content=\"Weitblick - Transalp Homepage\" \/>\n<meta property=\"og:description\" content=\"Skitouren im Marteller Tal und im Val Mare. Eine Region, die ich im Sommer schon mehrfach mit dem Bike besucht habe, zeigt sich im Winter in einem v\u00f6llig anderen und beeindruckenden Kleid. Wir starten am Samstag morgen am Ende des Martelltals. 2006 sind wir beim Frax hier zu einer verwegenen Etappe \u00fcber die Gletscher gestartet. [&hellip;]\" \/>\n<meta property=\"og:url\" content=\"https:\/\/www.schymik.de\/wordpress\/weitblick\/\" \/>\n<meta property=\"og:site_name\" content=\"Transalp Homepage\" \/>\n<meta property=\"article:publisher\" content=\"https:\/\/www.facebook.com\/carsten.schymik\" \/>\n<meta property=\"article:author\" content=\"https:\/\/www.facebook.com\/carsten.schymik\" \/>\n<meta property=\"article:published_time\" content=\"2014-04-14T13:22:08+00:00\" \/>\n<meta property=\"article:modified_time\" content=\"2014-04-18T13:31:56+00:00\" \/>\n<meta property=\"og:image\" content=\"https:\/\/fbcdn-sphotos-c-a.akamaihd.net\/hphotos-ak-prn2\/t1.0-9\/1958105_710038282382235_1102615419276464446_n.jpg\" \/>\n<meta name=\"author\" content=\"Carsten\" \/>\n<meta name=\"twitter:card\" content=\"summary_large_image\" \/>\n<meta name=\"twitter:label1\" content=\"Verfasst von\" \/>\n\t<meta name=\"twitter:data1\" content=\"Carsten\" \/>\n\t<meta name=\"twitter:label2\" content=\"Gesch\u00e4tzte Lesezeit\" \/>\n\t<meta name=\"twitter:data2\" content=\"2\u00a0Minuten\" \/>\n<script type=\"application\/ld+json\" class=\"yoast-schema-graph\">{\"@context\":\"https:\/\/schema.org\",\"@graph\":[{\"@type\":\"Article\",\"@id\":\"https:\/\/www.schymik.de\/wordpress\/weitblick\/#article\",\"isPartOf\":{\"@id\":\"https:\/\/www.schymik.de\/wordpress\/weitblick\/\"},\"author\":{\"name\":\"Carsten\",\"@id\":\"https:\/\/www.schymik.de\/wordpress\/#\/schema\/person\/f4792950b1a3875a57d4fc2380f11e22\"},\"headline\":\"Weitblick\",\"datePublished\":\"2014-04-14T13:22:08+00:00\",\"dateModified\":\"2014-04-18T13:31:56+00:00\",\"mainEntityOfPage\":{\"@id\":\"https:\/\/www.schymik.de\/wordpress\/weitblick\/\"},\"wordCount\":489,\"commentCount\":0,\"publisher\":{\"@id\":\"https:\/\/www.schymik.de\/wordpress\/#\/schema\/person\/f4792950b1a3875a57d4fc2380f11e22\"},\"keywords\":[\"Skitour\"],\"articleSection\":[\"Skitouren\"],\"inLanguage\":\"de\",\"potentialAction\":[{\"@type\":\"CommentAction\",\"name\":\"Comment\",\"target\":[\"https:\/\/www.schymik.de\/wordpress\/weitblick\/#respond\"]}]},{\"@type\":\"WebPage\",\"@id\":\"https:\/\/www.schymik.de\/wordpress\/weitblick\/\",\"url\":\"https:\/\/www.schymik.de\/wordpress\/weitblick\/\",\"name\":\"Weitblick - Transalp Homepage\",\"isPartOf\":{\"@id\":\"https:\/\/www.schymik.de\/wordpress\/#website\"},\"datePublished\":\"2014-04-14T13:22:08+00:00\",\"dateModified\":\"2014-04-18T13:31:56+00:00\",\"breadcrumb\":{\"@id\":\"https:\/\/www.schymik.de\/wordpress\/weitblick\/#breadcrumb\"},\"inLanguage\":\"de\",\"potentialAction\":[{\"@type\":\"ReadAction\",\"target\":[\"https:\/\/www.schymik.de\/wordpress\/weitblick\/\"]}]},{\"@type\":\"BreadcrumbList\",\"@id\":\"https:\/\/www.schymik.de\/wordpress\/weitblick\/#breadcrumb\",\"itemListElement\":[{\"@type\":\"ListItem\",\"position\":1,\"name\":\"Startseite\",\"item\":\"https:\/\/www.schymik.de\/wordpress\/\"},{\"@type\":\"ListItem\",\"position\":2,\"name\":\"Weitblick\"}]},{\"@type\":\"WebSite\",\"@id\":\"https:\/\/www.schymik.de\/wordpress\/#website\",\"url\":\"https:\/\/www.schymik.de\/wordpress\/\",\"name\":\"Transalp Homepage\",\"description\":\"Alles rund ums Mountainbike, Alpencross und Bikebergsteigen\",\"publisher\":{\"@id\":\"https:\/\/www.schymik.de\/wordpress\/#\/schema\/person\/f4792950b1a3875a57d4fc2380f11e22\"},\"potentialAction\":[{\"@type\":\"SearchAction\",\"target\":{\"@type\":\"EntryPoint\",\"urlTemplate\":\"https:\/\/www.schymik.de\/wordpress\/?s={search_term_string}\"},\"query-input\":\"required name=search_term_string\"}],\"inLanguage\":\"de\"},{\"@type\":[\"Person\",\"Organization\"],\"@id\":\"https:\/\/www.schymik.de\/wordpress\/#\/schema\/person\/f4792950b1a3875a57d4fc2380f11e22\",\"name\":\"Carsten\",\"image\":{\"@type\":\"ImageObject\",\"inLanguage\":\"de\",\"@id\":\"https:\/\/www.schymik.de\/wordpress\/#\/schema\/person\/image\/\",\"url\":\"https:\/\/www.schymik.de\/wordpress\/wp-content\/Schymik-Carsten-51x51cm.jpg\",\"contentUrl\":\"https:\/\/www.schymik.de\/wordpress\/wp-content\/Schymik-Carsten-51x51cm.jpg\",\"width\":1530,\"height\":1530,\"caption\":\"Carsten\"},\"logo\":{\"@id\":\"https:\/\/www.schymik.de\/wordpress\/#\/schema\/person\/image\/\"},\"sameAs\":[\"http:\/\/www.schymik.de\",\"https:\/\/www.facebook.com\/carsten.schymik\",\"https:\/\/www.instagram.com\/carstenschymik\/\",\"https:\/\/www.youtube.com\/@CarstenSchymik\"]}]}<\/script>\n<!-- \/ Yoast SEO plugin. -->","yoast_head_json":{"title":"Weitblick - Transalp Homepage","robots":{"index":"index","follow":"follow","max-snippet":"max-snippet:-1","max-image-preview":"max-image-preview:large","max-video-preview":"max-video-preview:-1"},"canonical":"https:\/\/www.schymik.de\/wordpress\/weitblick\/","og_locale":"de_DE","og_type":"article","og_title":"Weitblick - Transalp Homepage","og_description":"Skitouren im Marteller Tal und im Val Mare. Eine Region, die ich im Sommer schon mehrfach mit dem Bike besucht habe, zeigt sich im Winter in einem v\u00f6llig anderen und beeindruckenden Kleid. Wir starten am Samstag morgen am Ende des Martelltals. 2006 sind wir beim Frax hier zu einer verwegenen Etappe \u00fcber die Gletscher gestartet. [&hellip;]","og_url":"https:\/\/www.schymik.de\/wordpress\/weitblick\/","og_site_name":"Transalp Homepage","article_publisher":"https:\/\/www.facebook.com\/carsten.schymik","article_author":"https:\/\/www.facebook.com\/carsten.schymik","article_published_time":"2014-04-14T13:22:08+00:00","article_modified_time":"2014-04-18T13:31:56+00:00","og_image":[{"url":"https:\/\/fbcdn-sphotos-c-a.akamaihd.net\/hphotos-ak-prn2\/t1.0-9\/1958105_710038282382235_1102615419276464446_n.jpg"}],"author":"Carsten","twitter_card":"summary_large_image","twitter_misc":{"Verfasst von":"Carsten","Gesch\u00e4tzte Lesezeit":"2\u00a0Minuten"},"schema":{"@context":"https:\/\/schema.org","@graph":[{"@type":"Article","@id":"https:\/\/www.schymik.de\/wordpress\/weitblick\/#article","isPartOf":{"@id":"https:\/\/www.schymik.de\/wordpress\/weitblick\/"},"author":{"name":"Carsten","@id":"https:\/\/www.schymik.de\/wordpress\/#\/schema\/person\/f4792950b1a3875a57d4fc2380f11e22"},"headline":"Weitblick","datePublished":"2014-04-14T13:22:08+00:00","dateModified":"2014-04-18T13:31:56+00:00","mainEntityOfPage":{"@id":"https:\/\/www.schymik.de\/wordpress\/weitblick\/"},"wordCount":489,"commentCount":0,"publisher":{"@id":"https:\/\/www.schymik.de\/wordpress\/#\/schema\/person\/f4792950b1a3875a57d4fc2380f11e22"},"keywords":["Skitour"],"articleSection":["Skitouren"],"inLanguage":"de","potentialAction":[{"@type":"CommentAction","name":"Comment","target":["https:\/\/www.schymik.de\/wordpress\/weitblick\/#respond"]}]},{"@type":"WebPage","@id":"https:\/\/www.schymik.de\/wordpress\/weitblick\/","url":"https:\/\/www.schymik.de\/wordpress\/weitblick\/","name":"Weitblick - Transalp Homepage","isPartOf":{"@id":"https:\/\/www.schymik.de\/wordpress\/#website"},"datePublished":"2014-04-14T13:22:08+00:00","dateModified":"2014-04-18T13:31:56+00:00","breadcrumb":{"@id":"https:\/\/www.schymik.de\/wordpress\/weitblick\/#breadcrumb"},"inLanguage":"de","potentialAction":[{"@type":"ReadAction","target":["https:\/\/www.schymik.de\/wordpress\/weitblick\/"]}]},{"@type":"BreadcrumbList","@id":"https:\/\/www.schymik.de\/wordpress\/weitblick\/#breadcrumb","itemListElement":[{"@type":"ListItem","position":1,"name":"Startseite","item":"https:\/\/www.schymik.de\/wordpress\/"},{"@type":"ListItem","position":2,"name":"Weitblick"}]},{"@type":"WebSite","@id":"https:\/\/www.schymik.de\/wordpress\/#website","url":"https:\/\/www.schymik.de\/wordpress\/","name":"Transalp Homepage","description":"Alles rund ums Mountainbike, Alpencross und Bikebergsteigen","publisher":{"@id":"https:\/\/www.schymik.de\/wordpress\/#\/schema\/person\/f4792950b1a3875a57d4fc2380f11e22"},"potentialAction":[{"@type":"SearchAction","target":{"@type":"EntryPoint","urlTemplate":"https:\/\/www.schymik.de\/wordpress\/?s={search_term_string}"},"query-input":"required name=search_term_string"}],"inLanguage":"de"},{"@type":["Person","Organization"],"@id":"https:\/\/www.schymik.de\/wordpress\/#\/schema\/person\/f4792950b1a3875a57d4fc2380f11e22","name":"Carsten","image":{"@type":"ImageObject","inLanguage":"de","@id":"https:\/\/www.schymik.de\/wordpress\/#\/schema\/person\/image\/","url":"https:\/\/www.schymik.de\/wordpress\/wp-content\/Schymik-Carsten-51x51cm.jpg","contentUrl":"https:\/\/www.schymik.de\/wordpress\/wp-content\/Schymik-Carsten-51x51cm.jpg","width":1530,"height":1530,"caption":"Carsten"},"logo":{"@id":"https:\/\/www.schymik.de\/wordpress\/#\/schema\/person\/image\/"},"sameAs":["http:\/\/www.schymik.de","https:\/\/www.facebook.com\/carsten.schymik","https:\/\/www.instagram.com\/carstenschymik\/","https:\/\/www.youtube.com\/@CarstenSchymik"]}]}},"_links":{"self":[{"href":"https:\/\/www.schymik.de\/wordpress\/wp-json\/wp\/v2\/posts\/3025"}],"collection":[{"href":"https:\/\/www.schymik.de\/wordpress\/wp-json\/wp\/v2\/posts"}],"about":[{"href":"https:\/\/www.schymik.de\/wordpress\/wp-json\/wp\/v2\/types\/post"}],"author":[{"embeddable":true,"href":"https:\/\/www.schymik.de\/wordpress\/wp-json\/wp\/v2\/users\/1"}],"replies":[{"embeddable":true,"href":"https:\/\/www.schymik.de\/wordpress\/wp-json\/wp\/v2\/comments?post=3025"}],"version-history":[{"count":3,"href":"https:\/\/www.schymik.de\/wordpress\/wp-json\/wp\/v2\/posts\/3025\/revisions"}],"predecessor-version":[{"id":3030,"href":"https:\/\/www.schymik.de\/wordpress\/wp-json\/wp\/v2\/posts\/3025\/revisions\/3030"}],"wp:attachment":[{"href":"https:\/\/www.schymik.de\/wordpress\/wp-json\/wp\/v2\/media?parent=3025"}],"wp:term":[{"taxonomy":"category","embeddable":true,"href":"https:\/\/www.schymik.de\/wordpress\/wp-json\/wp\/v2\/categories?post=3025"},{"taxonomy":"post_tag","embeddable":true,"href":"https:\/\/www.schymik.de\/wordpress\/wp-json\/wp\/v2\/tags?post=3025"}],"curies":[{"name":"wp","href":"https:\/\/api.w.org\/{rel}","templated":true}]}}