{"id":3226,"date":"2014-09-14T09:35:02","date_gmt":"2014-09-14T08:35:02","guid":{"rendered":"http:\/\/www.schymik.de\/wordpress\/?p=3226"},"modified":"2014-09-14T19:46:06","modified_gmt":"2014-09-14T18:46:06","slug":"baldo-sued","status":"publish","type":"post","link":"https:\/\/www.schymik.de\/wordpress\/baldo-sued\/","title":{"rendered":"Baldo S\u00fcd"},"content":{"rendered":"<p><strong>Mountainbike Touren Gardasee S\u00fcdost &#8211; Monte Baldo<\/strong><br \/>\nBand 7<br \/>\nvon Susi Plott und G\u00fcnter Durner<\/p>\n<figure id=\"attachment_3227\" aria-describedby=\"caption-attachment-3227\" style=\"width: 430px\" class=\"wp-caption aligncenter\"><a href=\"http:\/\/www.schymik.de\/wordpress\/wp-content\/durner7_1.jpg\"><img decoding=\"async\" loading=\"lazy\" class=\"wp-image-3227\" src=\"http:\/\/www.schymik.de\/wordpress\/wp-content\/durner7_1.jpg\" alt=\"\" width=\"430\" height=\"344\" srcset=\"https:\/\/www.schymik.de\/wordpress\/wp-content\/durner7_1.jpg 1024w, https:\/\/www.schymik.de\/wordpress\/wp-content\/durner7_1-600x480.jpg 600w, https:\/\/www.schymik.de\/wordpress\/wp-content\/durner7_1-300x239.jpg 300w, https:\/\/www.schymik.de\/wordpress\/wp-content\/durner7_1-700x559.jpg 700w\" sizes=\"(max-width: 430px) 100vw, 430px\" \/><\/a><figcaption id=\"caption-attachment-3227\" class=\"wp-caption-text\">Titelbild<\/figcaption><\/figure>\n<p>&nbsp;<\/p>\n<figure id=\"attachment_3242\" aria-describedby=\"caption-attachment-3242\" style=\"width: 150px\" class=\"wp-caption alignright\"><a href=\"http:\/\/www.schymik.de\/wordpress\/wp-content\/AM-Berg_Verlag_MTB-Bd7_IMG_3019_Guenter-Durner.jpg\"><img decoding=\"async\" loading=\"lazy\" class=\"size-thumbnail wp-image-3242\" src=\"http:\/\/www.schymik.de\/wordpress\/wp-content\/AM-Berg_Verlag_MTB-Bd7_IMG_3019_Guenter-Durner-150x150.jpg\" alt=\"Susi\" width=\"150\" height=\"150\" srcset=\"https:\/\/www.schymik.de\/wordpress\/wp-content\/AM-Berg_Verlag_MTB-Bd7_IMG_3019_Guenter-Durner-150x150.jpg 150w, https:\/\/www.schymik.de\/wordpress\/wp-content\/AM-Berg_Verlag_MTB-Bd7_IMG_3019_Guenter-Durner-300x300.jpg 300w, https:\/\/www.schymik.de\/wordpress\/wp-content\/AM-Berg_Verlag_MTB-Bd7_IMG_3019_Guenter-Durner-100x100.jpg 100w\" sizes=\"(max-width: 150px) 100vw, 150px\" \/><\/a><figcaption id=\"caption-attachment-3242\" class=\"wp-caption-text\">Susi<\/figcaption><\/figure>\n<p>Die Mountainbike-Region \u201eGardasee S\u00fcdost-Monte Baldo\u201c erstreckt sich von Malcesine im Norden bis nach Peschiera im S\u00fcden. Besonders der s\u00fcdliche Ausl\u00e4ufer des Monte Baldo Gebirgskammes bietet eine beeindruckende landschaftliche Vielfalt.<\/p>\n<p>Die Hochebene s\u00fcdlich von Caprino Veronese ist gepr\u00e4gt von sanften H\u00fcgeln, mediterranem Flair und dem Weinanbaugebiet rund um Bardolino. Aufgrund des milden mediterranen Klimas am Gardasee sind Touren ganzj\u00e4hrig m\u00f6glich.<\/p>\n<p>Der S\u00fcdosten des Gardasees ist als Mountainbike-Region nicht so bekannt und stark frequentiert, wie der n\u00f6rdliche Teil des Gardasees.<\/p>\n<figure id=\"attachment_3243\" aria-describedby=\"caption-attachment-3243\" style=\"width: 150px\" class=\"wp-caption alignright\"><a href=\"http:\/\/www.schymik.de\/wordpress\/wp-content\/AM-Berg_Verlag_MTB-Bd7_IMG_3277_Susi-Plott.jpg\"><img decoding=\"async\" loading=\"lazy\" class=\"size-thumbnail wp-image-3243\" src=\"http:\/\/www.schymik.de\/wordpress\/wp-content\/AM-Berg_Verlag_MTB-Bd7_IMG_3277_Susi-Plott-150x150.jpg\" alt=\"G\u00fcnter\" width=\"150\" height=\"150\" srcset=\"https:\/\/www.schymik.de\/wordpress\/wp-content\/AM-Berg_Verlag_MTB-Bd7_IMG_3277_Susi-Plott-150x150.jpg 150w, https:\/\/www.schymik.de\/wordpress\/wp-content\/AM-Berg_Verlag_MTB-Bd7_IMG_3277_Susi-Plott-300x300.jpg 300w, https:\/\/www.schymik.de\/wordpress\/wp-content\/AM-Berg_Verlag_MTB-Bd7_IMG_3277_Susi-Plott-100x100.jpg 100w\" sizes=\"(max-width: 150px) 100vw, 150px\" \/><\/a><figcaption id=\"caption-attachment-3243\" class=\"wp-caption-text\">G\u00fcnter<\/figcaption><\/figure>\n<p>Allerdings gibt es auch im S\u00fcden des Gardasees vielf\u00e4ltige Tourenm\u00f6glichkeiten, die von einfachen Touren auf wundersch\u00f6n angelegten Radwegen bis hin zu extrem anspruchsvollen Singletrails reichen.<\/p>\n<p>In diesem Tourenf\u00fchrer werden die sch\u00f6nsten Mountainbike-Touren zwischen Malcesine, Peschiera, Garda, Affi und Ferrara Di Monte Baldo beschrieben. Die Biketouren werden jedem Anspruch gerecht, denn sowohl der ambitionierte Mountainbiker als auch der gem\u00fctliche Fahrer kann seine \u201eTraumtour\u201c finden. \u201eBike Spa\u00df pur\u2026\u201c<\/p>\n<p>&nbsp;<\/p>\n<figure id=\"attachment_3228\" aria-describedby=\"caption-attachment-3228\" style=\"width: 150px\" class=\"wp-caption alignright\"><a href=\"http:\/\/www.schymik.de\/wordpress\/wp-content\/durner7_2.jpg\"><img decoding=\"async\" loading=\"lazy\" class=\"wp-image-3228 size-thumbnail\" src=\"http:\/\/www.schymik.de\/wordpress\/wp-content\/durner7_2-150x150.jpg\" alt=\"\" width=\"150\" height=\"150\" srcset=\"https:\/\/www.schymik.de\/wordpress\/wp-content\/durner7_2-150x150.jpg 150w, https:\/\/www.schymik.de\/wordpress\/wp-content\/durner7_2-300x300.jpg 300w, https:\/\/www.schymik.de\/wordpress\/wp-content\/durner7_2-100x100.jpg 100w\" sizes=\"(max-width: 150px) 100vw, 150px\" \/><\/a><figcaption id=\"caption-attachment-3228\" class=\"wp-caption-text\">\u00dcbersichtskarte<\/figcaption><\/figure>\n<p><strong>Blick ins Buch:<\/strong><\/p>\n<p>Wie man es bei den Autoren Susi Plott und G\u00fcnter Durner bereits gewohnt ist, wartet das Buch mit hochwertigen und sehr professionellen Fotos auf. Zudem erh\u00e4lt der Leser ausf\u00fchrlich recherchierte Roadbooks, eine Karte , ein H\u00f6hendiagramm sowie einen kurzen Text mit Hintergrundinformationen zu jeder Mountainbiketour.\u00a0 Die \u00dcbersichtskarte und das Tourenverzeichnis liefern einen ersten \u00dcberblick \u00fcber das Revier. Alle Touren sind in den bekannten Schwierigkeiten blau, rot und schwarz gekennzeichnet und erleichtern so das finden der richtigen Tour.<\/p>\n<p><strong>Das Revier:<\/strong><\/p>\n<p>Die Region des s\u00fcdlichen Monte Baldo hat lange nicht den Ruf und die Bekanntheit wie das Bikerevier rund um Riva und Torbole. F\u00fcr Biker, denen Natur, Landschaft und Einsamkeit wichtiger sind als Strandpromenade, Trubel und Hektik sicher eine gute Wahl. Lagoblick und Touren bis hinauf\u00a0 in alpine Regionen gibt es trotzdem. Die Region ist sicher auch eine Alternative f\u00fcr Biker, die weiter n\u00f6rdlich schon alle Touren gefahren sind und ein neues Bikerevier f\u00fcr Neuentdeckungen erkunden wollen.<\/p>\n<p><strong>Lieferumfang<\/strong>:<\/p>\n<p>Das Buch wird mit CD und einzelnen Tourenbl\u00e4ttern ausgeliefert. So bekommen sowohl Nutzer von GPS Ger\u00e4ten als auch Freunde klassischer Roadbooks die notwendigen Infos im optimalen Format geliefert, um diese mit auf Tour nehmen zu k\u00f6nnen.<\/p>\n<p><strong>Information<\/strong>:<\/p>\n<p>Der Mountainbikef\u00fchrer bietet Ihnen:<\/p>\n<p>\u2022 41 Mountainbiketouren in den Schwierigkeitsgraden leicht, mittel, schwer<br \/>\n\u2022 6 Downhill-Shuttletouren in den Schwierigkeitsgraden mittel, schwer<br \/>\n\u2022 benutzerfreundliches, kompaktes und stabiles Ringbuch im modernen Design<br \/>\n\u2022 alle Touren auf faltbaren Tourenkarten zum Mitnehmen auf Tour<br \/>\n\u2022 CD mit GPS-Tracks und KML Dateien zur Ansicht in Google Earth<\/p>\n<figure id=\"attachment_3231\" aria-describedby=\"caption-attachment-3231\" style=\"width: 150px\" class=\"wp-caption alignright\"><a href=\"http:\/\/www.schymik.de\/wordpress\/wp-content\/durner7_5.jpg\"><img decoding=\"async\" loading=\"lazy\" class=\"wp-image-3231 size-thumbnail\" src=\"http:\/\/www.schymik.de\/wordpress\/wp-content\/durner7_5-150x150.jpg\" alt=\"\" width=\"150\" height=\"150\" srcset=\"https:\/\/www.schymik.de\/wordpress\/wp-content\/durner7_5-150x150.jpg 150w, https:\/\/www.schymik.de\/wordpress\/wp-content\/durner7_5-300x300.jpg 300w, https:\/\/www.schymik.de\/wordpress\/wp-content\/durner7_5-100x100.jpg 100w\" sizes=\"(max-width: 150px) 100vw, 150px\" \/><\/a><figcaption id=\"caption-attachment-3231\" class=\"wp-caption-text\">Lieferumfang<\/figcaption><\/figure>\n<p>Bike &amp; Hike Tipps alle Touren mit:<\/p>\n<p>\u2022 farbiger Landkarte mit eingezeichnetem Routenverlauf, Orientierungspunkten und Trinkwasserbrunnen<br \/>\n\u2022 exakt ausgearbeiteter Wegbeschreibung<br \/>\n\u2022 genauen Kilometer- und H\u00f6henangaben<br \/>\n\u2022 detailliertem H\u00f6henprofil mit Prozentangaben<br \/>\n\u2022 vielen Landschaftsfotos und zus\u00e4tzlichen Gebietsinfos<\/p>\n<p><strong>Links:<\/strong><\/p>\n<p><a title=\"am Berg\" href=\"http:\/\/www.am-berg-verlag.de\/\" target=\"_blank\">Am Berg Verlag<\/a><\/p>\n<p>Blick ins Buch <a title=\"Tour 25\" href=\"http:\/\/www.am-berg-verlag.de\/downloads\/blick_ins_buch_mountainbike_bd7_gardasee-suedw.pdf\" target=\"_blank\">Tour 25<\/a><\/p>\n<p>weitere B\u00fccher von den <a title=\"Durner Plott\" href=\"http:\/\/www.schymik.de\/wordpress\/\/?s=durner\">Autoren <\/a><\/p>\n<p><strong>Das Buch Bei AMAZON kaufen<\/strong><br \/>\n<a href=\"http:\/\/www.amazon.de\/gp\/product\/3981567137\/ref=as_li_tl?ie=UTF8&amp;camp=1638&amp;creative=6742&amp;creativeASIN=3981567137&amp;linkCode=as2&amp;tag=transalphomep-21\" target=\"_blank\"><img decoding=\"async\" src=\"http:\/\/ws-eu.amazon-adsystem.com\/widgets\/q?_encoding=UTF8&amp;ASIN=3981567137&amp;Format=_SL250_&amp;ID=AsinImage&amp;MarketPlace=DE&amp;ServiceVersion=20070822&amp;WS=1&amp;tag=transalphomep-21\" alt=\"\" border=\"0\" \/><\/a><img decoding=\"async\" loading=\"lazy\" style=\"border: none !important; margin: 0px !important;\" src=\"http:\/\/ir-de.amazon-adsystem.com\/e\/ir?t=transalphomep-21&amp;l=as2&amp;o=3&amp;a=3981567137\" alt=\"\" width=\"1\" height=\"1\" border=\"0\" \/><\/p>\n","protected":false},"excerpt":{"rendered":"<p>Mountainbike Touren Gardasee S\u00fcdost &#8211; Monte Baldo Band 7 von Susi Plott und G\u00fcnter Durner &nbsp; Die Mountainbike-Region \u201eGardasee S\u00fcdost-Monte Baldo\u201c erstreckt sich von Malcesine im Norden bis nach Peschiera im S\u00fcden. Besonders der s\u00fcdliche Ausl\u00e4ufer des Monte Baldo Gebirgskammes bietet eine beeindruckende landschaftliche Vielfalt. Die Hochebene s\u00fcdlich von Caprino Veronese ist gepr\u00e4gt von sanften [&hellip;]<\/p>\n","protected":false},"author":1,"featured_media":0,"comment_status":"open","ping_status":"open","sticky":false,"template":"","format":"standard","meta":[],"categories":[10],"tags":[30,20],"yoast_head":"<!-- This site is optimized with the Yoast SEO plugin v21.0 - https:\/\/yoast.com\/wordpress\/plugins\/seo\/ -->\n<title>Baldo S\u00fcd - Transalp Homepage<\/title>\n<meta name=\"robots\" content=\"index, follow, max-snippet:-1, max-image-preview:large, max-video-preview:-1\" \/>\n<link rel=\"canonical\" href=\"https:\/\/www.schymik.de\/wordpress\/baldo-sued\/\" \/>\n<meta property=\"og:locale\" content=\"de_DE\" \/>\n<meta property=\"og:type\" content=\"article\" \/>\n<meta property=\"og:title\" content=\"Baldo S\u00fcd - Transalp Homepage\" \/>\n<meta property=\"og:description\" content=\"Mountainbike Touren Gardasee S\u00fcdost &#8211; Monte Baldo Band 7 von Susi Plott und G\u00fcnter Durner &nbsp; Die Mountainbike-Region \u201eGardasee S\u00fcdost-Monte Baldo\u201c erstreckt sich von Malcesine im Norden bis nach Peschiera im S\u00fcden. Besonders der s\u00fcdliche Ausl\u00e4ufer des Monte Baldo Gebirgskammes bietet eine beeindruckende landschaftliche Vielfalt. Die Hochebene s\u00fcdlich von Caprino Veronese ist gepr\u00e4gt von sanften [&hellip;]\" \/>\n<meta property=\"og:url\" content=\"https:\/\/www.schymik.de\/wordpress\/baldo-sued\/\" \/>\n<meta property=\"og:site_name\" content=\"Transalp Homepage\" \/>\n<meta property=\"article:publisher\" content=\"https:\/\/www.facebook.com\/carsten.schymik\" \/>\n<meta property=\"article:author\" content=\"https:\/\/www.facebook.com\/carsten.schymik\" \/>\n<meta property=\"article:published_time\" content=\"2014-09-14T08:35:02+00:00\" \/>\n<meta property=\"article:modified_time\" content=\"2014-09-14T18:46:06+00:00\" \/>\n<meta property=\"og:image\" content=\"http:\/\/www.schymik.de\/wordpress\/wp-content\/durner7_1.jpg\" \/>\n<meta name=\"author\" content=\"Carsten\" \/>\n<meta name=\"twitter:card\" content=\"summary_large_image\" \/>\n<meta name=\"twitter:label1\" content=\"Verfasst von\" \/>\n\t<meta name=\"twitter:data1\" content=\"Carsten\" \/>\n\t<meta name=\"twitter:label2\" content=\"Gesch\u00e4tzte Lesezeit\" \/>\n\t<meta name=\"twitter:data2\" content=\"3\u00a0Minuten\" \/>\n<script type=\"application\/ld+json\" class=\"yoast-schema-graph\">{\"@context\":\"https:\/\/schema.org\",\"@graph\":[{\"@type\":\"Article\",\"@id\":\"https:\/\/www.schymik.de\/wordpress\/baldo-sued\/#article\",\"isPartOf\":{\"@id\":\"https:\/\/www.schymik.de\/wordpress\/baldo-sued\/\"},\"author\":{\"name\":\"Carsten\",\"@id\":\"https:\/\/www.schymik.de\/wordpress\/#\/schema\/person\/f4792950b1a3875a57d4fc2380f11e22\"},\"headline\":\"Baldo S\u00fcd\",\"datePublished\":\"2014-09-14T08:35:02+00:00\",\"dateModified\":\"2014-09-14T18:46:06+00:00\",\"mainEntityOfPage\":{\"@id\":\"https:\/\/www.schymik.de\/wordpress\/baldo-sued\/\"},\"wordCount\":530,\"commentCount\":0,\"publisher\":{\"@id\":\"https:\/\/www.schymik.de\/wordpress\/#\/schema\/person\/f4792950b1a3875a57d4fc2380f11e22\"},\"keywords\":[\"Buch\",\"Gardasee\"],\"articleSection\":[\"B\u00fccher\"],\"inLanguage\":\"de\",\"potentialAction\":[{\"@type\":\"CommentAction\",\"name\":\"Comment\",\"target\":[\"https:\/\/www.schymik.de\/wordpress\/baldo-sued\/#respond\"]}]},{\"@type\":\"WebPage\",\"@id\":\"https:\/\/www.schymik.de\/wordpress\/baldo-sued\/\",\"url\":\"https:\/\/www.schymik.de\/wordpress\/baldo-sued\/\",\"name\":\"Baldo S\u00fcd - Transalp Homepage\",\"isPartOf\":{\"@id\":\"https:\/\/www.schymik.de\/wordpress\/#website\"},\"datePublished\":\"2014-09-14T08:35:02+00:00\",\"dateModified\":\"2014-09-14T18:46:06+00:00\",\"breadcrumb\":{\"@id\":\"https:\/\/www.schymik.de\/wordpress\/baldo-sued\/#breadcrumb\"},\"inLanguage\":\"de\",\"potentialAction\":[{\"@type\":\"ReadAction\",\"target\":[\"https:\/\/www.schymik.de\/wordpress\/baldo-sued\/\"]}]},{\"@type\":\"BreadcrumbList\",\"@id\":\"https:\/\/www.schymik.de\/wordpress\/baldo-sued\/#breadcrumb\",\"itemListElement\":[{\"@type\":\"ListItem\",\"position\":1,\"name\":\"Startseite\",\"item\":\"https:\/\/www.schymik.de\/wordpress\/\"},{\"@type\":\"ListItem\",\"position\":2,\"name\":\"Baldo S\u00fcd\"}]},{\"@type\":\"WebSite\",\"@id\":\"https:\/\/www.schymik.de\/wordpress\/#website\",\"url\":\"https:\/\/www.schymik.de\/wordpress\/\",\"name\":\"Transalp Homepage\",\"description\":\"Alles rund ums Mountainbike, Alpencross und Bikebergsteigen\",\"publisher\":{\"@id\":\"https:\/\/www.schymik.de\/wordpress\/#\/schema\/person\/f4792950b1a3875a57d4fc2380f11e22\"},\"potentialAction\":[{\"@type\":\"SearchAction\",\"target\":{\"@type\":\"EntryPoint\",\"urlTemplate\":\"https:\/\/www.schymik.de\/wordpress\/?s={search_term_string}\"},\"query-input\":\"required name=search_term_string\"}],\"inLanguage\":\"de\"},{\"@type\":[\"Person\",\"Organization\"],\"@id\":\"https:\/\/www.schymik.de\/wordpress\/#\/schema\/person\/f4792950b1a3875a57d4fc2380f11e22\",\"name\":\"Carsten\",\"image\":{\"@type\":\"ImageObject\",\"inLanguage\":\"de\",\"@id\":\"https:\/\/www.schymik.de\/wordpress\/#\/schema\/person\/image\/\",\"url\":\"https:\/\/www.schymik.de\/wordpress\/wp-content\/Schymik-Carsten-51x51cm.jpg\",\"contentUrl\":\"https:\/\/www.schymik.de\/wordpress\/wp-content\/Schymik-Carsten-51x51cm.jpg\",\"width\":1530,\"height\":1530,\"caption\":\"Carsten\"},\"logo\":{\"@id\":\"https:\/\/www.schymik.de\/wordpress\/#\/schema\/person\/image\/\"},\"sameAs\":[\"http:\/\/www.schymik.de\",\"https:\/\/www.facebook.com\/carsten.schymik\",\"https:\/\/www.instagram.com\/carstenschymik\/\",\"https:\/\/www.youtube.com\/@CarstenSchymik\"]}]}<\/script>\n<!-- \/ Yoast SEO plugin. -->","yoast_head_json":{"title":"Baldo S\u00fcd - Transalp Homepage","robots":{"index":"index","follow":"follow","max-snippet":"max-snippet:-1","max-image-preview":"max-image-preview:large","max-video-preview":"max-video-preview:-1"},"canonical":"https:\/\/www.schymik.de\/wordpress\/baldo-sued\/","og_locale":"de_DE","og_type":"article","og_title":"Baldo S\u00fcd - Transalp Homepage","og_description":"Mountainbike Touren Gardasee S\u00fcdost &#8211; Monte Baldo Band 7 von Susi Plott und G\u00fcnter Durner &nbsp; Die Mountainbike-Region \u201eGardasee S\u00fcdost-Monte Baldo\u201c erstreckt sich von Malcesine im Norden bis nach Peschiera im S\u00fcden. Besonders der s\u00fcdliche Ausl\u00e4ufer des Monte Baldo Gebirgskammes bietet eine beeindruckende landschaftliche Vielfalt. Die Hochebene s\u00fcdlich von Caprino Veronese ist gepr\u00e4gt von sanften [&hellip;]","og_url":"https:\/\/www.schymik.de\/wordpress\/baldo-sued\/","og_site_name":"Transalp Homepage","article_publisher":"https:\/\/www.facebook.com\/carsten.schymik","article_author":"https:\/\/www.facebook.com\/carsten.schymik","article_published_time":"2014-09-14T08:35:02+00:00","article_modified_time":"2014-09-14T18:46:06+00:00","og_image":[{"url":"http:\/\/www.schymik.de\/wordpress\/wp-content\/durner7_1.jpg"}],"author":"Carsten","twitter_card":"summary_large_image","twitter_misc":{"Verfasst von":"Carsten","Gesch\u00e4tzte Lesezeit":"3\u00a0Minuten"},"schema":{"@context":"https:\/\/schema.org","@graph":[{"@type":"Article","@id":"https:\/\/www.schymik.de\/wordpress\/baldo-sued\/#article","isPartOf":{"@id":"https:\/\/www.schymik.de\/wordpress\/baldo-sued\/"},"author":{"name":"Carsten","@id":"https:\/\/www.schymik.de\/wordpress\/#\/schema\/person\/f4792950b1a3875a57d4fc2380f11e22"},"headline":"Baldo S\u00fcd","datePublished":"2014-09-14T08:35:02+00:00","dateModified":"2014-09-14T18:46:06+00:00","mainEntityOfPage":{"@id":"https:\/\/www.schymik.de\/wordpress\/baldo-sued\/"},"wordCount":530,"commentCount":0,"publisher":{"@id":"https:\/\/www.schymik.de\/wordpress\/#\/schema\/person\/f4792950b1a3875a57d4fc2380f11e22"},"keywords":["Buch","Gardasee"],"articleSection":["B\u00fccher"],"inLanguage":"de","potentialAction":[{"@type":"CommentAction","name":"Comment","target":["https:\/\/www.schymik.de\/wordpress\/baldo-sued\/#respond"]}]},{"@type":"WebPage","@id":"https:\/\/www.schymik.de\/wordpress\/baldo-sued\/","url":"https:\/\/www.schymik.de\/wordpress\/baldo-sued\/","name":"Baldo S\u00fcd - Transalp Homepage","isPartOf":{"@id":"https:\/\/www.schymik.de\/wordpress\/#website"},"datePublished":"2014-09-14T08:35:02+00:00","dateModified":"2014-09-14T18:46:06+00:00","breadcrumb":{"@id":"https:\/\/www.schymik.de\/wordpress\/baldo-sued\/#breadcrumb"},"inLanguage":"de","potentialAction":[{"@type":"ReadAction","target":["https:\/\/www.schymik.de\/wordpress\/baldo-sued\/"]}]},{"@type":"BreadcrumbList","@id":"https:\/\/www.schymik.de\/wordpress\/baldo-sued\/#breadcrumb","itemListElement":[{"@type":"ListItem","position":1,"name":"Startseite","item":"https:\/\/www.schymik.de\/wordpress\/"},{"@type":"ListItem","position":2,"name":"Baldo S\u00fcd"}]},{"@type":"WebSite","@id":"https:\/\/www.schymik.de\/wordpress\/#website","url":"https:\/\/www.schymik.de\/wordpress\/","name":"Transalp Homepage","description":"Alles rund ums Mountainbike, Alpencross und Bikebergsteigen","publisher":{"@id":"https:\/\/www.schymik.de\/wordpress\/#\/schema\/person\/f4792950b1a3875a57d4fc2380f11e22"},"potentialAction":[{"@type":"SearchAction","target":{"@type":"EntryPoint","urlTemplate":"https:\/\/www.schymik.de\/wordpress\/?s={search_term_string}"},"query-input":"required name=search_term_string"}],"inLanguage":"de"},{"@type":["Person","Organization"],"@id":"https:\/\/www.schymik.de\/wordpress\/#\/schema\/person\/f4792950b1a3875a57d4fc2380f11e22","name":"Carsten","image":{"@type":"ImageObject","inLanguage":"de","@id":"https:\/\/www.schymik.de\/wordpress\/#\/schema\/person\/image\/","url":"https:\/\/www.schymik.de\/wordpress\/wp-content\/Schymik-Carsten-51x51cm.jpg","contentUrl":"https:\/\/www.schymik.de\/wordpress\/wp-content\/Schymik-Carsten-51x51cm.jpg","width":1530,"height":1530,"caption":"Carsten"},"logo":{"@id":"https:\/\/www.schymik.de\/wordpress\/#\/schema\/person\/image\/"},"sameAs":["http:\/\/www.schymik.de","https:\/\/www.facebook.com\/carsten.schymik","https:\/\/www.instagram.com\/carstenschymik\/","https:\/\/www.youtube.com\/@CarstenSchymik"]}]}},"_links":{"self":[{"href":"https:\/\/www.schymik.de\/wordpress\/wp-json\/wp\/v2\/posts\/3226"}],"collection":[{"href":"https:\/\/www.schymik.de\/wordpress\/wp-json\/wp\/v2\/posts"}],"about":[{"href":"https:\/\/www.schymik.de\/wordpress\/wp-json\/wp\/v2\/types\/post"}],"author":[{"embeddable":true,"href":"https:\/\/www.schymik.de\/wordpress\/wp-json\/wp\/v2\/users\/1"}],"replies":[{"embeddable":true,"href":"https:\/\/www.schymik.de\/wordpress\/wp-json\/wp\/v2\/comments?post=3226"}],"version-history":[{"count":13,"href":"https:\/\/www.schymik.de\/wordpress\/wp-json\/wp\/v2\/posts\/3226\/revisions"}],"predecessor-version":[{"id":3249,"href":"https:\/\/www.schymik.de\/wordpress\/wp-json\/wp\/v2\/posts\/3226\/revisions\/3249"}],"wp:attachment":[{"href":"https:\/\/www.schymik.de\/wordpress\/wp-json\/wp\/v2\/media?parent=3226"}],"wp:term":[{"taxonomy":"category","embeddable":true,"href":"https:\/\/www.schymik.de\/wordpress\/wp-json\/wp\/v2\/categories?post=3226"},{"taxonomy":"post_tag","embeddable":true,"href":"https:\/\/www.schymik.de\/wordpress\/wp-json\/wp\/v2\/tags?post=3226"}],"curies":[{"name":"wp","href":"https:\/\/api.w.org\/{rel}","templated":true}]}}