{"id":34,"date":"2006-03-26T11:24:40","date_gmt":"2006-03-26T09:24:40","guid":{"rendered":"http:\/\/www.schymik.de\/wordpress\/?p=34"},"modified":"2021-01-09T09:49:50","modified_gmt":"2021-01-09T08:49:50","slug":"ende-der-eiszeit","status":"publish","type":"post","link":"https:\/\/www.schymik.de\/wordpress\/ende-der-eiszeit\/","title":{"rendered":"Ende der Eiszeit"},"content":{"rendered":"<p>Der wohl h\u00e4rteste Winter der letzten Jahre geht zu Ende. In diesem Jahr gab es sage und schreibe 4, 5 Monate am St\u00fcck eine geschlossene Schneedecke. Die Spikesreifen waren genau 4 Monate lang auf dem Bike. Am 17. November hat es auf der Schw\u00e4bischen Alb den ersten Schnee gegeben, welcher nie mehr ganz verschwand.<\/p>\n<p>Trotz dieser Witterungsbdingungen konnte ich bei teilweise traumhaften Winterwetter und eisiger K\u00e4lte \u00fcber 2000 km auf dem Bike verbringen, was einer Gesamtfahrzeit von \u00fcber 150 h entsprcht. Bei ca. 130 Nightrides haben mir meine PSYCHO-Lampen wieder einen treuen Dienst geleistet.<\/p>\n<p>Die Schattenseite der Geschichte sind die verschlissen Bikeparts: Bremsbel\u00e4ge runter, Kette und Ritzel verrostet, ein Totalausfall eines Steuersatzes und nat\u00fcrlich v\u00f6llig vergammelte Schaltz\u00fcge.<\/p>\n<p><img decoding=\"async\" title=\"Schneebefahrung von Nobrain\" src=\"http:\/\/schymik.de\/bilder\/nobrain.jpg\" alt=\"Schneebefahrung von Nobrain\" \/><\/p>\n<p>Diesen Winter habe ich konsequent alle Trails befahren, die es bei uns in der Gegend gibt. Auch auf schwierigsten Abfahrten habe ich trotz Schnee, oder gerade wegen der erh\u00f6hten Anforderungen an Bikebeherrschung und Fahrtechnik nichts unversucht gelassen. Um die Trails im teilweise bis zu einem Meter tief verschneiten Wald \u00fcberhaupt zu erreichen, habe ich Fu\u00dfm\u00e4rsche von bis zu 30 min in Kauf genommen.<\/p>\n<p>Auch Auffahrten auf verschneiten oder in den letzten Tagen v\u00f6llig aufgeweichten Forstwegen arteten diesen Winter immer wieder in langwierige Schiebe-und Tragepassagen aus. Ein gutes Training f\u00fcr den Alpencross.<\/p>\n<p><img decoding=\"async\" title=\"Schiebest\u00fcck bei HDH\" src=\"http:\/\/schymik.de\/bilder\/schieb.jpg\" alt=\"Schiebest\u00fcck bei HDH\" \/><\/p>\n<p>Alles im allen hat es sehr viel Spa\u00df gemacht, aber nun wird es Zeit f\u00fcr Sonnne, kurze Hosen und Touren ohne Flutlichtanlage auf dem Lenker. Die Bikesaison 2006 hat begonnen&#8230;und zwar am 27. November 2005.<\/p>\n<p><strong>Mehr zum Thema Mountainbiken im Winter:<\/strong><\/p>\n<p><a href=\"http:\/\/www.schymik.de\/wordpress\/10-ausreden\/\">10 Ausreden<\/a>\u00a0warum man im Winter nicht Mountainbiken kann<\/p>\n","protected":false},"excerpt":{"rendered":"<p>Der wohl h\u00e4rteste Winter der letzten Jahre geht zu Ende. In diesem Jahr gab es sage und schreibe 4, 5 Monate am St\u00fcck eine geschlossene Schneedecke. Die Spikesreifen waren genau 4 Monate lang auf dem Bike. Am 17. November hat es auf der Schw\u00e4bischen Alb den ersten Schnee gegeben, welcher nie mehr ganz verschwand. Trotz [&hellip;]<\/p>\n","protected":false},"author":1,"featured_media":0,"comment_status":"closed","ping_status":"closed","sticky":false,"template":"","format":"standard","meta":[],"categories":[1],"tags":[101,100,102,103],"yoast_head":"<!-- This site is optimized with the Yoast SEO plugin v21.0 - https:\/\/yoast.com\/wordpress\/plugins\/seo\/ -->\n<title>Ende der Eiszeit - Transalp Homepage<\/title>\n<meta name=\"robots\" content=\"index, follow, max-snippet:-1, max-image-preview:large, max-video-preview:-1\" \/>\n<link rel=\"canonical\" href=\"https:\/\/www.schymik.de\/wordpress\/ende-der-eiszeit\/\" \/>\n<meta property=\"og:locale\" content=\"de_DE\" \/>\n<meta property=\"og:type\" content=\"article\" \/>\n<meta property=\"og:title\" content=\"Ende der Eiszeit - Transalp Homepage\" \/>\n<meta property=\"og:description\" content=\"Der wohl h\u00e4rteste Winter der letzten Jahre geht zu Ende. In diesem Jahr gab es sage und schreibe 4, 5 Monate am St\u00fcck eine geschlossene Schneedecke. Die Spikesreifen waren genau 4 Monate lang auf dem Bike. Am 17. November hat es auf der Schw\u00e4bischen Alb den ersten Schnee gegeben, welcher nie mehr ganz verschwand. Trotz [&hellip;]\" \/>\n<meta property=\"og:url\" content=\"https:\/\/www.schymik.de\/wordpress\/ende-der-eiszeit\/\" \/>\n<meta property=\"og:site_name\" content=\"Transalp Homepage\" \/>\n<meta property=\"article:publisher\" content=\"https:\/\/www.facebook.com\/carsten.schymik\" \/>\n<meta property=\"article:author\" content=\"https:\/\/www.facebook.com\/carsten.schymik\" \/>\n<meta property=\"article:published_time\" content=\"2006-03-26T09:24:40+00:00\" \/>\n<meta property=\"article:modified_time\" content=\"2021-01-09T08:49:50+00:00\" \/>\n<meta property=\"og:image\" content=\"http:\/\/schymik.de\/bilder\/nobrain.jpg\" \/>\n<meta name=\"author\" content=\"Carsten\" \/>\n<meta name=\"twitter:card\" content=\"summary_large_image\" \/>\n<meta name=\"twitter:label1\" content=\"Verfasst von\" \/>\n\t<meta name=\"twitter:data1\" content=\"Carsten\" \/>\n\t<meta name=\"twitter:label2\" content=\"Gesch\u00e4tzte Lesezeit\" \/>\n\t<meta name=\"twitter:data2\" content=\"1\u00a0Minute\" \/>\n<script type=\"application\/ld+json\" class=\"yoast-schema-graph\">{\"@context\":\"https:\/\/schema.org\",\"@graph\":[{\"@type\":\"Article\",\"@id\":\"https:\/\/www.schymik.de\/wordpress\/ende-der-eiszeit\/#article\",\"isPartOf\":{\"@id\":\"https:\/\/www.schymik.de\/wordpress\/ende-der-eiszeit\/\"},\"author\":{\"name\":\"Carsten\",\"@id\":\"https:\/\/www.schymik.de\/wordpress\/#\/schema\/person\/f4792950b1a3875a57d4fc2380f11e22\"},\"headline\":\"Ende der Eiszeit\",\"datePublished\":\"2006-03-26T09:24:40+00:00\",\"dateModified\":\"2021-01-09T08:49:50+00:00\",\"mainEntityOfPage\":{\"@id\":\"https:\/\/www.schymik.de\/wordpress\/ende-der-eiszeit\/\"},\"wordCount\":264,\"publisher\":{\"@id\":\"https:\/\/www.schymik.de\/wordpress\/#\/schema\/person\/f4792950b1a3875a57d4fc2380f11e22\"},\"keywords\":[\"schnee\",\"winter\",\"winterpokal\",\"wintersport\"],\"articleSection\":[\"Bike-Tagebuch\"],\"inLanguage\":\"de\"},{\"@type\":\"WebPage\",\"@id\":\"https:\/\/www.schymik.de\/wordpress\/ende-der-eiszeit\/\",\"url\":\"https:\/\/www.schymik.de\/wordpress\/ende-der-eiszeit\/\",\"name\":\"Ende der Eiszeit - Transalp Homepage\",\"isPartOf\":{\"@id\":\"https:\/\/www.schymik.de\/wordpress\/#website\"},\"datePublished\":\"2006-03-26T09:24:40+00:00\",\"dateModified\":\"2021-01-09T08:49:50+00:00\",\"breadcrumb\":{\"@id\":\"https:\/\/www.schymik.de\/wordpress\/ende-der-eiszeit\/#breadcrumb\"},\"inLanguage\":\"de\",\"potentialAction\":[{\"@type\":\"ReadAction\",\"target\":[\"https:\/\/www.schymik.de\/wordpress\/ende-der-eiszeit\/\"]}]},{\"@type\":\"BreadcrumbList\",\"@id\":\"https:\/\/www.schymik.de\/wordpress\/ende-der-eiszeit\/#breadcrumb\",\"itemListElement\":[{\"@type\":\"ListItem\",\"position\":1,\"name\":\"Startseite\",\"item\":\"https:\/\/www.schymik.de\/wordpress\/\"},{\"@type\":\"ListItem\",\"position\":2,\"name\":\"Ende der Eiszeit\"}]},{\"@type\":\"WebSite\",\"@id\":\"https:\/\/www.schymik.de\/wordpress\/#website\",\"url\":\"https:\/\/www.schymik.de\/wordpress\/\",\"name\":\"Transalp Homepage\",\"description\":\"Alles rund ums Mountainbike, Alpencross und Bikebergsteigen\",\"publisher\":{\"@id\":\"https:\/\/www.schymik.de\/wordpress\/#\/schema\/person\/f4792950b1a3875a57d4fc2380f11e22\"},\"potentialAction\":[{\"@type\":\"SearchAction\",\"target\":{\"@type\":\"EntryPoint\",\"urlTemplate\":\"https:\/\/www.schymik.de\/wordpress\/?s={search_term_string}\"},\"query-input\":\"required name=search_term_string\"}],\"inLanguage\":\"de\"},{\"@type\":[\"Person\",\"Organization\"],\"@id\":\"https:\/\/www.schymik.de\/wordpress\/#\/schema\/person\/f4792950b1a3875a57d4fc2380f11e22\",\"name\":\"Carsten\",\"image\":{\"@type\":\"ImageObject\",\"inLanguage\":\"de\",\"@id\":\"https:\/\/www.schymik.de\/wordpress\/#\/schema\/person\/image\/\",\"url\":\"https:\/\/www.schymik.de\/wordpress\/wp-content\/Schymik-Carsten-51x51cm.jpg\",\"contentUrl\":\"https:\/\/www.schymik.de\/wordpress\/wp-content\/Schymik-Carsten-51x51cm.jpg\",\"width\":1530,\"height\":1530,\"caption\":\"Carsten\"},\"logo\":{\"@id\":\"https:\/\/www.schymik.de\/wordpress\/#\/schema\/person\/image\/\"},\"sameAs\":[\"http:\/\/www.schymik.de\",\"https:\/\/www.facebook.com\/carsten.schymik\",\"https:\/\/www.instagram.com\/carstenschymik\/\",\"https:\/\/www.youtube.com\/@CarstenSchymik\"]}]}<\/script>\n<!-- \/ Yoast SEO plugin. -->","yoast_head_json":{"title":"Ende der Eiszeit - Transalp Homepage","robots":{"index":"index","follow":"follow","max-snippet":"max-snippet:-1","max-image-preview":"max-image-preview:large","max-video-preview":"max-video-preview:-1"},"canonical":"https:\/\/www.schymik.de\/wordpress\/ende-der-eiszeit\/","og_locale":"de_DE","og_type":"article","og_title":"Ende der Eiszeit - Transalp Homepage","og_description":"Der wohl h\u00e4rteste Winter der letzten Jahre geht zu Ende. In diesem Jahr gab es sage und schreibe 4, 5 Monate am St\u00fcck eine geschlossene Schneedecke. Die Spikesreifen waren genau 4 Monate lang auf dem Bike. Am 17. November hat es auf der Schw\u00e4bischen Alb den ersten Schnee gegeben, welcher nie mehr ganz verschwand. Trotz [&hellip;]","og_url":"https:\/\/www.schymik.de\/wordpress\/ende-der-eiszeit\/","og_site_name":"Transalp Homepage","article_publisher":"https:\/\/www.facebook.com\/carsten.schymik","article_author":"https:\/\/www.facebook.com\/carsten.schymik","article_published_time":"2006-03-26T09:24:40+00:00","article_modified_time":"2021-01-09T08:49:50+00:00","og_image":[{"url":"http:\/\/schymik.de\/bilder\/nobrain.jpg"}],"author":"Carsten","twitter_card":"summary_large_image","twitter_misc":{"Verfasst von":"Carsten","Gesch\u00e4tzte Lesezeit":"1\u00a0Minute"},"schema":{"@context":"https:\/\/schema.org","@graph":[{"@type":"Article","@id":"https:\/\/www.schymik.de\/wordpress\/ende-der-eiszeit\/#article","isPartOf":{"@id":"https:\/\/www.schymik.de\/wordpress\/ende-der-eiszeit\/"},"author":{"name":"Carsten","@id":"https:\/\/www.schymik.de\/wordpress\/#\/schema\/person\/f4792950b1a3875a57d4fc2380f11e22"},"headline":"Ende der Eiszeit","datePublished":"2006-03-26T09:24:40+00:00","dateModified":"2021-01-09T08:49:50+00:00","mainEntityOfPage":{"@id":"https:\/\/www.schymik.de\/wordpress\/ende-der-eiszeit\/"},"wordCount":264,"publisher":{"@id":"https:\/\/www.schymik.de\/wordpress\/#\/schema\/person\/f4792950b1a3875a57d4fc2380f11e22"},"keywords":["schnee","winter","winterpokal","wintersport"],"articleSection":["Bike-Tagebuch"],"inLanguage":"de"},{"@type":"WebPage","@id":"https:\/\/www.schymik.de\/wordpress\/ende-der-eiszeit\/","url":"https:\/\/www.schymik.de\/wordpress\/ende-der-eiszeit\/","name":"Ende der Eiszeit - Transalp Homepage","isPartOf":{"@id":"https:\/\/www.schymik.de\/wordpress\/#website"},"datePublished":"2006-03-26T09:24:40+00:00","dateModified":"2021-01-09T08:49:50+00:00","breadcrumb":{"@id":"https:\/\/www.schymik.de\/wordpress\/ende-der-eiszeit\/#breadcrumb"},"inLanguage":"de","potentialAction":[{"@type":"ReadAction","target":["https:\/\/www.schymik.de\/wordpress\/ende-der-eiszeit\/"]}]},{"@type":"BreadcrumbList","@id":"https:\/\/www.schymik.de\/wordpress\/ende-der-eiszeit\/#breadcrumb","itemListElement":[{"@type":"ListItem","position":1,"name":"Startseite","item":"https:\/\/www.schymik.de\/wordpress\/"},{"@type":"ListItem","position":2,"name":"Ende der Eiszeit"}]},{"@type":"WebSite","@id":"https:\/\/www.schymik.de\/wordpress\/#website","url":"https:\/\/www.schymik.de\/wordpress\/","name":"Transalp Homepage","description":"Alles rund ums Mountainbike, Alpencross und Bikebergsteigen","publisher":{"@id":"https:\/\/www.schymik.de\/wordpress\/#\/schema\/person\/f4792950b1a3875a57d4fc2380f11e22"},"potentialAction":[{"@type":"SearchAction","target":{"@type":"EntryPoint","urlTemplate":"https:\/\/www.schymik.de\/wordpress\/?s={search_term_string}"},"query-input":"required name=search_term_string"}],"inLanguage":"de"},{"@type":["Person","Organization"],"@id":"https:\/\/www.schymik.de\/wordpress\/#\/schema\/person\/f4792950b1a3875a57d4fc2380f11e22","name":"Carsten","image":{"@type":"ImageObject","inLanguage":"de","@id":"https:\/\/www.schymik.de\/wordpress\/#\/schema\/person\/image\/","url":"https:\/\/www.schymik.de\/wordpress\/wp-content\/Schymik-Carsten-51x51cm.jpg","contentUrl":"https:\/\/www.schymik.de\/wordpress\/wp-content\/Schymik-Carsten-51x51cm.jpg","width":1530,"height":1530,"caption":"Carsten"},"logo":{"@id":"https:\/\/www.schymik.de\/wordpress\/#\/schema\/person\/image\/"},"sameAs":["http:\/\/www.schymik.de","https:\/\/www.facebook.com\/carsten.schymik","https:\/\/www.instagram.com\/carstenschymik\/","https:\/\/www.youtube.com\/@CarstenSchymik"]}]}},"_links":{"self":[{"href":"https:\/\/www.schymik.de\/wordpress\/wp-json\/wp\/v2\/posts\/34"}],"collection":[{"href":"https:\/\/www.schymik.de\/wordpress\/wp-json\/wp\/v2\/posts"}],"about":[{"href":"https:\/\/www.schymik.de\/wordpress\/wp-json\/wp\/v2\/types\/post"}],"author":[{"embeddable":true,"href":"https:\/\/www.schymik.de\/wordpress\/wp-json\/wp\/v2\/users\/1"}],"replies":[{"embeddable":true,"href":"https:\/\/www.schymik.de\/wordpress\/wp-json\/wp\/v2\/comments?post=34"}],"version-history":[{"count":1,"href":"https:\/\/www.schymik.de\/wordpress\/wp-json\/wp\/v2\/posts\/34\/revisions"}],"predecessor-version":[{"id":4853,"href":"https:\/\/www.schymik.de\/wordpress\/wp-json\/wp\/v2\/posts\/34\/revisions\/4853"}],"wp:attachment":[{"href":"https:\/\/www.schymik.de\/wordpress\/wp-json\/wp\/v2\/media?parent=34"}],"wp:term":[{"taxonomy":"category","embeddable":true,"href":"https:\/\/www.schymik.de\/wordpress\/wp-json\/wp\/v2\/categories?post=34"},{"taxonomy":"post_tag","embeddable":true,"href":"https:\/\/www.schymik.de\/wordpress\/wp-json\/wp\/v2\/tags?post=34"}],"curies":[{"name":"wp","href":"https:\/\/api.w.org\/{rel}","templated":true}]}}