{"id":3466,"date":"2015-06-21T08:56:00","date_gmt":"2015-06-21T07:56:00","guid":{"rendered":"http:\/\/www.schymik.de\/wordpress\/?p=3466"},"modified":"2015-06-21T09:28:26","modified_gmt":"2015-06-21T08:28:26","slug":"gardasee-suedwest","status":"publish","type":"post","link":"https:\/\/www.schymik.de\/wordpress\/gardasee-suedwest\/","title":{"rendered":"Gardasee S\u00fcdwest"},"content":{"rendered":"<p><strong>Gardasee S\u00fcdwest &#8211; Valvestino See<\/strong><\/p>\n<p>Mountainbike Touren Band 8<br \/>\nvon Susi Plott und G\u00fcnter Durner<\/p>\n<p>Braucht man wirklich noch einen weiteren Tourenf\u00fchrer f\u00fcr den Gardasee?<br \/>\nSelbstverst\u00e4ndlich, wenn dieser neue Touren und eine f\u00fcr viele Biker noch unbekannte Region beschreibt. Und genau hier setzen die Autoren Susi Plott und G\u00fcnter Durner mit ihren vierten Mountainbike Tourenf\u00fcher f\u00fcr den Gardasee an.<br \/>\nSie beschreiben in gewohnter Qualit\u00e4t mit vielen sehr professionellen Fotos die Region im S\u00fcdwesten des Gardasees. Auch eingefleischte Gardasee-Kenner werden hier noch viele neue Touren in allen Schwierigkeiten finden.<\/p>\n<p><a href=\"http:\/\/www.schymik.de\/wordpress\/wp-content\/mountainbike-buchteile-bd-8.jpg\"><img decoding=\"async\" loading=\"lazy\" class=\"aligncenter size-large wp-image-3469\" src=\"http:\/\/www.schymik.de\/wordpress\/wp-content\/mountainbike-buchteile-bd-8.jpg\" alt=\"mountainbike-buchteile-bd-8\" width=\"700\" height=\"568\" srcset=\"https:\/\/www.schymik.de\/wordpress\/wp-content\/mountainbike-buchteile-bd-8.jpg 768w, https:\/\/www.schymik.de\/wordpress\/wp-content\/mountainbike-buchteile-bd-8-600x488.jpg 600w, https:\/\/www.schymik.de\/wordpress\/wp-content\/mountainbike-buchteile-bd-8-300x243.jpg 300w, https:\/\/www.schymik.de\/wordpress\/wp-content\/mountainbike-buchteile-bd-8-700x568.jpg 700w\" sizes=\"(max-width: 700px) 100vw, 700px\" \/><\/a><a href=\"http:\/\/www.schymik.de\/wordpress\/wp-content\/\u00dcbersichtskarte-Bd-8-AM-Berg-Verlag.jpg\"><img decoding=\"async\" loading=\"lazy\" class=\"alignleft wp-image-3471 size-medium\" src=\"http:\/\/www.schymik.de\/wordpress\/wp-content\/\u00dcbersichtskarte-Bd-8-AM-Berg-Verlag-300x297.jpg\" alt=\"\u00dcbersichtskarte Band801-05-15\" width=\"300\" height=\"297\" srcset=\"https:\/\/www.schymik.de\/wordpress\/wp-content\/\u00dcbersichtskarte-Bd-8-AM-Berg-Verlag-300x297.jpg 300w, https:\/\/www.schymik.de\/wordpress\/wp-content\/\u00dcbersichtskarte-Bd-8-AM-Berg-Verlag-100x100.jpg 100w, https:\/\/www.schymik.de\/wordpress\/wp-content\/\u00dcbersichtskarte-Bd-8-AM-Berg-Verlag-600x596.jpg 600w, https:\/\/www.schymik.de\/wordpress\/wp-content\/\u00dcbersichtskarte-Bd-8-AM-Berg-Verlag-150x150.jpg 150w, https:\/\/www.schymik.de\/wordpress\/wp-content\/\u00dcbersichtskarte-Bd-8-AM-Berg-Verlag-1024x1017.jpg 1024w, https:\/\/www.schymik.de\/wordpress\/wp-content\/\u00dcbersichtskarte-Bd-8-AM-Berg-Verlag-700x695.jpg 700w, https:\/\/www.schymik.de\/wordpress\/wp-content\/\u00dcbersichtskarte-Bd-8-AM-Berg-Verlag.jpg 1048w\" sizes=\"(max-width: 300px) 100vw, 300px\" \/><\/a>Die Mountainbike-Region \u201eGardasee S\u00fcdwest-Valvestino See\u201c erstreckt sich von Tignale im Norden bis nach Sal\u00f2 und Padenghe im S\u00fcden. Die imposante und weitl\u00e4ufige Bergwelt des Naturparks \u201eParco dell\u2018Alto Garda Bresciano\u201c bietet eine beeindruckende landschaftliche Vielfalt. S\u00fcdlich von Sal\u00f2 ist die Landschaft lieblich mit zahlreichen H\u00fcgeln aus der Eiszeit und unmittelbar nordwestlich von Toscolano-Maderno erhebt sich die h\u00f6chste Erhebung am Westufer des Sees, der markante Monte Pizzocolo 1.581 m.<\/p>\n<p>Im Hinterland n\u00f6rdlich des Valvestino Stausees erstrecken sich die touristisch weitgehend unerschlossenen Gardaseeberge mit der h\u00f6chsten Erhebung, dem Monte Cablone 1.975 m. Die Landschaft zwischen Tignale und Sal\u00f2 bietet abwechslungsreiche, faszinierende Panoramen mit mediterranem Flair. Das urspr\u00fcngliche Hinterland des Gardasees mit seiner vielf\u00e4ltigen Landschaft l\u00e4dt geradezu zum Mountainbiken ein. In diesem Tourenf\u00fchrer werden die sch\u00f6nsten Mountainbike-Touren zwischen Tignale, Capovalle, Toscolano-Maderno, Sal\u00f2, Manerba, Padenghe und rund um den Lago di Valvestino beschrieben.<br \/>\n<a href=\"http:\/\/www.schymik.de\/wordpress\/wp-content\/Bd-8-Seite123_BA_IMG_0814_GD.jpg\"><img decoding=\"async\" loading=\"lazy\" class=\"alignleft wp-image-3467 size-medium\" src=\"http:\/\/www.schymik.de\/wordpress\/wp-content\/Bd-8-Seite123_BA_IMG_0814_GD-300x200.jpg\" alt=\"Bd 8 Seite123_BA_IMG_0814_GD\" width=\"300\" height=\"200\" srcset=\"https:\/\/www.schymik.de\/wordpress\/wp-content\/Bd-8-Seite123_BA_IMG_0814_GD-300x200.jpg 300w, https:\/\/www.schymik.de\/wordpress\/wp-content\/Bd-8-Seite123_BA_IMG_0814_GD-600x400.jpg 600w, https:\/\/www.schymik.de\/wordpress\/wp-content\/Bd-8-Seite123_BA_IMG_0814_GD-700x466.jpg 700w, https:\/\/www.schymik.de\/wordpress\/wp-content\/Bd-8-Seite123_BA_IMG_0814_GD.jpg 1024w\" sizes=\"(max-width: 300px) 100vw, 300px\" \/><\/a>Der Tourenf\u00fchrer \u201eGardasee S\u00fcdwest &#8211; Valvestino See\u201c enth\u00e4lt 41 Touren mit ausf\u00fchrlichen Beschreibungen, Fotos, Kartenausschnitten, H\u00f6henprofilen und GPS-Daten.<br \/>\nAuf den ersten Seiten, erh\u00e4lt der Leser eine \u00dcbersicht der angebotenen Touren (\u00dcbersichtskarte, Tourenauflistung mit: Schwierigkeit, Wegl\u00e4nge, Fahrtzeit, H\u00f6henmeter). Jede Tour ist mit einem eigenen Tourencharakter beschrieben. Dabei ist u.a. die Rubrik \u201eFamilienfreundlich\u201c ber\u00fccksichtigt. Mit viel Detailarbeit wurden die Wegbeschreibungen mit den dazugeh\u00f6rigen Wegsymbolen erstellt. Es macht Spa\u00df in dem Buch zu bl\u00e4ttern, da alle Touren mit sehr vielen Fotos von der Tour illustriert sind und somit gleich einen Eindruck von der Tour verschaffen. <a href=\"http:\/\/www.schymik.de\/wordpress\/wp-content\/Bd-8-T39_BA_IMG_5401_GD.jpg\"><img decoding=\"async\" loading=\"lazy\" class=\"alignleft wp-image-3468 size-medium\" src=\"http:\/\/www.schymik.de\/wordpress\/wp-content\/Bd-8-T39_BA_IMG_5401_GD-300x225.jpg\" alt=\"Bd 8 T39_BA_IMG_5401_GD\" width=\"300\" height=\"225\" srcset=\"https:\/\/www.schymik.de\/wordpress\/wp-content\/Bd-8-T39_BA_IMG_5401_GD-300x225.jpg 300w, https:\/\/www.schymik.de\/wordpress\/wp-content\/Bd-8-T39_BA_IMG_5401_GD-600x450.jpg 600w, https:\/\/www.schymik.de\/wordpress\/wp-content\/Bd-8-T39_BA_IMG_5401_GD-268x200.jpg 268w, https:\/\/www.schymik.de\/wordpress\/wp-content\/Bd-8-T39_BA_IMG_5401_GD-700x525.jpg 700w, https:\/\/www.schymik.de\/wordpress\/wp-content\/Bd-8-T39_BA_IMG_5401_GD.jpg 1024w\" sizes=\"(max-width: 300px) 100vw, 300px\" \/><\/a><\/p>\n<p>Aufgelockert durch viele ganzseitige Fotos und einem sch\u00f6nen ansprechenden Layout macht der F\u00fchrer richtig Lust auf Tour zu \u201egehen\u201c. Damit man sich \u201eunterwegs\u201c zurecht findet gibt es zu jeder Tour eine Tourenkarte zum Mitnehmen.<\/p>\n<p>Auf der beiliegenden CD sind alle GPS-Tracks (gpx) der Touren, sowie KML-Dateien zur Ansicht in Google Earth. Die gpx Dateien k\u00f6nnen mit einer einfachen Software auf ein GPS-Ger\u00e4t geladen werden. Die Biketouren werden jedem Anspruch gerecht, denn sowohl der ambitionierte Mountainbiker als auch der gem\u00fctliche Fahrer kann seine \u201eTraumtour\u201c finden. \u201eBike Spa\u00df pur\u2026\u201c<\/p>\n<p><strong>Der Mountainbikef\u00fchrer bietet Ihnen:<\/strong><\/p>\n<p>\u2022 41 Mountainbiketouren in den Schwierigkeitsgraden leicht, mittel, schwer<br \/>\n\u2022 19 Downhill-Shuttletouren in den Schwierigkeitsgraden leicht, mittel, schwer \u2022 benutzerfreundliches, kompaktes und stabiles Ringbuch im modernen Design<br \/>\n\u2022 alle Touren auf faltbaren Tourenkarten zum Mitnehmen auf Tour<br \/>\n\u2022 CD mit GPS-Tracks und KML-Dateien zur Ansicht in Google Earth<br \/>\n\u2022 Bike &amp; Hike Tipps<\/p>\n<p>alle Touren mit:<br \/>\n\u2022 farbiger Landkarte mit eingezeichnetem Routenverlauf, Orientierungspunkten und Trinkwasserbrunnen \u2022 exakt ausgearbeiteter Wegbeschreibung<br \/>\n\u2022 genauen Kilometer- und H\u00f6henangaben<br \/>\n\u2022 detailliertem H\u00f6henprofil mit Prozentangaben<br \/>\n\u2022 vielen Landschaftsfotos und zus\u00e4tzlichen Gebietsinfos<\/p>\n<p><a href=\"http:\/\/www.schymik.de\/wordpress\/wp-content\/MTB_Gardasee_\u00dcbersicht-alle-B\u00e4nde.jpg\"><img decoding=\"async\" loading=\"lazy\" class=\"alignright wp-image-3470 size-medium\" src=\"http:\/\/www.schymik.de\/wordpress\/wp-content\/MTB_Gardasee_\u00dcbersicht-alle-B\u00e4nde-300x199.jpg\" alt=\"MTB_Gardasee_\u00dcbersicht alle B\u00e4nde\" width=\"300\" height=\"199\" srcset=\"https:\/\/www.schymik.de\/wordpress\/wp-content\/MTB_Gardasee_\u00dcbersicht-alle-B\u00e4nde-300x199.jpg 300w, https:\/\/www.schymik.de\/wordpress\/wp-content\/MTB_Gardasee_\u00dcbersicht-alle-B\u00e4nde-600x399.jpg 600w, https:\/\/www.schymik.de\/wordpress\/wp-content\/MTB_Gardasee_\u00dcbersicht-alle-B\u00e4nde-1024x681.jpg 1024w, https:\/\/www.schymik.de\/wordpress\/wp-content\/MTB_Gardasee_\u00dcbersicht-alle-B\u00e4nde-700x465.jpg 700w, https:\/\/www.schymik.de\/wordpress\/wp-content\/MTB_Gardasee_\u00dcbersicht-alle-B\u00e4nde.jpg 1048w\" sizes=\"(max-width: 300px) 100vw, 300px\" \/><\/a>Autoren: Susi Plott, G\u00fcnter Durner<br \/>\nSeiten: 192 Format: 22 x 18 cm, Ringbuch<br \/>\nISBN: ISBN 978-3-9815671-6-8<br \/>\nPreis: 34,95 Euro<br \/>\nDie \u00dcbersicht \u00fcber alle vier Gardasee-B\u00fccher\u00a0 von Susi Plott und G\u00fcnter Durner.<br \/>\nMit dem vierten Band sind alle Gebirgsregionen rund um den See abgedeckt und der Leser findet Anregung zu einer schier unbegrenzten Anzahl von Tourenm\u00f6glichkeiten.<\/p>\n<p>Weitere <a title=\"B\u00fccher\" href=\"Susi%20Plott und G\u00fcnter Durner\" target=\"_blank\">B\u00fccher <\/a>von Susi Plott und G\u00fcnter Durner<\/p>\n<p>Das Buch bei Amazon kaufen:<br \/>\n<a href=\"http:\/\/www.amazon.de\/gp\/product\/3981567161\/ref=as_li_tl?ie=UTF8&amp;camp=1638&amp;creative=6742&amp;creativeASIN=3981567161&amp;linkCode=as2&amp;tag=transalphomep-21&amp;linkId=B6SVWZETX2FKK4BK\" target=\"_blank\"><img decoding=\"async\" loading=\"lazy\" class=\"alignnone\" src=\"http:\/\/ws-eu.amazon-adsystem.com\/widgets\/q?_encoding=UTF8&amp;ASIN=3981567161&amp;Format=_SL110_&amp;ID=AsinImage&amp;MarketPlace=DE&amp;ServiceVersion=20070822&amp;WS=1&amp;tag=transalphomep-21\" alt=\"\" width=\"110\" height=\"90\" border=\"0\" \/><\/a><img decoding=\"async\" loading=\"lazy\" style=\"border: none !important; margin: 0px !important;\" src=\"http:\/\/ir-de.amazon-adsystem.com\/e\/ir?t=transalphomep-21&amp;l=as2&amp;o=3&amp;a=3981567161\" alt=\"\" width=\"1\" height=\"1\" border=\"0\" \/><\/p>\n<p>Erg\u00e4nzung Supertrailmap Gardasee:<\/p>\n<p><a href=\"http:\/\/www.amazon.de\/gp\/product\/3905916509\/ref=as_li_tl?ie=UTF8&amp;camp=1638&amp;creative=6742&amp;creativeASIN=3905916509&amp;linkCode=as2&amp;tag=transalphomep-21&amp;linkId=5LMHAQTOP537N7Q6\" target=\"_blank\"><img decoding=\"async\" loading=\"lazy\" class=\"alignnone\" src=\"http:\/\/ws-eu.amazon-adsystem.com\/widgets\/q?_encoding=UTF8&amp;ASIN=3905916509&amp;Format=_SL110_&amp;ID=AsinImage&amp;MarketPlace=DE&amp;ServiceVersion=20070822&amp;WS=1&amp;tag=transalphomep-21\" alt=\"\" width=\"72\" height=\"110\" border=\"0\" \/><\/a><img decoding=\"async\" loading=\"lazy\" src=\"http:\/\/ir-de.amazon-adsystem.com\/e\/ir?t=transalphomep-21&amp;l=as2&amp;o=3&amp;a=3905916509\" alt=\"\" width=\"1\" height=\"1\" border=\"0\" \/> <a href=\"http:\/\/www.amazon.de\/gp\/product\/3905916517\/ref=as_li_tl?ie=UTF8&amp;camp=1638&amp;creative=6742&amp;creativeASIN=3905916517&amp;linkCode=as2&amp;tag=transalphomep-21&amp;linkId=RTGRSIEMKPZAE2NA\" target=\"_blank\"><img decoding=\"async\" loading=\"lazy\" class=\"alignnone\" src=\"http:\/\/ws-eu.amazon-adsystem.com\/widgets\/q?_encoding=UTF8&amp;ASIN=3905916517&amp;Format=_SL110_&amp;ID=AsinImage&amp;MarketPlace=DE&amp;ServiceVersion=20070822&amp;WS=1&amp;tag=transalphomep-21\" alt=\"\" width=\"73\" height=\"110\" border=\"0\" \/><\/a><img decoding=\"async\" loading=\"lazy\" src=\"http:\/\/ir-de.amazon-adsystem.com\/e\/ir?t=transalphomep-21&amp;l=as2&amp;o=3&amp;a=3905916517\" alt=\"\" width=\"1\" height=\"1\" border=\"0\" \/><\/p>\n","protected":false},"excerpt":{"rendered":"<p>Gardasee S\u00fcdwest &#8211; Valvestino See Mountainbike Touren Band 8 von Susi Plott und G\u00fcnter Durner Braucht man wirklich noch einen weiteren Tourenf\u00fchrer f\u00fcr den Gardasee? Selbstverst\u00e4ndlich, wenn dieser neue Touren und eine f\u00fcr viele Biker noch unbekannte Region beschreibt. Und genau hier setzen die Autoren Susi Plott und G\u00fcnter Durner mit ihren vierten Mountainbike Tourenf\u00fcher [&hellip;]<\/p>\n","protected":false},"author":1,"featured_media":0,"comment_status":"open","ping_status":"open","sticky":false,"template":"","format":"standard","meta":[],"categories":[1],"tags":[30,20],"yoast_head":"<!-- This site is optimized with the Yoast SEO plugin v21.0 - https:\/\/yoast.com\/wordpress\/plugins\/seo\/ -->\n<title>Gardasee S\u00fcdwest - Transalp Homepage<\/title>\n<meta name=\"robots\" content=\"index, follow, max-snippet:-1, max-image-preview:large, max-video-preview:-1\" \/>\n<link rel=\"canonical\" href=\"https:\/\/www.schymik.de\/wordpress\/gardasee-suedwest\/\" \/>\n<meta property=\"og:locale\" content=\"de_DE\" \/>\n<meta property=\"og:type\" content=\"article\" \/>\n<meta property=\"og:title\" content=\"Gardasee S\u00fcdwest - Transalp Homepage\" \/>\n<meta property=\"og:description\" content=\"Gardasee S\u00fcdwest &#8211; Valvestino See Mountainbike Touren Band 8 von Susi Plott und G\u00fcnter Durner Braucht man wirklich noch einen weiteren Tourenf\u00fchrer f\u00fcr den Gardasee? Selbstverst\u00e4ndlich, wenn dieser neue Touren und eine f\u00fcr viele Biker noch unbekannte Region beschreibt. Und genau hier setzen die Autoren Susi Plott und G\u00fcnter Durner mit ihren vierten Mountainbike Tourenf\u00fcher [&hellip;]\" \/>\n<meta property=\"og:url\" content=\"https:\/\/www.schymik.de\/wordpress\/gardasee-suedwest\/\" \/>\n<meta property=\"og:site_name\" content=\"Transalp Homepage\" \/>\n<meta property=\"article:publisher\" content=\"https:\/\/www.facebook.com\/carsten.schymik\" \/>\n<meta property=\"article:author\" content=\"https:\/\/www.facebook.com\/carsten.schymik\" \/>\n<meta property=\"article:published_time\" content=\"2015-06-21T07:56:00+00:00\" \/>\n<meta property=\"article:modified_time\" content=\"2015-06-21T08:28:26+00:00\" \/>\n<meta property=\"og:image\" content=\"http:\/\/www.schymik.de\/wordpress\/wp-content\/mountainbike-buchteile-bd-8.jpg\" \/>\n<meta name=\"author\" content=\"Carsten\" \/>\n<meta name=\"twitter:card\" content=\"summary_large_image\" \/>\n<meta name=\"twitter:label1\" content=\"Verfasst von\" \/>\n\t<meta name=\"twitter:data1\" content=\"Carsten\" \/>\n\t<meta name=\"twitter:label2\" content=\"Gesch\u00e4tzte Lesezeit\" \/>\n\t<meta name=\"twitter:data2\" content=\"3\u00a0Minuten\" \/>\n<script type=\"application\/ld+json\" class=\"yoast-schema-graph\">{\"@context\":\"https:\/\/schema.org\",\"@graph\":[{\"@type\":\"Article\",\"@id\":\"https:\/\/www.schymik.de\/wordpress\/gardasee-suedwest\/#article\",\"isPartOf\":{\"@id\":\"https:\/\/www.schymik.de\/wordpress\/gardasee-suedwest\/\"},\"author\":{\"name\":\"Carsten\",\"@id\":\"https:\/\/www.schymik.de\/wordpress\/#\/schema\/person\/f4792950b1a3875a57d4fc2380f11e22\"},\"headline\":\"Gardasee S\u00fcdwest\",\"datePublished\":\"2015-06-21T07:56:00+00:00\",\"dateModified\":\"2015-06-21T08:28:26+00:00\",\"mainEntityOfPage\":{\"@id\":\"https:\/\/www.schymik.de\/wordpress\/gardasee-suedwest\/\"},\"wordCount\":603,\"commentCount\":0,\"publisher\":{\"@id\":\"https:\/\/www.schymik.de\/wordpress\/#\/schema\/person\/f4792950b1a3875a57d4fc2380f11e22\"},\"keywords\":[\"Buch\",\"Gardasee\"],\"articleSection\":[\"Bike-Tagebuch\"],\"inLanguage\":\"de\",\"potentialAction\":[{\"@type\":\"CommentAction\",\"name\":\"Comment\",\"target\":[\"https:\/\/www.schymik.de\/wordpress\/gardasee-suedwest\/#respond\"]}]},{\"@type\":\"WebPage\",\"@id\":\"https:\/\/www.schymik.de\/wordpress\/gardasee-suedwest\/\",\"url\":\"https:\/\/www.schymik.de\/wordpress\/gardasee-suedwest\/\",\"name\":\"Gardasee S\u00fcdwest - Transalp Homepage\",\"isPartOf\":{\"@id\":\"https:\/\/www.schymik.de\/wordpress\/#website\"},\"datePublished\":\"2015-06-21T07:56:00+00:00\",\"dateModified\":\"2015-06-21T08:28:26+00:00\",\"breadcrumb\":{\"@id\":\"https:\/\/www.schymik.de\/wordpress\/gardasee-suedwest\/#breadcrumb\"},\"inLanguage\":\"de\",\"potentialAction\":[{\"@type\":\"ReadAction\",\"target\":[\"https:\/\/www.schymik.de\/wordpress\/gardasee-suedwest\/\"]}]},{\"@type\":\"BreadcrumbList\",\"@id\":\"https:\/\/www.schymik.de\/wordpress\/gardasee-suedwest\/#breadcrumb\",\"itemListElement\":[{\"@type\":\"ListItem\",\"position\":1,\"name\":\"Startseite\",\"item\":\"https:\/\/www.schymik.de\/wordpress\/\"},{\"@type\":\"ListItem\",\"position\":2,\"name\":\"Gardasee S\u00fcdwest\"}]},{\"@type\":\"WebSite\",\"@id\":\"https:\/\/www.schymik.de\/wordpress\/#website\",\"url\":\"https:\/\/www.schymik.de\/wordpress\/\",\"name\":\"Transalp Homepage\",\"description\":\"Alles rund ums Mountainbike, Alpencross und Bikebergsteigen\",\"publisher\":{\"@id\":\"https:\/\/www.schymik.de\/wordpress\/#\/schema\/person\/f4792950b1a3875a57d4fc2380f11e22\"},\"potentialAction\":[{\"@type\":\"SearchAction\",\"target\":{\"@type\":\"EntryPoint\",\"urlTemplate\":\"https:\/\/www.schymik.de\/wordpress\/?s={search_term_string}\"},\"query-input\":\"required name=search_term_string\"}],\"inLanguage\":\"de\"},{\"@type\":[\"Person\",\"Organization\"],\"@id\":\"https:\/\/www.schymik.de\/wordpress\/#\/schema\/person\/f4792950b1a3875a57d4fc2380f11e22\",\"name\":\"Carsten\",\"image\":{\"@type\":\"ImageObject\",\"inLanguage\":\"de\",\"@id\":\"https:\/\/www.schymik.de\/wordpress\/#\/schema\/person\/image\/\",\"url\":\"https:\/\/www.schymik.de\/wordpress\/wp-content\/Schymik-Carsten-51x51cm.jpg\",\"contentUrl\":\"https:\/\/www.schymik.de\/wordpress\/wp-content\/Schymik-Carsten-51x51cm.jpg\",\"width\":1530,\"height\":1530,\"caption\":\"Carsten\"},\"logo\":{\"@id\":\"https:\/\/www.schymik.de\/wordpress\/#\/schema\/person\/image\/\"},\"sameAs\":[\"http:\/\/www.schymik.de\",\"https:\/\/www.facebook.com\/carsten.schymik\",\"https:\/\/www.instagram.com\/carstenschymik\/\",\"https:\/\/www.youtube.com\/@CarstenSchymik\"]}]}<\/script>\n<!-- \/ Yoast SEO plugin. -->","yoast_head_json":{"title":"Gardasee S\u00fcdwest - Transalp Homepage","robots":{"index":"index","follow":"follow","max-snippet":"max-snippet:-1","max-image-preview":"max-image-preview:large","max-video-preview":"max-video-preview:-1"},"canonical":"https:\/\/www.schymik.de\/wordpress\/gardasee-suedwest\/","og_locale":"de_DE","og_type":"article","og_title":"Gardasee S\u00fcdwest - Transalp Homepage","og_description":"Gardasee S\u00fcdwest &#8211; Valvestino See Mountainbike Touren Band 8 von Susi Plott und G\u00fcnter Durner Braucht man wirklich noch einen weiteren Tourenf\u00fchrer f\u00fcr den Gardasee? Selbstverst\u00e4ndlich, wenn dieser neue Touren und eine f\u00fcr viele Biker noch unbekannte Region beschreibt. Und genau hier setzen die Autoren Susi Plott und G\u00fcnter Durner mit ihren vierten Mountainbike Tourenf\u00fcher [&hellip;]","og_url":"https:\/\/www.schymik.de\/wordpress\/gardasee-suedwest\/","og_site_name":"Transalp Homepage","article_publisher":"https:\/\/www.facebook.com\/carsten.schymik","article_author":"https:\/\/www.facebook.com\/carsten.schymik","article_published_time":"2015-06-21T07:56:00+00:00","article_modified_time":"2015-06-21T08:28:26+00:00","og_image":[{"url":"http:\/\/www.schymik.de\/wordpress\/wp-content\/mountainbike-buchteile-bd-8.jpg"}],"author":"Carsten","twitter_card":"summary_large_image","twitter_misc":{"Verfasst von":"Carsten","Gesch\u00e4tzte Lesezeit":"3\u00a0Minuten"},"schema":{"@context":"https:\/\/schema.org","@graph":[{"@type":"Article","@id":"https:\/\/www.schymik.de\/wordpress\/gardasee-suedwest\/#article","isPartOf":{"@id":"https:\/\/www.schymik.de\/wordpress\/gardasee-suedwest\/"},"author":{"name":"Carsten","@id":"https:\/\/www.schymik.de\/wordpress\/#\/schema\/person\/f4792950b1a3875a57d4fc2380f11e22"},"headline":"Gardasee S\u00fcdwest","datePublished":"2015-06-21T07:56:00+00:00","dateModified":"2015-06-21T08:28:26+00:00","mainEntityOfPage":{"@id":"https:\/\/www.schymik.de\/wordpress\/gardasee-suedwest\/"},"wordCount":603,"commentCount":0,"publisher":{"@id":"https:\/\/www.schymik.de\/wordpress\/#\/schema\/person\/f4792950b1a3875a57d4fc2380f11e22"},"keywords":["Buch","Gardasee"],"articleSection":["Bike-Tagebuch"],"inLanguage":"de","potentialAction":[{"@type":"CommentAction","name":"Comment","target":["https:\/\/www.schymik.de\/wordpress\/gardasee-suedwest\/#respond"]}]},{"@type":"WebPage","@id":"https:\/\/www.schymik.de\/wordpress\/gardasee-suedwest\/","url":"https:\/\/www.schymik.de\/wordpress\/gardasee-suedwest\/","name":"Gardasee S\u00fcdwest - Transalp Homepage","isPartOf":{"@id":"https:\/\/www.schymik.de\/wordpress\/#website"},"datePublished":"2015-06-21T07:56:00+00:00","dateModified":"2015-06-21T08:28:26+00:00","breadcrumb":{"@id":"https:\/\/www.schymik.de\/wordpress\/gardasee-suedwest\/#breadcrumb"},"inLanguage":"de","potentialAction":[{"@type":"ReadAction","target":["https:\/\/www.schymik.de\/wordpress\/gardasee-suedwest\/"]}]},{"@type":"BreadcrumbList","@id":"https:\/\/www.schymik.de\/wordpress\/gardasee-suedwest\/#breadcrumb","itemListElement":[{"@type":"ListItem","position":1,"name":"Startseite","item":"https:\/\/www.schymik.de\/wordpress\/"},{"@type":"ListItem","position":2,"name":"Gardasee S\u00fcdwest"}]},{"@type":"WebSite","@id":"https:\/\/www.schymik.de\/wordpress\/#website","url":"https:\/\/www.schymik.de\/wordpress\/","name":"Transalp Homepage","description":"Alles rund ums Mountainbike, Alpencross und Bikebergsteigen","publisher":{"@id":"https:\/\/www.schymik.de\/wordpress\/#\/schema\/person\/f4792950b1a3875a57d4fc2380f11e22"},"potentialAction":[{"@type":"SearchAction","target":{"@type":"EntryPoint","urlTemplate":"https:\/\/www.schymik.de\/wordpress\/?s={search_term_string}"},"query-input":"required name=search_term_string"}],"inLanguage":"de"},{"@type":["Person","Organization"],"@id":"https:\/\/www.schymik.de\/wordpress\/#\/schema\/person\/f4792950b1a3875a57d4fc2380f11e22","name":"Carsten","image":{"@type":"ImageObject","inLanguage":"de","@id":"https:\/\/www.schymik.de\/wordpress\/#\/schema\/person\/image\/","url":"https:\/\/www.schymik.de\/wordpress\/wp-content\/Schymik-Carsten-51x51cm.jpg","contentUrl":"https:\/\/www.schymik.de\/wordpress\/wp-content\/Schymik-Carsten-51x51cm.jpg","width":1530,"height":1530,"caption":"Carsten"},"logo":{"@id":"https:\/\/www.schymik.de\/wordpress\/#\/schema\/person\/image\/"},"sameAs":["http:\/\/www.schymik.de","https:\/\/www.facebook.com\/carsten.schymik","https:\/\/www.instagram.com\/carstenschymik\/","https:\/\/www.youtube.com\/@CarstenSchymik"]}]}},"_links":{"self":[{"href":"https:\/\/www.schymik.de\/wordpress\/wp-json\/wp\/v2\/posts\/3466"}],"collection":[{"href":"https:\/\/www.schymik.de\/wordpress\/wp-json\/wp\/v2\/posts"}],"about":[{"href":"https:\/\/www.schymik.de\/wordpress\/wp-json\/wp\/v2\/types\/post"}],"author":[{"embeddable":true,"href":"https:\/\/www.schymik.de\/wordpress\/wp-json\/wp\/v2\/users\/1"}],"replies":[{"embeddable":true,"href":"https:\/\/www.schymik.de\/wordpress\/wp-json\/wp\/v2\/comments?post=3466"}],"version-history":[{"count":6,"href":"https:\/\/www.schymik.de\/wordpress\/wp-json\/wp\/v2\/posts\/3466\/revisions"}],"predecessor-version":[{"id":3477,"href":"https:\/\/www.schymik.de\/wordpress\/wp-json\/wp\/v2\/posts\/3466\/revisions\/3477"}],"wp:attachment":[{"href":"https:\/\/www.schymik.de\/wordpress\/wp-json\/wp\/v2\/media?parent=3466"}],"wp:term":[{"taxonomy":"category","embeddable":true,"href":"https:\/\/www.schymik.de\/wordpress\/wp-json\/wp\/v2\/categories?post=3466"},{"taxonomy":"post_tag","embeddable":true,"href":"https:\/\/www.schymik.de\/wordpress\/wp-json\/wp\/v2\/tags?post=3466"}],"curies":[{"name":"wp","href":"https:\/\/api.w.org\/{rel}","templated":true}]}}