{"id":3513,"date":"2015-08-04T11:52:28","date_gmt":"2015-08-04T10:52:28","guid":{"rendered":"http:\/\/www.schymik.de\/wordpress\/?p=3513"},"modified":"2016-08-15T10:16:46","modified_gmt":"2016-08-15T09:16:46","slug":"wasser","status":"publish","type":"post","link":"https:\/\/www.schymik.de\/wordpress\/wasser\/","title":{"rendered":"Wasser!"},"content":{"rendered":"<h5>4. Tag: \u00fcber Dreisprachenspitze nach Trafoi<\/h5>\n<p>Der vierte und letzte Tag unserer Ortlerumrundung f\u00fchrt uns auf einer Miltit\u00e4rstra\u00dfe auf die Dreisprachenspitze, zum Stilfser Joch und \u00fcber den Tibettrail zur\u00fcck nach Dreibrunnen bei Trafoi.<\/p>\n<p><a class=\"externalLink\" href=\"http:\/\/fotos.mtb-news.de\/p\/1876374\" target=\"_blank\" rel=\"nofollow\"><img decoding=\"async\" class=\"bbCodeImage LbImage\" src=\"http:\/\/fstatic2.mtb-news.de\/f3\/18\/1876\/1876374-eyykr0edod6d-ortler_theinnercircle170-original.jpg\" alt=\"[?IMG]\" data-url=\"http:\/\/fstatic2.mtb-news.de\/f3\/18\/1876\/1876374-eyykr0edod6d-ortler_theinnercircle170-original.jpg\" \/><\/a><\/p>\n<p>Die Auffahrt auf dem Trail ist in der Morgensonne wunderbar. Der Weg ist gut erhalten und auch bergauf fast durchgehend fahrbar. Fast eben&#8230;vor 10 Jahren ist es mir noch gegl\u00fcckt hier ohne den Fu\u00df abzusetzen hoch zu dr\u00fccken. Heute sparen wir unsere Kr\u00e4fte lieber f\u00fcr die Abfahrt und schieben stellenweise bergauf.<\/p>\n<p><a class=\"externalLink\" href=\"http:\/\/fotos.mtb-news.de\/p\/1876361\" target=\"_blank\" rel=\"nofollow\"><img decoding=\"async\" class=\"bbCodeImage LbImage\" src=\"http:\/\/fstatic1.mtb-news.de\/f3\/18\/1876\/1876361-7s5j00kfc2zv-ortler_theinnercircle173-original.jpg\" alt=\"[?IMG]\" data-url=\"http:\/\/fstatic1.mtb-news.de\/f3\/18\/1876\/1876361-7s5j00kfc2zv-ortler_theinnercircle173-original.jpg\" \/><\/a><\/p>\n<p>Innerhalb einer Stunde erreichen wir das <a title=\"Garibaldi\" href=\"http:\/\/www.rifugiogaribaldi.it\/index_de.htm\" target=\"_blank\">Rifugio Garibadi<\/a>. Hier treffen wir auf eine Gruppe Biker, die den Goldseeweg befahren wollen. Dieser ist vor 9:00 Uhr und nach 15:00 Uhr f\u00fcr Biker ge\u00f6ffnet. Au\u00dferhalb dieser Zeiten bleibt er den Wanderern vorbehalten.<\/p>\n<p><a class=\"externalLink\" href=\"http:\/\/fotos.mtb-news.de\/p\/1876362\" target=\"_blank\" rel=\"nofollow\"><img decoding=\"async\" class=\"bbCodeImage LbImage\" src=\"http:\/\/fstatic2.mtb-news.de\/f3\/18\/1876\/1876362-xfilg53j10c1-ortler_theinnercircle178-original.jpg\" alt=\"[?IMG]\" data-url=\"http:\/\/fstatic2.mtb-news.de\/f3\/18\/1876\/1876362-xfilg53j10c1-ortler_theinnercircle178-original.jpg\" \/><\/a><\/p>\n<p>Wir fahren die Serpentinen zum Stilfser Joch hinab. Mit Verwunderung und Kopfsch\u00fctteln beobachten wir das bunte Treiben zwischen Souvenirbuden und Bratwurstst\u00e4nden. Schnell verlassen wir den hektischen Ort und fahren in Richtung <a title=\"Tibeth\u00fctte\" href=\"http:\/\/www.tibet-stelvio.com\/\" target=\"_blank\">Tibeth\u00fctte<\/a>.<\/p>\n<p><a class=\"externalLink\" href=\"http:\/\/fotos.mtb-news.de\/p\/1876363\" target=\"_blank\" rel=\"nofollow\"><img decoding=\"async\" class=\"bbCodeImage LbImage\" src=\"http:\/\/fstatic3.mtb-news.de\/f3\/18\/1876\/1876363-knsrn05o6cgk-ortler_theinnercircle181-original.jpg\" alt=\"[?IMG]\" data-url=\"http:\/\/fstatic3.mtb-news.de\/f3\/18\/1876\/1876363-knsrn05o6cgk-ortler_theinnercircle181-original.jpg\" \/><\/a><\/p>\n<p>Nach einem kurzen Schiebest\u00fcck beginnt hier ein absoluter Traumtrail nach Trafoi. Spitzkehre folgt auf Spitzkehre. Der Weg ist unbeschreiblich, aber sicher einer der besten Trails, die ich jemals gefahren bin!<a class=\"externalLink\" href=\"http:\/\/fotos.mtb-news.de\/p\/1876364\" target=\"_blank\" rel=\"nofollow\"><img decoding=\"async\" class=\"bbCodeImage LbImage\" src=\"http:\/\/fstatic0.mtb-news.de\/f3\/18\/1876\/1876364-7jyyx5l1lt5c-ortler_theinnercircle184-original.jpg\" alt=\"[?IMG]\" data-url=\"http:\/\/fstatic0.mtb-news.de\/f3\/18\/1876\/1876364-7jyyx5l1lt5c-ortler_theinnercircle184-original.jpg\" \/><\/a><\/p>\n<p>Dazu die grandiose Landschaft, die Gletscher am Ortler und der Blick auf unsere erste Etappe der Ortlerumrundung. Schon verr\u00fcckt aus dieser Perspektive!<\/p>\n<p><a class=\"externalLink\" href=\"http:\/\/fotos.mtb-news.de\/p\/1876367\" target=\"_blank\" rel=\"nofollow\"><img decoding=\"async\" class=\"bbCodeImage LbImage\" src=\"http:\/\/fstatic3.mtb-news.de\/f3\/18\/1876\/1876367-u50s8wx82wir-ortler_theinnercircle205-original.jpg\" alt=\"[?IMG]\" data-url=\"http:\/\/fstatic3.mtb-news.de\/f3\/18\/1876\/1876367-u50s8wx82wir-ortler_theinnercircle205-original.jpg\" \/><\/a><\/p>\n<p>Hyperflowtrails zwischen Gletschermor\u00e4nen und Slickrocks.<\/p>\n<p><a class=\"externalLink\" href=\"http:\/\/fotos.mtb-news.de\/p\/1876369\" target=\"_blank\" rel=\"nofollow\"><img decoding=\"async\" class=\"bbCodeImage LbImage\" src=\"http:\/\/fstatic1.mtb-news.de\/f3\/18\/1876\/1876369-2vihepuc03g5-ortler_theinnercircle209-original.jpg\" alt=\"[?IMG]\" data-url=\"http:\/\/fstatic1.mtb-news.de\/f3\/18\/1876\/1876369-2vihepuc03g5-ortler_theinnercircle209-original.jpg\" \/><\/a><\/p>\n<p>Gletscherschmelze am Ortler.<\/p>\n<p><a class=\"externalLink\" href=\"http:\/\/fotos.mtb-news.de\/p\/1876370\" target=\"_blank\" rel=\"nofollow\"><img decoding=\"async\" class=\"bbCodeImage LbImage\" src=\"http:\/\/fstatic2.mtb-news.de\/f3\/18\/1876\/1876370-11y4wzar1bt8-ortler_theinnercircle219-original.jpg\" alt=\"[?IMG]\" data-url=\"http:\/\/fstatic2.mtb-news.de\/f3\/18\/1876\/1876370-11y4wzar1bt8-ortler_theinnercircle219-original.jpg\" \/><\/a><\/p>\n<p>Wir queren das ehemalige Gletscherbecken mit glatt poliertem Felsgrund und Seitenmor\u00e4ne.<\/p>\n<p><a class=\"externalLink\" href=\"http:\/\/fotos.mtb-news.de\/p\/1876372\" target=\"_blank\" rel=\"nofollow\"><img decoding=\"async\" class=\"bbCodeImage LbImage\" src=\"http:\/\/fstatic0.mtb-news.de\/f3\/18\/1876\/1876372-5e6fj0ej6808-ortler_theinnercircle227-original.jpg\" alt=\"[?IMG]\" data-url=\"http:\/\/fstatic0.mtb-news.de\/f3\/18\/1876\/1876372-5e6fj0ej6808-ortler_theinnercircle227-original.jpg\" \/><\/a><\/p>\n<p>Eine schier endlose Trailabfahrt f\u00fchrt bis zu den Dreibrunnen. Im Bergwald erwartet uns ein grandioses Finale aus engen und anspruchsvollen Spitzkehren.<\/p>\n<p><a class=\"externalLink\" href=\"http:\/\/fotos.mtb-news.de\/p\/1876373\" target=\"_blank\" rel=\"nofollow\"><img decoding=\"async\" class=\"bbCodeImage LbImage\" src=\"http:\/\/fstatic1.mtb-news.de\/f3\/18\/1876\/1876373-94nrccfl0gtz-ortler_theinnercircle234-original.jpg\" alt=\"[?IMG]\" data-url=\"http:\/\/fstatic1.mtb-news.de\/f3\/18\/1876\/1876373-94nrccfl0gtz-ortler_theinnercircle234-original.jpg\" \/><\/a><\/p>\n<p>Der Trail spuckt uns direkt am geparkten Auto aus. Nach einer Erfrischung im eiskalten Gletscherbach und im Gasthof <a title=\"Bellavista\" href=\"http:\/\/www.bella-vista.it\/de.html\" target=\"_blank\">Bellavista<\/a> treten wir die Heimreise an. Wie immer reift jetzt schon der Plan f\u00fcr die n\u00e4chste Tour&#8230;.<\/p>\n<p>Fotos:<b> Michael Jeltsch<br \/>\n<\/b>Rider:<b><\/b><b> Carsten Schymik und Frank Stoll<\/b><\/p>\n<p>15 km -481 hm -200 hm getragen und geschoben -281hm gefahren &#8211; Abfahrt 1636 hm &#8211; 13,3 km gefahren<\/p>\n<p><strong>Fazit<\/strong>: Der Tibettrail ist einer der Besten Trails der Alpen. Der Wechsel zwischen anspruchsvollen Spitzkehren und flowigen Abschnitten bringt versierten Fahren ein einzigartiges Singletrailerlebnis, Hyperflow!<\/p>\n<p>die Story in der BIKESPORT: <a title=\"BIKESPORT Inner Circle Project\" href=\"http:\/\/app.bikesport-magazin.de\/web\/2016-03\/160705_06_bikesport-Wegweiser_Ortler_1.html\" target=\"_blank\">Artikel<\/a><\/p>\n<p>Kompasskarte Nationalpark Stilfser Joch:<br \/>\n<a href=\"http:\/\/www.amazon.de\/gp\/product\/3850267296\/ref=as_li_tl?ie=UTF8&amp;camp=1638&amp;creative=19454&amp;creativeASIN=3850267296&amp;linkCode=as2&amp;tag=transalphomep-21\" target=\"_blank\"><img decoding=\"async\" loading=\"lazy\" class=\"alignnone\" src=\"http:\/\/ws-eu.amazon-adsystem.com\/widgets\/q?_encoding=UTF8&amp;ASIN=3850267296&amp;Format=_SL110_&amp;ID=AsinImage&amp;MarketPlace=DE&amp;ServiceVersion=20070822&amp;WS=1&amp;tag=transalphomep-21\" alt=\"Kompass 072\" width=\"65\" height=\"110\" border=\"0\" \/><\/a><img decoding=\"async\" loading=\"lazy\" style=\"border: none !important; margin: 0px !important;\" src=\"http:\/\/ir-de.amazon-adsystem.com\/e\/ir?t=transalphomep-21&amp;l=as2&amp;o=3&amp;a=3850267296\" alt=\"\" width=\"1\" height=\"1\" border=\"0\" \/><\/p>\n<p>Hintergr\u00fcnde zum Ersten Weltkrieg und die K\u00e4mpfe am Ortler:<br \/>\n<a href=\"http:\/\/www.amazon.de\/gp\/product\/8870141187\/ref=as_li_tl?ie=UTF8&amp;camp=1638&amp;creative=6742&amp;creativeASIN=8870141187&amp;linkCode=as2&amp;tag=transalphomep-21\" target=\"_blank\"><img decoding=\"async\" loading=\"lazy\" class=\"alignnone\" src=\"http:\/\/ws-eu.amazon-adsystem.com\/widgets\/q?_encoding=UTF8&amp;ASIN=8870141187&amp;Format=_SL110_&amp;ID=AsinImage&amp;MarketPlace=DE&amp;ServiceVersion=20070822&amp;WS=1&amp;tag=transalphomep-21\" alt=\"Front in Fels und Eis\" width=\"74\" height=\"110\" border=\"0\" \/><\/a><img decoding=\"async\" loading=\"lazy\" style=\"border: none !important; margin: 0px !important;\" src=\"http:\/\/ir-de.amazon-adsystem.com\/e\/ir?t=transalphomep-21&amp;l=as2&amp;o=3&amp;a=8870141187\" alt=\"\" width=\"1\" height=\"1\" border=\"0\" \/><\/p>\n<p>noch mehr Trails!<br \/>\n<a href=\"http:\/\/www.amazon.de\/gp\/product\/3000441573\/ref=as_li_tl?ie=UTF8&amp;camp=1638&amp;creative=6742&amp;creativeASIN=3000441573&amp;linkCode=as2&amp;tag=transalphomep-21\">Guidebook Vinschgau Trails!: Das Trailparadies<\/a><img decoding=\"async\" loading=\"lazy\" style=\"border: none !important; margin: 0px !important;\" src=\"http:\/\/ir-de.amazon-adsystem.com\/e\/ir?t=transalphomep-21&amp;l=as2&amp;o=3&amp;a=3000441573\" alt=\"\" width=\"1\" height=\"1\" border=\"0\" \/><\/p>\n<p>&nbsp;<\/p>\n","protected":false},"excerpt":{"rendered":"<p>4. Tag: \u00fcber Dreisprachenspitze nach Trafoi Der vierte und letzte Tag unserer Ortlerumrundung f\u00fchrt uns auf einer Miltit\u00e4rstra\u00dfe auf die Dreisprachenspitze, zum Stilfser Joch und \u00fcber den Tibettrail zur\u00fcck nach Dreibrunnen bei Trafoi. Die Auffahrt auf dem Trail ist in der Morgensonne wunderbar. Der Weg ist gut erhalten und auch bergauf fast durchgehend fahrbar. Fast [&hellip;]<\/p>\n","protected":false},"author":1,"featured_media":0,"comment_status":"open","ping_status":"open","sticky":false,"template":"","format":"standard","meta":[],"categories":[40],"tags":[25,24],"yoast_head":"<!-- This site is optimized with the Yoast SEO plugin v21.0 - https:\/\/yoast.com\/wordpress\/plugins\/seo\/ -->\n<title>Wasser! - Transalp Homepage<\/title>\n<meta name=\"robots\" content=\"index, follow, max-snippet:-1, max-image-preview:large, max-video-preview:-1\" \/>\n<link rel=\"canonical\" href=\"https:\/\/www.schymik.de\/wordpress\/wasser\/\" \/>\n<meta property=\"og:locale\" content=\"de_DE\" \/>\n<meta property=\"og:type\" content=\"article\" \/>\n<meta property=\"og:title\" content=\"Wasser! - Transalp Homepage\" \/>\n<meta property=\"og:description\" content=\"4. Tag: \u00fcber Dreisprachenspitze nach Trafoi Der vierte und letzte Tag unserer Ortlerumrundung f\u00fchrt uns auf einer Miltit\u00e4rstra\u00dfe auf die Dreisprachenspitze, zum Stilfser Joch und \u00fcber den Tibettrail zur\u00fcck nach Dreibrunnen bei Trafoi. Die Auffahrt auf dem Trail ist in der Morgensonne wunderbar. Der Weg ist gut erhalten und auch bergauf fast durchgehend fahrbar. Fast [&hellip;]\" \/>\n<meta property=\"og:url\" content=\"https:\/\/www.schymik.de\/wordpress\/wasser\/\" \/>\n<meta property=\"og:site_name\" content=\"Transalp Homepage\" \/>\n<meta property=\"article:publisher\" content=\"https:\/\/www.facebook.com\/carsten.schymik\" \/>\n<meta property=\"article:author\" content=\"https:\/\/www.facebook.com\/carsten.schymik\" \/>\n<meta property=\"article:published_time\" content=\"2015-08-04T10:52:28+00:00\" \/>\n<meta property=\"article:modified_time\" content=\"2016-08-15T09:16:46+00:00\" \/>\n<meta property=\"og:image\" content=\"http:\/\/fstatic2.mtb-news.de\/f3\/18\/1876\/1876374-eyykr0edod6d-ortler_theinnercircle170-original.jpg\" \/>\n<meta name=\"author\" content=\"Carsten\" \/>\n<meta name=\"twitter:card\" content=\"summary_large_image\" \/>\n<meta name=\"twitter:label1\" content=\"Verfasst von\" \/>\n\t<meta name=\"twitter:data1\" content=\"Carsten\" \/>\n\t<meta name=\"twitter:label2\" content=\"Gesch\u00e4tzte Lesezeit\" \/>\n\t<meta name=\"twitter:data2\" content=\"2\u00a0Minuten\" \/>\n<script type=\"application\/ld+json\" class=\"yoast-schema-graph\">{\"@context\":\"https:\/\/schema.org\",\"@graph\":[{\"@type\":\"Article\",\"@id\":\"https:\/\/www.schymik.de\/wordpress\/wasser\/#article\",\"isPartOf\":{\"@id\":\"https:\/\/www.schymik.de\/wordpress\/wasser\/\"},\"author\":{\"name\":\"Carsten\",\"@id\":\"https:\/\/www.schymik.de\/wordpress\/#\/schema\/person\/f4792950b1a3875a57d4fc2380f11e22\"},\"headline\":\"Wasser!\",\"datePublished\":\"2015-08-04T10:52:28+00:00\",\"dateModified\":\"2016-08-15T09:16:46+00:00\",\"mainEntityOfPage\":{\"@id\":\"https:\/\/www.schymik.de\/wordpress\/wasser\/\"},\"wordCount\":383,\"commentCount\":0,\"publisher\":{\"@id\":\"https:\/\/www.schymik.de\/wordpress\/#\/schema\/person\/f4792950b1a3875a57d4fc2380f11e22\"},\"keywords\":[\"Bikebergsteigen\",\"Transalp\"],\"articleSection\":[\"2015 Inner Circe Project\"],\"inLanguage\":\"de\",\"potentialAction\":[{\"@type\":\"CommentAction\",\"name\":\"Comment\",\"target\":[\"https:\/\/www.schymik.de\/wordpress\/wasser\/#respond\"]}]},{\"@type\":\"WebPage\",\"@id\":\"https:\/\/www.schymik.de\/wordpress\/wasser\/\",\"url\":\"https:\/\/www.schymik.de\/wordpress\/wasser\/\",\"name\":\"Wasser! - Transalp Homepage\",\"isPartOf\":{\"@id\":\"https:\/\/www.schymik.de\/wordpress\/#website\"},\"datePublished\":\"2015-08-04T10:52:28+00:00\",\"dateModified\":\"2016-08-15T09:16:46+00:00\",\"breadcrumb\":{\"@id\":\"https:\/\/www.schymik.de\/wordpress\/wasser\/#breadcrumb\"},\"inLanguage\":\"de\",\"potentialAction\":[{\"@type\":\"ReadAction\",\"target\":[\"https:\/\/www.schymik.de\/wordpress\/wasser\/\"]}]},{\"@type\":\"BreadcrumbList\",\"@id\":\"https:\/\/www.schymik.de\/wordpress\/wasser\/#breadcrumb\",\"itemListElement\":[{\"@type\":\"ListItem\",\"position\":1,\"name\":\"Startseite\",\"item\":\"https:\/\/www.schymik.de\/wordpress\/\"},{\"@type\":\"ListItem\",\"position\":2,\"name\":\"Wasser!\"}]},{\"@type\":\"WebSite\",\"@id\":\"https:\/\/www.schymik.de\/wordpress\/#website\",\"url\":\"https:\/\/www.schymik.de\/wordpress\/\",\"name\":\"Transalp Homepage\",\"description\":\"Alles rund ums Mountainbike, Alpencross und Bikebergsteigen\",\"publisher\":{\"@id\":\"https:\/\/www.schymik.de\/wordpress\/#\/schema\/person\/f4792950b1a3875a57d4fc2380f11e22\"},\"potentialAction\":[{\"@type\":\"SearchAction\",\"target\":{\"@type\":\"EntryPoint\",\"urlTemplate\":\"https:\/\/www.schymik.de\/wordpress\/?s={search_term_string}\"},\"query-input\":\"required name=search_term_string\"}],\"inLanguage\":\"de\"},{\"@type\":[\"Person\",\"Organization\"],\"@id\":\"https:\/\/www.schymik.de\/wordpress\/#\/schema\/person\/f4792950b1a3875a57d4fc2380f11e22\",\"name\":\"Carsten\",\"image\":{\"@type\":\"ImageObject\",\"inLanguage\":\"de\",\"@id\":\"https:\/\/www.schymik.de\/wordpress\/#\/schema\/person\/image\/\",\"url\":\"https:\/\/www.schymik.de\/wordpress\/wp-content\/Schymik-Carsten-51x51cm.jpg\",\"contentUrl\":\"https:\/\/www.schymik.de\/wordpress\/wp-content\/Schymik-Carsten-51x51cm.jpg\",\"width\":1530,\"height\":1530,\"caption\":\"Carsten\"},\"logo\":{\"@id\":\"https:\/\/www.schymik.de\/wordpress\/#\/schema\/person\/image\/\"},\"sameAs\":[\"http:\/\/www.schymik.de\",\"https:\/\/www.facebook.com\/carsten.schymik\",\"https:\/\/www.instagram.com\/carstenschymik\/\",\"https:\/\/www.youtube.com\/@CarstenSchymik\"]}]}<\/script>\n<!-- \/ Yoast SEO plugin. -->","yoast_head_json":{"title":"Wasser! - Transalp Homepage","robots":{"index":"index","follow":"follow","max-snippet":"max-snippet:-1","max-image-preview":"max-image-preview:large","max-video-preview":"max-video-preview:-1"},"canonical":"https:\/\/www.schymik.de\/wordpress\/wasser\/","og_locale":"de_DE","og_type":"article","og_title":"Wasser! - Transalp Homepage","og_description":"4. Tag: \u00fcber Dreisprachenspitze nach Trafoi Der vierte und letzte Tag unserer Ortlerumrundung f\u00fchrt uns auf einer Miltit\u00e4rstra\u00dfe auf die Dreisprachenspitze, zum Stilfser Joch und \u00fcber den Tibettrail zur\u00fcck nach Dreibrunnen bei Trafoi. Die Auffahrt auf dem Trail ist in der Morgensonne wunderbar. Der Weg ist gut erhalten und auch bergauf fast durchgehend fahrbar. Fast [&hellip;]","og_url":"https:\/\/www.schymik.de\/wordpress\/wasser\/","og_site_name":"Transalp Homepage","article_publisher":"https:\/\/www.facebook.com\/carsten.schymik","article_author":"https:\/\/www.facebook.com\/carsten.schymik","article_published_time":"2015-08-04T10:52:28+00:00","article_modified_time":"2016-08-15T09:16:46+00:00","og_image":[{"url":"http:\/\/fstatic2.mtb-news.de\/f3\/18\/1876\/1876374-eyykr0edod6d-ortler_theinnercircle170-original.jpg"}],"author":"Carsten","twitter_card":"summary_large_image","twitter_misc":{"Verfasst von":"Carsten","Gesch\u00e4tzte Lesezeit":"2\u00a0Minuten"},"schema":{"@context":"https:\/\/schema.org","@graph":[{"@type":"Article","@id":"https:\/\/www.schymik.de\/wordpress\/wasser\/#article","isPartOf":{"@id":"https:\/\/www.schymik.de\/wordpress\/wasser\/"},"author":{"name":"Carsten","@id":"https:\/\/www.schymik.de\/wordpress\/#\/schema\/person\/f4792950b1a3875a57d4fc2380f11e22"},"headline":"Wasser!","datePublished":"2015-08-04T10:52:28+00:00","dateModified":"2016-08-15T09:16:46+00:00","mainEntityOfPage":{"@id":"https:\/\/www.schymik.de\/wordpress\/wasser\/"},"wordCount":383,"commentCount":0,"publisher":{"@id":"https:\/\/www.schymik.de\/wordpress\/#\/schema\/person\/f4792950b1a3875a57d4fc2380f11e22"},"keywords":["Bikebergsteigen","Transalp"],"articleSection":["2015 Inner Circe Project"],"inLanguage":"de","potentialAction":[{"@type":"CommentAction","name":"Comment","target":["https:\/\/www.schymik.de\/wordpress\/wasser\/#respond"]}]},{"@type":"WebPage","@id":"https:\/\/www.schymik.de\/wordpress\/wasser\/","url":"https:\/\/www.schymik.de\/wordpress\/wasser\/","name":"Wasser! - Transalp Homepage","isPartOf":{"@id":"https:\/\/www.schymik.de\/wordpress\/#website"},"datePublished":"2015-08-04T10:52:28+00:00","dateModified":"2016-08-15T09:16:46+00:00","breadcrumb":{"@id":"https:\/\/www.schymik.de\/wordpress\/wasser\/#breadcrumb"},"inLanguage":"de","potentialAction":[{"@type":"ReadAction","target":["https:\/\/www.schymik.de\/wordpress\/wasser\/"]}]},{"@type":"BreadcrumbList","@id":"https:\/\/www.schymik.de\/wordpress\/wasser\/#breadcrumb","itemListElement":[{"@type":"ListItem","position":1,"name":"Startseite","item":"https:\/\/www.schymik.de\/wordpress\/"},{"@type":"ListItem","position":2,"name":"Wasser!"}]},{"@type":"WebSite","@id":"https:\/\/www.schymik.de\/wordpress\/#website","url":"https:\/\/www.schymik.de\/wordpress\/","name":"Transalp Homepage","description":"Alles rund ums Mountainbike, Alpencross und Bikebergsteigen","publisher":{"@id":"https:\/\/www.schymik.de\/wordpress\/#\/schema\/person\/f4792950b1a3875a57d4fc2380f11e22"},"potentialAction":[{"@type":"SearchAction","target":{"@type":"EntryPoint","urlTemplate":"https:\/\/www.schymik.de\/wordpress\/?s={search_term_string}"},"query-input":"required name=search_term_string"}],"inLanguage":"de"},{"@type":["Person","Organization"],"@id":"https:\/\/www.schymik.de\/wordpress\/#\/schema\/person\/f4792950b1a3875a57d4fc2380f11e22","name":"Carsten","image":{"@type":"ImageObject","inLanguage":"de","@id":"https:\/\/www.schymik.de\/wordpress\/#\/schema\/person\/image\/","url":"https:\/\/www.schymik.de\/wordpress\/wp-content\/Schymik-Carsten-51x51cm.jpg","contentUrl":"https:\/\/www.schymik.de\/wordpress\/wp-content\/Schymik-Carsten-51x51cm.jpg","width":1530,"height":1530,"caption":"Carsten"},"logo":{"@id":"https:\/\/www.schymik.de\/wordpress\/#\/schema\/person\/image\/"},"sameAs":["http:\/\/www.schymik.de","https:\/\/www.facebook.com\/carsten.schymik","https:\/\/www.instagram.com\/carstenschymik\/","https:\/\/www.youtube.com\/@CarstenSchymik"]}]}},"_links":{"self":[{"href":"https:\/\/www.schymik.de\/wordpress\/wp-json\/wp\/v2\/posts\/3513"}],"collection":[{"href":"https:\/\/www.schymik.de\/wordpress\/wp-json\/wp\/v2\/posts"}],"about":[{"href":"https:\/\/www.schymik.de\/wordpress\/wp-json\/wp\/v2\/types\/post"}],"author":[{"embeddable":true,"href":"https:\/\/www.schymik.de\/wordpress\/wp-json\/wp\/v2\/users\/1"}],"replies":[{"embeddable":true,"href":"https:\/\/www.schymik.de\/wordpress\/wp-json\/wp\/v2\/comments?post=3513"}],"version-history":[{"count":5,"href":"https:\/\/www.schymik.de\/wordpress\/wp-json\/wp\/v2\/posts\/3513\/revisions"}],"predecessor-version":[{"id":3697,"href":"https:\/\/www.schymik.de\/wordpress\/wp-json\/wp\/v2\/posts\/3513\/revisions\/3697"}],"wp:attachment":[{"href":"https:\/\/www.schymik.de\/wordpress\/wp-json\/wp\/v2\/media?parent=3513"}],"wp:term":[{"taxonomy":"category","embeddable":true,"href":"https:\/\/www.schymik.de\/wordpress\/wp-json\/wp\/v2\/categories?post=3513"},{"taxonomy":"post_tag","embeddable":true,"href":"https:\/\/www.schymik.de\/wordpress\/wp-json\/wp\/v2\/tags?post=3513"}],"curies":[{"name":"wp","href":"https:\/\/api.w.org\/{rel}","templated":true}]}}