{"id":418,"date":"2009-09-05T10:25:53","date_gmt":"2009-09-05T09:25:53","guid":{"rendered":"http:\/\/www.schymik.de\/wordpress\/?p=418"},"modified":"2010-07-17T11:49:57","modified_gmt":"2010-07-17T10:49:57","slug":"transtirol-tag-2%e2%80%a6schneetraume","status":"publish","type":"post","link":"https:\/\/www.schymik.de\/wordpress\/transtirol-tag-2%e2%80%a6schneetraume\/","title":{"rendered":"Transtirol Tag 2\u2026Schneetr\u00e4ume"},"content":{"rendered":"<p>6:55 Uhr. In f\u00fcnf Minuten gibt es Fr\u00fchst\u00fcck. Aber zuerst mal Fenster auf und schauen, was es drau\u00dfen zu sehen gibt. Was wir da sehen, haut uns beinahe um. Schnee oben auf den Gipfeln, so ca. ab 2300 Metern ist alles mit einer wundersch\u00f6nen, aber hauchd\u00fcnnen Schneedecke \u00fcberzogen. Klasse, Berge mit Puderzucker. Dazu blauer Himmel und strahlender Sonnenschein. Ein paar bizarre Wolkenfetzen garnieren das ganze Ensemble. Besser konnten wir es gar nicht treffen.<\/p>\n<p>Hoch motiviert gehen wir fr\u00fchst\u00fccken. Vergessen ist der Zweifel, der Regen, die N\u00e4sse und die K\u00e4lte des gestrigen Tages. Heute ist Trailhunter-Day!<\/p>\n<p><img decoding=\"async\" loading=\"lazy\" class=\"aligncenter size-full wp-image-449\" title=\"transtirol_09_02_11\" src=\"http:\/\/www.schymik.de\/wordpress\/wp-content\/transtirol_09_02_11.jpg\" alt=\"transtirol_09_02_11\" width=\"450\" height=\"338\" srcset=\"https:\/\/www.schymik.de\/wordpress\/wp-content\/transtirol_09_02_11.jpg 450w, https:\/\/www.schymik.de\/wordpress\/wp-content\/transtirol_09_02_11-300x225.jpg 300w\" sizes=\"(max-width: 450px) 100vw, 450px\" \/><br \/>\n\u00dcber uns im Osten steht die m\u00e4chtige Ochsenwand. Eigentlich kommt um dieses Tageszeit von dort auch das w\u00e4rmende Sonnenlicht. Aber da ist eben diese Wand dazwischen. Also gilt es die 600 H\u00f6henmeter bis hinauf zum Seej\u00f6chl im Schatten und bei -2\u00b0C zu erklimmen. Dennoch ist unsere Stimmung bestens und wir kommen schnell voran. Ab einer H\u00f6he von 2300 Metern ist der Pfad mit einer hauchd\u00fcnnen Schneeschicht bedeckt. Darunter ist der Boden hart gefroren und griffig. Erst wenige Meter vor Erreichen der Passh\u00f6he spicken die ersten Sonnenstrahlen um die Felsen herum. Schlagartig \u00e4ndert sich die Szenerie: wir stehen im grellen Licht, Wolkenfetzen im S\u00fcden umh\u00fcllen die umliegenden Gipfel auf bizarre Art und Weise.<br \/>\n<img decoding=\"async\" loading=\"lazy\" class=\"aligncenter size-full wp-image-450\" title=\"transtirol_09_02_21\" src=\"http:\/\/www.schymik.de\/wordpress\/wp-content\/transtirol_09_02_21.jpg\" alt=\"transtirol_09_02_21\" width=\"450\" height=\"338\" srcset=\"https:\/\/www.schymik.de\/wordpress\/wp-content\/transtirol_09_02_21.jpg 450w, https:\/\/www.schymik.de\/wordpress\/wp-content\/transtirol_09_02_21-300x225.jpg 300w\" sizes=\"(max-width: 450px) 100vw, 450px\" \/><br \/>\nSchnell sind die Protektoren angelegt und einige Dutzend Fotos auf den Speicherchip der Digitalkamera gebrannt. Jetzt beginnt die Abfahrt. Die Furcht vor dem Schnee war v\u00f6llig unbegr\u00fcndet, nichts rutscht, es ist einfach nur sch\u00f6n, den ersten Schnee dieses Herbstes unter die Stollen nehmen zu k\u00f6nnen. Der Trail zieht sich noch einige Zeit am Hang entlang. Einige kurze Gegenanstiege sind zu absolvieren, bevor wir endg\u00fcltig die Serpentinen hinab zur Starkenburger H\u00fctte in Angriff nehmen. Als wir diese erreichen, haben wir die wei\u00dfe Pracht schon hinter uns gelassen. Daf\u00fcr zieht jetzt wieder Nebel auf. Wir w\u00e4hlen nat\u00fcrlich die Abfahrt auf dem Trail und freuen uns \u00fcber verblocktes und anspruchsvolles Gel\u00e4nde. Mehrmals kreuzen wir den parallel verlaufenden Schotterweg, bis wir letztlich an einem Trailabzweig stehen. Ein Schild verbietet die Weiterfahrt: Forstarbeiten. Kurze Diskussion, ein Blick auf\u00b4s Navi und der Entschluss steht: No Risk&#8230;no Fun, Schotter ist indiskutabel und heute ist Samstag, da wird beim Forst nicht gearbeitet. Bereits nach wenigen Metern auf dem flowigen Waldtrail wird uns klar: wir haben uns richtig entschieden, denn der Trail ist einfach nur genial. Inzwischen hat sich auch der Nebel wieder verzogen und wir vernichten hunderte von H\u00f6henmetern&#8230;ohne jegliches Hindernis. Auch an ein paar Almh\u00fctten, wo nochmals ein Schotterweg unseren Trail kreuzt, steht nichts mehr von einer Sperre und Forstarbeiten. Also weiter. Dann aber doch, die ersten frisch gef\u00e4llten L\u00e4rchen liegen auf dem Trail. Wir finden aber schnell einen Weg drum herum und fahren weiter auf dem Trail. Noch mehrfach kreuzen wir den Rodungsbereich bis wir schlie\u00dflich nur wenige Meter vor Neustift wieder den Schotterweg kreuzen. Das hat sich gelohnt, unter der Woche zwar undenkbar, heute auf jeden Fall die richtige Wahl, zumal sich au\u00dfer uns kein Mensch auf den Wanderweg gewagt hat. Free Flow Garantee!<\/p>\n<p>In Neustift angekommen wird noch schnell im Vorbeiflug der Supermarkt besucht, dann lassen wir uns auf einer Wiese, wo die ganzen Paraglider vom Elfer zu Boden gehen, nieder und verputzen unsere Beute. Eigentlich f\u00fchrt die Trans Tirol nun mit dem Lift nach oben und dann auf einem Trail hinab zur Karalm. Wir beschlie\u00dfen jedoch den ehrlichen Weg zu fahren und absolvieren die 750 H\u00f6henmeter Aufstieg auf dem Schotterweg durch\u00b4s liebliche Pinnistal. An der Alm angekommen g\u00f6nnen wir uns noch schnell eine Cola, dann geht es wieder mal ans Tragen. Weitere 600 H\u00f6henmeter hinauf zum Pinnisjoch sind mit dem Bike auf den Schultern zu absolvieren.<\/p>\n<p>Dies ist der Zeitpunkt, an dem ich mal ein paar Worte zum von uns verwendeten Material los werden muss: Klaus, Michael und ich sind mit Bergstiefeln und Flats ausgestattet. Zudem f\u00fchren wir alle Knieprotektoren f\u00fcr die Abfahrten mit. Diese sind beim Aufstieg an den Rucks\u00e4cken verzurrt. G\u00fcnter und Klaus haben zudem Armprotektoren dabei. Da Frank und G\u00fcnter nicht auf die Vorteile von Klickpedalen verzichten wollen, haben beide auf alpintaugliche und feste Bikeschuhe mit griffiger Vibram-Sohle zur\u00fcckgegriffen. Ein absolutes Muss, wenn man die Trail Transtirol angehen will. Bei den Bikes setzen wir auf tourentaugliche All-Mountain-Bikes mit gro\u00dfen Bremsscheiben, bis zu 150 mm Federweg und gro\u00dfvolumigen Reifen. Nur Frank absolviert die Tour mit einem leichten Hardtail und einer 100 MM CC-Gabel.<\/p>\n<p>Nach knapp 2 Stunden erreichen wir das Joch. Gleich dahinter befindet sich die Innsbrucker H\u00fctte. Da es noch nicht allzu sp\u00e4t ist, beschlie\u00dfen wir noch ins Gschnitztal abzufahren, statt auf der H\u00fctte zu \u00fcbernachten. Zahlreiche Wanderer sind recht interessiert an unserem Unternehmen und verfolgen gespannt unseren Aufstieg, das Anlegen der Protektoren und den Start der Abfahrt. Diese f\u00fchrt uns zun\u00e4chst einmal ausgesetzt an einer steilen Hangkante entlang. Stellenweise ist der Weg hier mit Stahlseilen gesichert. Dennoch kann man diese atemberaubende Sektion auf dem Bike absolvieren. Nur einen Fahrfehler sollte man hier nicht riskieren.<\/p>\n<p><img decoding=\"async\" loading=\"lazy\" class=\"aligncenter size-full wp-image-451\" title=\"transtirol_09_02_35\" src=\"http:\/\/www.schymik.de\/wordpress\/wp-content\/transtirol_09_02_35.jpg\" alt=\"transtirol_09_02_35\" width=\"450\" height=\"548\" srcset=\"https:\/\/www.schymik.de\/wordpress\/wp-content\/transtirol_09_02_35.jpg 450w, https:\/\/www.schymik.de\/wordpress\/wp-content\/transtirol_09_02_35-246x300.jpg 246w\" sizes=\"(max-width: 450px) 100vw, 450px\" \/><\/p>\n<p>Dann biegen wir ums Eck und erblicken den Hammertrail ins Gschnitztal. So was hat noch keiner von uns gesehen, wir schauen von oben direkt auf \u00fcber 100 Spitzkehren, die wie mit einer N\u00e4hmaschine in den Hang hineingezeichnt sind. Es geht los, die Hinterr\u00e4der fliegen beim Versetzen durch die Luft, der Flow ist unbeschreiblich. Dieser Trail ist einfach nur sagenhaft. Immer technisch, stellenweise extrem schwer, aber zum gr\u00f6\u00dften Teil fl\u00fcssig zu fahren. Dazu das Abendlicht, die vereinzelten Wolkenfetzen \u00fcber uns und der Blick ins tief unter uns liegende Tal.<\/p>\n<p><img decoding=\"async\" loading=\"lazy\" class=\"aligncenter size-full wp-image-448\" title=\"transtirol_09_02_37\" src=\"http:\/\/www.schymik.de\/wordpress\/wp-content\/transtirol_09_02_37.jpg\" alt=\"transtirol_09_02_37\" width=\"450\" height=\"296\" srcset=\"https:\/\/www.schymik.de\/wordpress\/wp-content\/transtirol_09_02_37.jpg 450w, https:\/\/www.schymik.de\/wordpress\/wp-content\/transtirol_09_02_37-300x197.jpg 300w\" sizes=\"(max-width: 450px) 100vw, 450px\" \/><\/p>\n<p>Nach knapp 1100 H\u00f6henmetern absoluten Abfahrtsspa\u00dfes erreichen wir den Talgrund des Gschnitztales. Schnell steuern wir den Gasthof Feuerstein an. Leider sind hier schon alle Zimmer belegt. Aber gegen\u00fcber im Gallerhof ist noch etwas frei. F\u00fcr sensationell g\u00fcnstige 16,-EUR pro Kopf finden wir ein Dach \u00fcber dem Kopf in dem \u00fcber 300 Jahre alten Bauernhaus. Auf der Bank vor dem Haus lassen wir bei wohlschmeckendem Hopfensaft diesen sensationellen Tag noch einmal Revue passieren.<\/p>\n<p>weiter zu <a title=\"Tag 3\" href=\"http:\/\/www.schymik.de\/wordpress\/?p=422\">Tag 3<br \/>\n<\/a><\/p>\n<p><strong>Fotos:<\/strong><\/p>\n<p><strong> <\/strong>von <a title=\"Fotos Tag 2\" href=\"..\/..\/fotodb\/search.php?search_keywords=transtirol%20AND%20Tag2\">Tag 2<\/a><\/p>\n<p><strong>Strecke:<\/strong><\/p>\n<p>Seej\u00f6chl<br \/>\nStarkenburger H\u00fctte<br \/>\nNeustift im Stubaital<br \/>\nPinnisalm<br \/>\nInnsbrucker H\u00fctt<br \/>\nGschnitz<br \/>\nObertal<\/p>\n<p><strong>Unterkunft:<\/strong><\/p>\n<p>Gallerhof<br \/>\nFam. Herbert Leitner<br \/>\nObertal 28<br \/>\nA-6150 Gschnitz<br \/>\nTelefon: 05276\/281<\/p>\n<p><strong>Statistik:<\/strong><\/p>\n<p>Unterwegs: \u00a0\u00a0 \u00a0\u00a0\u00a0 \u00a0\u00a0\u00a0\u00a0\u00a0\u00a0\u00a0\u00a0\u00a0\u00a0\u00a0 10:00 h<br \/>\nFahrzeit:\u00a0\u00a0 \u00a0\u00a0\u00a0 \u00a0\u00a0\u00a0\u00a0\u00a0\u00a0\u00a0\u00a0\u00a0\u00a0\u00a0\u00a0\u00a0\u00a0\u00a0\u00a0\u00a0 4:15 h<br \/>\nH\u00f6henmeter hoch: \u00a0\u00a0 \u00a02031 m<br \/>\nH\u00f6henmeter hoch getragen: \u00a0 1250\u00a0 m<br \/>\nH\u00f6henmeter runter:\u00a0 2726 m<br \/>\nKilometer lt. Tacho:\u00a0\u00a0 28 km<br \/>\nKilometer ges.:\u00a0\u00a0\u00a0\u00a0\u00a0\u00a0\u00a0\u00a0\u00a0\u00a0\u00a0\u00a0 31 km<\/p>\n<p><strong>GPS-Tracks:<\/strong><\/p>\n<p>von der Adolf Pichler H\u00fctte zum Pinnisjoch<br \/>\nkostenpflichtig, bereitgestellt von Andreas Albrecht<br \/>\n<a href=\"http:\/\/engine.trackspace.de\/open.php?track_id=6541\" target=\"_blank\"><img decoding=\"async\" loading=\"lazy\" src=\"http:\/\/engine.trackspace.de\/images\/trackspace_link.gif\" border=\"0\" alt=\"\" width=\"54\" height=\"40\" \/><\/a><\/p>\n<p><strong>Shop:<\/strong><\/p>\n<p>Buch von Andreas Albrecht bei <a title=\"Transalp Roadbook 5\" href=\"http:\/\/astore.amazon.de\/transalphomep-21\/detail\/3837016943\">Amazon<\/a> kaufen<\/p>\n<p>Digitale Kompass Karte\u00a0<a title=\"Kompass S\u00fcdtirol\" href=\"http:\/\/astore.amazon.de\/transalphomep-21\/detail\/3854916310\"><\/a> <a title=\"Kompass Tirol\" href=\"http:\/\/astore.amazon.de\/transalphomep-21\/detail\/3854919956\">Tirol<\/a> bei Amazon kaufen<\/p>\n<p>Kompass Karte Nr.83\u00a0 <a title=\"Kompass Stubaital\" href=\"http:\/\/astore.amazon.de\/transalphomep-21\/detail\/3854910924\">Stubaier Alpen<\/a> bei Amazon kaufen<\/p>\n<p>Die DVD Trail Transalp Tirol im <a href=\"http:\/\/www.mediabanx.info\/shop\/product_info.php\/info\/p35_Trail-Transalp-Tirol---Auf-Traumtrails-von-Seefeld-nach-Meran.html\" target=\"_blank\">Onlineshop<\/a> bestellen.<\/p>\n<div id=\"_mcePaste\" style=\"overflow: hidden; position: absolute; left: -10000px; top: 57px; width: 1px; height: 1px;\">\n<div><span style=\"font-family: Verdana,Arial,Helvetica,sans-serif; font-size: medium;\"><em><span style=\"color: #595900;\">Gallerhof<\/span><\/em><\/span><span style=\"font-family: Verdana,Arial,Helvetica,sans-serif; color: #595900; font-size: x-small;\"><br \/>\nFam. Herbert Leitner<\/p>\n<p>Obertal 28<br \/>\nA-6150 Gschnitz<\/p>\n<p><strong><em><span style=\"font-size: small;\">Telefon: 05276\/281<\/span><\/em><\/strong><\/p>\n<p><\/span><\/div>\n<\/div>\n","protected":false},"excerpt":{"rendered":"<p>6:55 Uhr. In f\u00fcnf Minuten gibt es Fr\u00fchst\u00fcck. Aber zuerst mal Fenster auf und schauen, was es drau\u00dfen zu sehen gibt. Was wir da sehen, haut uns beinahe um. Schnee oben auf den Gipfeln, so ca. ab 2300 Metern ist alles mit einer wundersch\u00f6nen, aber hauchd\u00fcnnen Schneedecke \u00fcberzogen. Klasse, Berge mit Puderzucker. Dazu blauer Himmel [&hellip;]<\/p>\n","protected":false},"author":1,"featured_media":0,"comment_status":"open","ping_status":"open","sticky":false,"template":"","format":"standard","meta":[],"categories":[15],"tags":[],"yoast_head":"<!-- This site is optimized with the Yoast SEO plugin v21.0 - https:\/\/yoast.com\/wordpress\/plugins\/seo\/ -->\n<title>Transtirol Tag 2\u2026Schneetr\u00e4ume - Transalp Homepage<\/title>\n<meta name=\"robots\" content=\"index, follow, max-snippet:-1, max-image-preview:large, max-video-preview:-1\" \/>\n<link rel=\"canonical\" href=\"https:\/\/www.schymik.de\/wordpress\/transtirol-tag-2\u2026schneetraume\/\" \/>\n<meta property=\"og:locale\" content=\"de_DE\" \/>\n<meta property=\"og:type\" content=\"article\" \/>\n<meta property=\"og:title\" content=\"Transtirol Tag 2\u2026Schneetr\u00e4ume - Transalp Homepage\" \/>\n<meta property=\"og:description\" content=\"6:55 Uhr. In f\u00fcnf Minuten gibt es Fr\u00fchst\u00fcck. Aber zuerst mal Fenster auf und schauen, was es drau\u00dfen zu sehen gibt. Was wir da sehen, haut uns beinahe um. Schnee oben auf den Gipfeln, so ca. ab 2300 Metern ist alles mit einer wundersch\u00f6nen, aber hauchd\u00fcnnen Schneedecke \u00fcberzogen. Klasse, Berge mit Puderzucker. Dazu blauer Himmel [&hellip;]\" \/>\n<meta property=\"og:url\" content=\"https:\/\/www.schymik.de\/wordpress\/transtirol-tag-2\u2026schneetraume\/\" \/>\n<meta property=\"og:site_name\" content=\"Transalp Homepage\" \/>\n<meta property=\"article:publisher\" content=\"https:\/\/www.facebook.com\/carsten.schymik\" \/>\n<meta property=\"article:author\" content=\"https:\/\/www.facebook.com\/carsten.schymik\" \/>\n<meta property=\"article:published_time\" content=\"2009-09-05T09:25:53+00:00\" \/>\n<meta property=\"article:modified_time\" content=\"2010-07-17T10:49:57+00:00\" \/>\n<meta property=\"og:image\" content=\"http:\/\/www.schymik.de\/wordpress\/wp-content\/transtirol_09_02_11.jpg\" \/>\n<meta name=\"author\" content=\"Carsten\" \/>\n<meta name=\"twitter:card\" content=\"summary_large_image\" \/>\n<meta name=\"twitter:label1\" content=\"Verfasst von\" \/>\n\t<meta name=\"twitter:data1\" content=\"Carsten\" \/>\n\t<meta name=\"twitter:label2\" content=\"Gesch\u00e4tzte Lesezeit\" \/>\n\t<meta name=\"twitter:data2\" content=\"6\u00a0Minuten\" \/>\n<script type=\"application\/ld+json\" class=\"yoast-schema-graph\">{\"@context\":\"https:\/\/schema.org\",\"@graph\":[{\"@type\":\"Article\",\"@id\":\"https:\/\/www.schymik.de\/wordpress\/transtirol-tag-2%e2%80%a6schneetraume\/#article\",\"isPartOf\":{\"@id\":\"https:\/\/www.schymik.de\/wordpress\/transtirol-tag-2%e2%80%a6schneetraume\/\"},\"author\":{\"name\":\"Carsten\",\"@id\":\"https:\/\/www.schymik.de\/wordpress\/#\/schema\/person\/f4792950b1a3875a57d4fc2380f11e22\"},\"headline\":\"Transtirol Tag 2\u2026Schneetr\u00e4ume\",\"datePublished\":\"2009-09-05T09:25:53+00:00\",\"dateModified\":\"2010-07-17T10:49:57+00:00\",\"mainEntityOfPage\":{\"@id\":\"https:\/\/www.schymik.de\/wordpress\/transtirol-tag-2%e2%80%a6schneetraume\/\"},\"wordCount\":1141,\"commentCount\":0,\"publisher\":{\"@id\":\"https:\/\/www.schymik.de\/wordpress\/#\/schema\/person\/f4792950b1a3875a57d4fc2380f11e22\"},\"articleSection\":[\"2009 Transtirol\"],\"inLanguage\":\"de\",\"potentialAction\":[{\"@type\":\"CommentAction\",\"name\":\"Comment\",\"target\":[\"https:\/\/www.schymik.de\/wordpress\/transtirol-tag-2%e2%80%a6schneetraume\/#respond\"]}]},{\"@type\":\"WebPage\",\"@id\":\"https:\/\/www.schymik.de\/wordpress\/transtirol-tag-2%e2%80%a6schneetraume\/\",\"url\":\"https:\/\/www.schymik.de\/wordpress\/transtirol-tag-2%e2%80%a6schneetraume\/\",\"name\":\"Transtirol Tag 2\u2026Schneetr\u00e4ume - Transalp Homepage\",\"isPartOf\":{\"@id\":\"https:\/\/www.schymik.de\/wordpress\/#website\"},\"datePublished\":\"2009-09-05T09:25:53+00:00\",\"dateModified\":\"2010-07-17T10:49:57+00:00\",\"breadcrumb\":{\"@id\":\"https:\/\/www.schymik.de\/wordpress\/transtirol-tag-2%e2%80%a6schneetraume\/#breadcrumb\"},\"inLanguage\":\"de\",\"potentialAction\":[{\"@type\":\"ReadAction\",\"target\":[\"https:\/\/www.schymik.de\/wordpress\/transtirol-tag-2%e2%80%a6schneetraume\/\"]}]},{\"@type\":\"BreadcrumbList\",\"@id\":\"https:\/\/www.schymik.de\/wordpress\/transtirol-tag-2%e2%80%a6schneetraume\/#breadcrumb\",\"itemListElement\":[{\"@type\":\"ListItem\",\"position\":1,\"name\":\"Startseite\",\"item\":\"https:\/\/www.schymik.de\/wordpress\/\"},{\"@type\":\"ListItem\",\"position\":2,\"name\":\"Transtirol Tag 2\u2026Schneetr\u00e4ume\"}]},{\"@type\":\"WebSite\",\"@id\":\"https:\/\/www.schymik.de\/wordpress\/#website\",\"url\":\"https:\/\/www.schymik.de\/wordpress\/\",\"name\":\"Transalp Homepage\",\"description\":\"Alles rund ums Mountainbike, Alpencross und Bikebergsteigen\",\"publisher\":{\"@id\":\"https:\/\/www.schymik.de\/wordpress\/#\/schema\/person\/f4792950b1a3875a57d4fc2380f11e22\"},\"potentialAction\":[{\"@type\":\"SearchAction\",\"target\":{\"@type\":\"EntryPoint\",\"urlTemplate\":\"https:\/\/www.schymik.de\/wordpress\/?s={search_term_string}\"},\"query-input\":\"required name=search_term_string\"}],\"inLanguage\":\"de\"},{\"@type\":[\"Person\",\"Organization\"],\"@id\":\"https:\/\/www.schymik.de\/wordpress\/#\/schema\/person\/f4792950b1a3875a57d4fc2380f11e22\",\"name\":\"Carsten\",\"image\":{\"@type\":\"ImageObject\",\"inLanguage\":\"de\",\"@id\":\"https:\/\/www.schymik.de\/wordpress\/#\/schema\/person\/image\/\",\"url\":\"https:\/\/www.schymik.de\/wordpress\/wp-content\/Schymik-Carsten-51x51cm.jpg\",\"contentUrl\":\"https:\/\/www.schymik.de\/wordpress\/wp-content\/Schymik-Carsten-51x51cm.jpg\",\"width\":1530,\"height\":1530,\"caption\":\"Carsten\"},\"logo\":{\"@id\":\"https:\/\/www.schymik.de\/wordpress\/#\/schema\/person\/image\/\"},\"sameAs\":[\"http:\/\/www.schymik.de\",\"https:\/\/www.facebook.com\/carsten.schymik\",\"https:\/\/www.instagram.com\/carstenschymik\/\",\"https:\/\/www.youtube.com\/@CarstenSchymik\"]}]}<\/script>\n<!-- \/ Yoast SEO plugin. -->","yoast_head_json":{"title":"Transtirol Tag 2\u2026Schneetr\u00e4ume - Transalp Homepage","robots":{"index":"index","follow":"follow","max-snippet":"max-snippet:-1","max-image-preview":"max-image-preview:large","max-video-preview":"max-video-preview:-1"},"canonical":"https:\/\/www.schymik.de\/wordpress\/transtirol-tag-2\u2026schneetraume\/","og_locale":"de_DE","og_type":"article","og_title":"Transtirol Tag 2\u2026Schneetr\u00e4ume - Transalp Homepage","og_description":"6:55 Uhr. In f\u00fcnf Minuten gibt es Fr\u00fchst\u00fcck. Aber zuerst mal Fenster auf und schauen, was es drau\u00dfen zu sehen gibt. Was wir da sehen, haut uns beinahe um. Schnee oben auf den Gipfeln, so ca. ab 2300 Metern ist alles mit einer wundersch\u00f6nen, aber hauchd\u00fcnnen Schneedecke \u00fcberzogen. Klasse, Berge mit Puderzucker. Dazu blauer Himmel [&hellip;]","og_url":"https:\/\/www.schymik.de\/wordpress\/transtirol-tag-2\u2026schneetraume\/","og_site_name":"Transalp Homepage","article_publisher":"https:\/\/www.facebook.com\/carsten.schymik","article_author":"https:\/\/www.facebook.com\/carsten.schymik","article_published_time":"2009-09-05T09:25:53+00:00","article_modified_time":"2010-07-17T10:49:57+00:00","og_image":[{"url":"http:\/\/www.schymik.de\/wordpress\/wp-content\/transtirol_09_02_11.jpg"}],"author":"Carsten","twitter_card":"summary_large_image","twitter_misc":{"Verfasst von":"Carsten","Gesch\u00e4tzte Lesezeit":"6\u00a0Minuten"},"schema":{"@context":"https:\/\/schema.org","@graph":[{"@type":"Article","@id":"https:\/\/www.schymik.de\/wordpress\/transtirol-tag-2%e2%80%a6schneetraume\/#article","isPartOf":{"@id":"https:\/\/www.schymik.de\/wordpress\/transtirol-tag-2%e2%80%a6schneetraume\/"},"author":{"name":"Carsten","@id":"https:\/\/www.schymik.de\/wordpress\/#\/schema\/person\/f4792950b1a3875a57d4fc2380f11e22"},"headline":"Transtirol Tag 2\u2026Schneetr\u00e4ume","datePublished":"2009-09-05T09:25:53+00:00","dateModified":"2010-07-17T10:49:57+00:00","mainEntityOfPage":{"@id":"https:\/\/www.schymik.de\/wordpress\/transtirol-tag-2%e2%80%a6schneetraume\/"},"wordCount":1141,"commentCount":0,"publisher":{"@id":"https:\/\/www.schymik.de\/wordpress\/#\/schema\/person\/f4792950b1a3875a57d4fc2380f11e22"},"articleSection":["2009 Transtirol"],"inLanguage":"de","potentialAction":[{"@type":"CommentAction","name":"Comment","target":["https:\/\/www.schymik.de\/wordpress\/transtirol-tag-2%e2%80%a6schneetraume\/#respond"]}]},{"@type":"WebPage","@id":"https:\/\/www.schymik.de\/wordpress\/transtirol-tag-2%e2%80%a6schneetraume\/","url":"https:\/\/www.schymik.de\/wordpress\/transtirol-tag-2%e2%80%a6schneetraume\/","name":"Transtirol Tag 2\u2026Schneetr\u00e4ume - Transalp Homepage","isPartOf":{"@id":"https:\/\/www.schymik.de\/wordpress\/#website"},"datePublished":"2009-09-05T09:25:53+00:00","dateModified":"2010-07-17T10:49:57+00:00","breadcrumb":{"@id":"https:\/\/www.schymik.de\/wordpress\/transtirol-tag-2%e2%80%a6schneetraume\/#breadcrumb"},"inLanguage":"de","potentialAction":[{"@type":"ReadAction","target":["https:\/\/www.schymik.de\/wordpress\/transtirol-tag-2%e2%80%a6schneetraume\/"]}]},{"@type":"BreadcrumbList","@id":"https:\/\/www.schymik.de\/wordpress\/transtirol-tag-2%e2%80%a6schneetraume\/#breadcrumb","itemListElement":[{"@type":"ListItem","position":1,"name":"Startseite","item":"https:\/\/www.schymik.de\/wordpress\/"},{"@type":"ListItem","position":2,"name":"Transtirol Tag 2\u2026Schneetr\u00e4ume"}]},{"@type":"WebSite","@id":"https:\/\/www.schymik.de\/wordpress\/#website","url":"https:\/\/www.schymik.de\/wordpress\/","name":"Transalp Homepage","description":"Alles rund ums Mountainbike, Alpencross und Bikebergsteigen","publisher":{"@id":"https:\/\/www.schymik.de\/wordpress\/#\/schema\/person\/f4792950b1a3875a57d4fc2380f11e22"},"potentialAction":[{"@type":"SearchAction","target":{"@type":"EntryPoint","urlTemplate":"https:\/\/www.schymik.de\/wordpress\/?s={search_term_string}"},"query-input":"required name=search_term_string"}],"inLanguage":"de"},{"@type":["Person","Organization"],"@id":"https:\/\/www.schymik.de\/wordpress\/#\/schema\/person\/f4792950b1a3875a57d4fc2380f11e22","name":"Carsten","image":{"@type":"ImageObject","inLanguage":"de","@id":"https:\/\/www.schymik.de\/wordpress\/#\/schema\/person\/image\/","url":"https:\/\/www.schymik.de\/wordpress\/wp-content\/Schymik-Carsten-51x51cm.jpg","contentUrl":"https:\/\/www.schymik.de\/wordpress\/wp-content\/Schymik-Carsten-51x51cm.jpg","width":1530,"height":1530,"caption":"Carsten"},"logo":{"@id":"https:\/\/www.schymik.de\/wordpress\/#\/schema\/person\/image\/"},"sameAs":["http:\/\/www.schymik.de","https:\/\/www.facebook.com\/carsten.schymik","https:\/\/www.instagram.com\/carstenschymik\/","https:\/\/www.youtube.com\/@CarstenSchymik"]}]}},"_links":{"self":[{"href":"https:\/\/www.schymik.de\/wordpress\/wp-json\/wp\/v2\/posts\/418"}],"collection":[{"href":"https:\/\/www.schymik.de\/wordpress\/wp-json\/wp\/v2\/posts"}],"about":[{"href":"https:\/\/www.schymik.de\/wordpress\/wp-json\/wp\/v2\/types\/post"}],"author":[{"embeddable":true,"href":"https:\/\/www.schymik.de\/wordpress\/wp-json\/wp\/v2\/users\/1"}],"replies":[{"embeddable":true,"href":"https:\/\/www.schymik.de\/wordpress\/wp-json\/wp\/v2\/comments?post=418"}],"version-history":[{"count":15,"href":"https:\/\/www.schymik.de\/wordpress\/wp-json\/wp\/v2\/posts\/418\/revisions"}],"predecessor-version":[{"id":984,"href":"https:\/\/www.schymik.de\/wordpress\/wp-json\/wp\/v2\/posts\/418\/revisions\/984"}],"wp:attachment":[{"href":"https:\/\/www.schymik.de\/wordpress\/wp-json\/wp\/v2\/media?parent=418"}],"wp:term":[{"taxonomy":"category","embeddable":true,"href":"https:\/\/www.schymik.de\/wordpress\/wp-json\/wp\/v2\/categories?post=418"},{"taxonomy":"post_tag","embeddable":true,"href":"https:\/\/www.schymik.de\/wordpress\/wp-json\/wp\/v2\/tags?post=418"}],"curies":[{"name":"wp","href":"https:\/\/api.w.org\/{rel}","templated":true}]}}