{"id":4207,"date":"2018-03-08T07:19:45","date_gmt":"2018-03-08T06:19:45","guid":{"rendered":"http:\/\/www.schymik.de\/wordpress\/?p=4207"},"modified":"2018-03-08T10:33:54","modified_gmt":"2018-03-08T09:33:54","slug":"frauen","status":"publish","type":"post","link":"https:\/\/www.schymik.de\/wordpress\/frauen\/","title":{"rendered":"Frauen!"},"content":{"rendered":"<p>Ich geh\u00f6re seit \u00fcber einem Jahr zu den gl\u00fccklichen M\u00e4nnern, deren Lebenspartnerin die Begeisterung f\u00fcr den Radsport teilt. Sicher ein Umstand, um den mich einige meiner Freunde wirklich beneiden, zurecht. Denn was gibt es sch\u00f6neres, als die sch\u00f6nste Sportart der Welt gemeinsam mit einer Frau auszu\u00fcben, die diese Leidenschaft teilt?<\/p>\n<blockquote class=\"instagram-media\" style=\"background: #FFF; border: 0; border-radius: 3px; box-shadow: 0 0 1px 0 rgba(0,0,0,0.5),0 1px 10px 0 rgba(0,0,0,0.15); margin: 1px; max-width: 658px; padding: 0; width: calc(100% - 2px);\" data-instgrm-version=\"8\" data-instgrm-permalink=\"https:\/\/www.instagram.com\/p\/BeNpJ8cFFNZ\/\" data-instgrm-captioned=\"\">\n<div style=\"padding: 8px;\">\n<div style=\"background: #F8F8F8; line-height: 0; margin-top: 40px; padding: 50.0% 0; text-align: center; width: 100%;\"><\/div>\n<p style=\"margin: 8px 0 0 0; padding: 0 4px;\"><a style=\"color: #000; font-family: Arial,sans-serif; font-size: 14px; font-style: normal; font-weight: normal; line-height: 17px; text-decoration: none; word-wrap: break-word;\" href=\"https:\/\/www.instagram.com\/p\/BeNpJ8cFFNZ\/\" target=\"_blank\" rel=\"noopener noreferrer\">Unterwegs im Powderwahn #schneebisostern<\/a><\/p>\n<p style=\"color: #c9c8cd; font-family: Arial,sans-serif; font-size: 14px; line-height: 17px; margin-bottom: 0; margin-top: 8px; overflow: hidden; padding: 8px 0 7px; text-align: center; text-overflow: ellipsis; white-space: nowrap;\">Ein Beitrag geteilt von <a style=\"color: #c9c8cd; font-family: Arial,sans-serif; font-size: 14px; font-style: normal; font-weight: normal; line-height: 17px;\" href=\"https:\/\/www.instagram.com\/carstenschymik\/\" target=\"_blank\" rel=\"noopener noreferrer\"> Carsten Schymik<\/a> (@carstenschymik) am <time style=\"font-family: Arial,sans-serif; font-size: 14px; line-height: 17px;\" datetime=\"2018-01-21T13:27:49+00:00\">Jan 21, 2018 um 5:27 PST<\/time><\/p>\n<\/div>\n<\/blockquote>\n<p><script async defer src=\"\/\/www.instagram.com\/embed.js\"><\/script><\/p>\n<p>Sicher, als Mann mit jahrelanger Erfahrung beim Mountainbiken und einigen fahrtechnischen und konditionellen Vorteilen muss man(n) bereit sein, sein eigenes Ego und seine Ambitionen mal nicht in den Vordergrund zu stellen. Aber ehrlich gesagt, es macht sehr viel Spa\u00df K\u00f6nnen und Erfahrung weiter zu geben und bei jeder Tour beobachten zu k\u00f6nnen, wie die Partnerin Fortschritte macht und mit der Zeit mehr und mehr Routine und K\u00f6nnen entwickelt.<\/p>\n<blockquote class=\"instagram-media\" style=\"background: #FFF; border: 0; border-radius: 3px; box-shadow: 0 0 1px 0 rgba(0,0,0,0.5),0 1px 10px 0 rgba(0,0,0,0.15); margin: 1px; max-width: 658px; padding: 0; width: calc(100% - 2px);\" data-instgrm-version=\"8\" data-instgrm-permalink=\"https:\/\/www.instagram.com\/p\/BdP_GrDlExu\/\" data-instgrm-captioned=\"\">\n<div style=\"padding: 8px;\">\n<div style=\"background: #F8F8F8; line-height: 0; margin-top: 40px; padding: 28.14814814814815% 0; text-align: center; width: 100%;\"><\/div>\n<p style=\"margin: 8px 0 0 0; padding: 0 4px;\"><a style=\"color: #000; font-family: Arial,sans-serif; font-size: 14px; font-style: normal; font-weight: normal; line-height: 17px; text-decoration: none; word-wrap: break-word;\" href=\"https:\/\/www.instagram.com\/p\/BdP_GrDlExu\/\" target=\"_blank\" rel=\"noopener noreferrer\">F\u00e4hrt<\/a><\/p>\n<p style=\"color: #c9c8cd; font-family: Arial,sans-serif; font-size: 14px; line-height: 17px; margin-bottom: 0; margin-top: 8px; overflow: hidden; padding: 8px 0 7px; text-align: center; text-overflow: ellipsis; white-space: nowrap;\">Ein Beitrag geteilt von <a style=\"color: #c9c8cd; font-family: Arial,sans-serif; font-size: 14px; font-style: normal; font-weight: normal; line-height: 17px;\" href=\"https:\/\/www.instagram.com\/carstenschymik\/\" target=\"_blank\" rel=\"noopener noreferrer\"> Carsten Schymik<\/a> (@carstenschymik) am <time style=\"font-family: Arial,sans-serif; font-size: 14px; line-height: 17px;\" datetime=\"2017-12-28T14:46:42+00:00\">Dez 28, 2017 um 6:46 PST<\/time><\/p>\n<\/div>\n<\/blockquote>\n<p><script async defer src=\"\/\/www.instagram.com\/embed.js\"><\/script><\/p>\n<p>Was Anfangs (auf dem Rad) schon ein ungleiches Paar war, entwickelt sich nach und nach zu einer runden Sache. Mit jeder Kurbelumdrehung, mit jedem Singletrail und nat\u00fcrlich ganz besonders bei gemeinsamen Reisen steigt der Fahrspa\u00df und das Vertrauen in das eigen K\u00f6nnen, das eigene Bike und in den Partner.<\/p>\n<blockquote class=\"instagram-media\" style=\"background: #FFF; border: 0; border-radius: 3px; box-shadow: 0 0 1px 0 rgba(0,0,0,0.5),0 1px 10px 0 rgba(0,0,0,0.15); margin: 1px; max-width: 658px; padding: 0; width: calc(100% - 2px);\" data-instgrm-version=\"8\" data-instgrm-permalink=\"https:\/\/www.instagram.com\/p\/BVhAMrslPV9\/\" data-instgrm-captioned=\"\">\n<div style=\"padding: 8px;\">\n<div style=\"background: #F8F8F8; line-height: 0; margin-top: 40px; padding: 50.0% 0; text-align: center; width: 100%;\"><\/div>\n<p style=\"margin: 8px 0 0 0; padding: 0 4px;\"><a style=\"color: #000; font-family: Arial,sans-serif; font-size: 14px; font-style: normal; font-weight: normal; line-height: 17px; text-decoration: none; word-wrap: break-word;\" href=\"https:\/\/www.instagram.com\/p\/BVhAMrslPV9\/\" target=\"_blank\" rel=\"noopener noreferrer\">Die erste H\u00fcrde ist gemeistert #eisj\u00f6chl #montagisteinsch\u00f6nertag<\/a><\/p>\n<p style=\"color: #c9c8cd; font-family: Arial,sans-serif; font-size: 14px; line-height: 17px; margin-bottom: 0; margin-top: 8px; overflow: hidden; padding: 8px 0 7px; text-align: center; text-overflow: ellipsis; white-space: nowrap;\">Ein Beitrag geteilt von <a style=\"color: #c9c8cd; font-family: Arial,sans-serif; font-size: 14px; font-style: normal; font-weight: normal; line-height: 17px;\" href=\"https:\/\/www.instagram.com\/carstenschymik\/\" target=\"_blank\" rel=\"noopener noreferrer\"> Carsten Schymik<\/a> (@carstenschymik) am <time style=\"font-family: Arial,sans-serif; font-size: 14px; line-height: 17px;\" datetime=\"2017-06-19T09:12:11+00:00\">Jun 19, 2017 um 2:12 PDT<\/time><\/p>\n<\/div>\n<\/blockquote>\n<p><script async defer src=\"\/\/www.instagram.com\/embed.js\"><\/script><\/p>\n<p>Und bereits nach der Tour ist vor der Tour. Nach einer anspruchsvollen Runde im <a href=\"http:\/\/www.schymik.de\/wordpress\/oetzirunde-2-0\/\">\u00d6tztal <\/a>werden schon auf der Heimfahrt f\u00fcr den ersten gemeinsamen Alpencross geschmiedet&#8230;und wenige Tage sp\u00e4ter wird gemeinsam die Route geplant. Gemeinsames Leiden, gemeinsames Erleben und gemeinsames Ankommen. <a href=\"http:\/\/www.schymik.de\/wordpress\/eisjoechl\/\">Alpencross<\/a>, die Reise&#8230;als Veteran dieser Art des Reisens auch f\u00fcr mich eine neue, positive und erfrischende Erfahrung.<\/p>\n<blockquote class=\"instagram-media\" style=\"background: #FFF; border: 0; border-radius: 3px; box-shadow: 0 0 1px 0 rgba(0,0,0,0.5),0 1px 10px 0 rgba(0,0,0,0.15); margin: 1px; max-width: 658px; padding: 0; width: calc(100% - 2px);\" data-instgrm-version=\"8\" data-instgrm-permalink=\"https:\/\/www.instagram.com\/p\/BY01--Hn9d6\/\" data-instgrm-captioned=\"\">\n<div style=\"padding: 8px;\">\n<div style=\"background: #F8F8F8; line-height: 0; margin-top: 40px; padding: 50.0% 0; text-align: center; width: 100%;\"><\/div>\n<p style=\"margin: 8px 0 0 0; padding: 0 4px;\"><a style=\"color: #000; font-family: Arial,sans-serif; font-size: 14px; font-style: normal; font-weight: normal; line-height: 17px; text-decoration: none; word-wrap: break-word;\" href=\"https:\/\/www.instagram.com\/p\/BY01--Hn9d6\/\" target=\"_blank\" rel=\"noopener noreferrer\">Ziel erreicht<\/a><\/p>\n<p style=\"color: #c9c8cd; font-family: Arial,sans-serif; font-size: 14px; line-height: 17px; margin-bottom: 0; margin-top: 8px; overflow: hidden; padding: 8px 0 7px; text-align: center; text-overflow: ellipsis; white-space: nowrap;\">Ein Beitrag geteilt von <a style=\"color: #c9c8cd; font-family: Arial,sans-serif; font-size: 14px; font-style: normal; font-weight: normal; line-height: 17px;\" href=\"https:\/\/www.instagram.com\/carstenschymik\/\" target=\"_blank\" rel=\"noopener noreferrer\"> Carsten Schymik<\/a> (@carstenschymik) am <time style=\"font-family: Arial,sans-serif; font-size: 14px; line-height: 17px;\" datetime=\"2017-09-09T15:41:56+00:00\">Sep 9, 2017 um 8:41 PDT<\/time><\/p>\n<\/div>\n<\/blockquote>\n<p><script async defer src=\"\/\/www.instagram.com\/embed.js\"><\/script><\/p>\n<p>Darum dieser Artikel heute, am Weltfrauentag. Auch als Appell an all die Frauen da drau\u00dfen, die die Leidenschaft Eures Partners warum auch immer (noch) nicht teilen wollt oder k\u00f6nnt. Versucht es einfach einmal, setzt Euch auf\u00b4s Mountainbike, sp\u00fcrt die Anstrengung, die Belohnung und die Erf\u00fcllung und erlebt die Faszination dieser Sportart. Ihr werdet es sicher nicht bereuen.<\/p>\n<blockquote class=\"instagram-media\" style=\"background: #FFF; border: 0; border-radius: 3px; box-shadow: 0 0 1px 0 rgba(0,0,0,0.5),0 1px 10px 0 rgba(0,0,0,0.15); margin: 1px; max-width: 658px; padding: 0; width: calc(100% - 2px);\" data-instgrm-version=\"8\" data-instgrm-permalink=\"https:\/\/www.instagram.com\/p\/Ba8zvS_H6mo\/\" data-instgrm-captioned=\"\">\n<div style=\"padding: 8px;\">\n<div style=\"background: #F8F8F8; line-height: 0; margin-top: 40px; padding: 45.32407407407407% 0; text-align: center; width: 100%;\"><\/div>\n<p style=\"margin: 8px 0 0 0; padding: 0 4px;\"><a style=\"color: #000; font-family: Arial,sans-serif; font-size: 14px; font-style: normal; font-weight: normal; line-height: 17px; text-decoration: none; word-wrap: break-word;\" href=\"https:\/\/www.instagram.com\/p\/Ba8zvS_H6mo\/\" target=\"_blank\" rel=\"noopener noreferrer\">L\u00e4uft bestens&#8230;<\/a><\/p>\n<p style=\"color: #c9c8cd; font-family: Arial,sans-serif; font-size: 14px; line-height: 17px; margin-bottom: 0; margin-top: 8px; overflow: hidden; padding: 8px 0 7px; text-align: center; text-overflow: ellipsis; white-space: nowrap;\">Ein Beitrag geteilt von <a style=\"color: #c9c8cd; font-family: Arial,sans-serif; font-size: 14px; font-style: normal; font-weight: normal; line-height: 17px;\" href=\"https:\/\/www.instagram.com\/carstenschymik\/\" target=\"_blank\" rel=\"noopener noreferrer\"> Carsten Schymik<\/a> (@carstenschymik) am <time style=\"font-family: Arial,sans-serif; font-size: 14px; line-height: 17px;\" datetime=\"2017-11-01T10:59:02+00:00\">Nov 1, 2017 um 3:59 PDT<\/time><\/p>\n<\/div>\n<\/blockquote>\n<p><script async defer src=\"\/\/www.instagram.com\/embed.js\"><\/script><\/p>\n<p>Aber zwei Fehler solltet Ihr nicht machen: Fahrt nicht weil es Euer Partner m\u00f6chte, sondern weil Ihr dazu entschlossen seid, es ausprobieren zu wollen und zweitens leiht Euch ein f\u00fcr Euch passendes Mountainbike aus und probiert es nicht mit der alte Gurke vom Partner. Damit hat n\u00e4mlich auch er schon lange keine Spa\u00df mehr \ud83d\ude09<br \/>\nIn diesem Sinne, der Fr\u00fchling ist im Anmarsch, raus aufs Bike und viel Gl\u00fcck bei Euren gemeinsamen Touren.<br \/>\n\u00dcber Feedback und Kommentare w\u00fcrden Kerstin und ich uns sehr freuen. Erz\u00e4hlt uns, was Ihr gemeinsam erlebt habt oder gerne auch wo Ihr noch Probleme habt&#8230;<\/p>\n","protected":false},"excerpt":{"rendered":"<p>Ich geh\u00f6re seit \u00fcber einem Jahr zu den gl\u00fccklichen M\u00e4nnern, deren Lebenspartnerin die Begeisterung f\u00fcr den Radsport teilt. Sicher ein Umstand, um den mich einige meiner Freunde wirklich beneiden, zurecht. Denn was gibt es sch\u00f6neres, als die sch\u00f6nste Sportart der Welt gemeinsam mit einer Frau auszu\u00fcben, die diese Leidenschaft teilt? Unterwegs im Powderwahn #schneebisostern Ein [&hellip;]<\/p>\n","protected":false},"author":1,"featured_media":0,"comment_status":"open","ping_status":"open","sticky":false,"template":"","format":"standard","meta":[],"categories":[1],"tags":[],"yoast_head":"<!-- This site is optimized with the Yoast SEO plugin v21.0 - https:\/\/yoast.com\/wordpress\/plugins\/seo\/ -->\n<title>Frauen! - Transalp Homepage<\/title>\n<meta name=\"robots\" content=\"index, follow, max-snippet:-1, max-image-preview:large, max-video-preview:-1\" \/>\n<link rel=\"canonical\" href=\"https:\/\/www.schymik.de\/wordpress\/frauen\/\" \/>\n<meta property=\"og:locale\" content=\"de_DE\" \/>\n<meta property=\"og:type\" content=\"article\" \/>\n<meta property=\"og:title\" content=\"Frauen! - Transalp Homepage\" \/>\n<meta property=\"og:description\" content=\"Ich geh\u00f6re seit \u00fcber einem Jahr zu den gl\u00fccklichen M\u00e4nnern, deren Lebenspartnerin die Begeisterung f\u00fcr den Radsport teilt. Sicher ein Umstand, um den mich einige meiner Freunde wirklich beneiden, zurecht. Denn was gibt es sch\u00f6neres, als die sch\u00f6nste Sportart der Welt gemeinsam mit einer Frau auszu\u00fcben, die diese Leidenschaft teilt? Unterwegs im Powderwahn #schneebisostern Ein [&hellip;]\" \/>\n<meta property=\"og:url\" content=\"https:\/\/www.schymik.de\/wordpress\/frauen\/\" \/>\n<meta property=\"og:site_name\" content=\"Transalp Homepage\" \/>\n<meta property=\"article:publisher\" content=\"https:\/\/www.facebook.com\/carsten.schymik\" \/>\n<meta property=\"article:author\" content=\"https:\/\/www.facebook.com\/carsten.schymik\" \/>\n<meta property=\"article:published_time\" content=\"2018-03-08T06:19:45+00:00\" \/>\n<meta property=\"article:modified_time\" content=\"2018-03-08T09:33:54+00:00\" \/>\n<meta name=\"author\" content=\"Carsten\" \/>\n<meta name=\"twitter:card\" content=\"summary_large_image\" \/>\n<meta name=\"twitter:label1\" content=\"Verfasst von\" \/>\n\t<meta name=\"twitter:data1\" content=\"Carsten\" \/>\n\t<meta name=\"twitter:label2\" content=\"Gesch\u00e4tzte Lesezeit\" \/>\n\t<meta name=\"twitter:data2\" content=\"2\u00a0Minuten\" \/>\n<script type=\"application\/ld+json\" class=\"yoast-schema-graph\">{\"@context\":\"https:\/\/schema.org\",\"@graph\":[{\"@type\":\"Article\",\"@id\":\"https:\/\/www.schymik.de\/wordpress\/frauen\/#article\",\"isPartOf\":{\"@id\":\"https:\/\/www.schymik.de\/wordpress\/frauen\/\"},\"author\":{\"name\":\"Carsten\",\"@id\":\"https:\/\/www.schymik.de\/wordpress\/#\/schema\/person\/f4792950b1a3875a57d4fc2380f11e22\"},\"headline\":\"Frauen!\",\"datePublished\":\"2018-03-08T06:19:45+00:00\",\"dateModified\":\"2018-03-08T09:33:54+00:00\",\"mainEntityOfPage\":{\"@id\":\"https:\/\/www.schymik.de\/wordpress\/frauen\/\"},\"wordCount\":488,\"commentCount\":3,\"publisher\":{\"@id\":\"https:\/\/www.schymik.de\/wordpress\/#\/schema\/person\/f4792950b1a3875a57d4fc2380f11e22\"},\"articleSection\":[\"Bike-Tagebuch\"],\"inLanguage\":\"de\",\"potentialAction\":[{\"@type\":\"CommentAction\",\"name\":\"Comment\",\"target\":[\"https:\/\/www.schymik.de\/wordpress\/frauen\/#respond\"]}]},{\"@type\":\"WebPage\",\"@id\":\"https:\/\/www.schymik.de\/wordpress\/frauen\/\",\"url\":\"https:\/\/www.schymik.de\/wordpress\/frauen\/\",\"name\":\"Frauen! - Transalp Homepage\",\"isPartOf\":{\"@id\":\"https:\/\/www.schymik.de\/wordpress\/#website\"},\"datePublished\":\"2018-03-08T06:19:45+00:00\",\"dateModified\":\"2018-03-08T09:33:54+00:00\",\"breadcrumb\":{\"@id\":\"https:\/\/www.schymik.de\/wordpress\/frauen\/#breadcrumb\"},\"inLanguage\":\"de\",\"potentialAction\":[{\"@type\":\"ReadAction\",\"target\":[\"https:\/\/www.schymik.de\/wordpress\/frauen\/\"]}]},{\"@type\":\"BreadcrumbList\",\"@id\":\"https:\/\/www.schymik.de\/wordpress\/frauen\/#breadcrumb\",\"itemListElement\":[{\"@type\":\"ListItem\",\"position\":1,\"name\":\"Startseite\",\"item\":\"https:\/\/www.schymik.de\/wordpress\/\"},{\"@type\":\"ListItem\",\"position\":2,\"name\":\"Frauen!\"}]},{\"@type\":\"WebSite\",\"@id\":\"https:\/\/www.schymik.de\/wordpress\/#website\",\"url\":\"https:\/\/www.schymik.de\/wordpress\/\",\"name\":\"Transalp Homepage\",\"description\":\"Alles rund ums Mountainbike, Alpencross und Bikebergsteigen\",\"publisher\":{\"@id\":\"https:\/\/www.schymik.de\/wordpress\/#\/schema\/person\/f4792950b1a3875a57d4fc2380f11e22\"},\"potentialAction\":[{\"@type\":\"SearchAction\",\"target\":{\"@type\":\"EntryPoint\",\"urlTemplate\":\"https:\/\/www.schymik.de\/wordpress\/?s={search_term_string}\"},\"query-input\":\"required name=search_term_string\"}],\"inLanguage\":\"de\"},{\"@type\":[\"Person\",\"Organization\"],\"@id\":\"https:\/\/www.schymik.de\/wordpress\/#\/schema\/person\/f4792950b1a3875a57d4fc2380f11e22\",\"name\":\"Carsten\",\"image\":{\"@type\":\"ImageObject\",\"inLanguage\":\"de\",\"@id\":\"https:\/\/www.schymik.de\/wordpress\/#\/schema\/person\/image\/\",\"url\":\"https:\/\/www.schymik.de\/wordpress\/wp-content\/Schymik-Carsten-51x51cm.jpg\",\"contentUrl\":\"https:\/\/www.schymik.de\/wordpress\/wp-content\/Schymik-Carsten-51x51cm.jpg\",\"width\":1530,\"height\":1530,\"caption\":\"Carsten\"},\"logo\":{\"@id\":\"https:\/\/www.schymik.de\/wordpress\/#\/schema\/person\/image\/\"},\"sameAs\":[\"http:\/\/www.schymik.de\",\"https:\/\/www.facebook.com\/carsten.schymik\",\"https:\/\/www.instagram.com\/carstenschymik\/\",\"https:\/\/www.youtube.com\/@CarstenSchymik\"]}]}<\/script>\n<!-- \/ Yoast SEO plugin. -->","yoast_head_json":{"title":"Frauen! - Transalp Homepage","robots":{"index":"index","follow":"follow","max-snippet":"max-snippet:-1","max-image-preview":"max-image-preview:large","max-video-preview":"max-video-preview:-1"},"canonical":"https:\/\/www.schymik.de\/wordpress\/frauen\/","og_locale":"de_DE","og_type":"article","og_title":"Frauen! - Transalp Homepage","og_description":"Ich geh\u00f6re seit \u00fcber einem Jahr zu den gl\u00fccklichen M\u00e4nnern, deren Lebenspartnerin die Begeisterung f\u00fcr den Radsport teilt. Sicher ein Umstand, um den mich einige meiner Freunde wirklich beneiden, zurecht. Denn was gibt es sch\u00f6neres, als die sch\u00f6nste Sportart der Welt gemeinsam mit einer Frau auszu\u00fcben, die diese Leidenschaft teilt? Unterwegs im Powderwahn #schneebisostern Ein [&hellip;]","og_url":"https:\/\/www.schymik.de\/wordpress\/frauen\/","og_site_name":"Transalp Homepage","article_publisher":"https:\/\/www.facebook.com\/carsten.schymik","article_author":"https:\/\/www.facebook.com\/carsten.schymik","article_published_time":"2018-03-08T06:19:45+00:00","article_modified_time":"2018-03-08T09:33:54+00:00","author":"Carsten","twitter_card":"summary_large_image","twitter_misc":{"Verfasst von":"Carsten","Gesch\u00e4tzte Lesezeit":"2\u00a0Minuten"},"schema":{"@context":"https:\/\/schema.org","@graph":[{"@type":"Article","@id":"https:\/\/www.schymik.de\/wordpress\/frauen\/#article","isPartOf":{"@id":"https:\/\/www.schymik.de\/wordpress\/frauen\/"},"author":{"name":"Carsten","@id":"https:\/\/www.schymik.de\/wordpress\/#\/schema\/person\/f4792950b1a3875a57d4fc2380f11e22"},"headline":"Frauen!","datePublished":"2018-03-08T06:19:45+00:00","dateModified":"2018-03-08T09:33:54+00:00","mainEntityOfPage":{"@id":"https:\/\/www.schymik.de\/wordpress\/frauen\/"},"wordCount":488,"commentCount":3,"publisher":{"@id":"https:\/\/www.schymik.de\/wordpress\/#\/schema\/person\/f4792950b1a3875a57d4fc2380f11e22"},"articleSection":["Bike-Tagebuch"],"inLanguage":"de","potentialAction":[{"@type":"CommentAction","name":"Comment","target":["https:\/\/www.schymik.de\/wordpress\/frauen\/#respond"]}]},{"@type":"WebPage","@id":"https:\/\/www.schymik.de\/wordpress\/frauen\/","url":"https:\/\/www.schymik.de\/wordpress\/frauen\/","name":"Frauen! - Transalp Homepage","isPartOf":{"@id":"https:\/\/www.schymik.de\/wordpress\/#website"},"datePublished":"2018-03-08T06:19:45+00:00","dateModified":"2018-03-08T09:33:54+00:00","breadcrumb":{"@id":"https:\/\/www.schymik.de\/wordpress\/frauen\/#breadcrumb"},"inLanguage":"de","potentialAction":[{"@type":"ReadAction","target":["https:\/\/www.schymik.de\/wordpress\/frauen\/"]}]},{"@type":"BreadcrumbList","@id":"https:\/\/www.schymik.de\/wordpress\/frauen\/#breadcrumb","itemListElement":[{"@type":"ListItem","position":1,"name":"Startseite","item":"https:\/\/www.schymik.de\/wordpress\/"},{"@type":"ListItem","position":2,"name":"Frauen!"}]},{"@type":"WebSite","@id":"https:\/\/www.schymik.de\/wordpress\/#website","url":"https:\/\/www.schymik.de\/wordpress\/","name":"Transalp Homepage","description":"Alles rund ums Mountainbike, Alpencross und Bikebergsteigen","publisher":{"@id":"https:\/\/www.schymik.de\/wordpress\/#\/schema\/person\/f4792950b1a3875a57d4fc2380f11e22"},"potentialAction":[{"@type":"SearchAction","target":{"@type":"EntryPoint","urlTemplate":"https:\/\/www.schymik.de\/wordpress\/?s={search_term_string}"},"query-input":"required name=search_term_string"}],"inLanguage":"de"},{"@type":["Person","Organization"],"@id":"https:\/\/www.schymik.de\/wordpress\/#\/schema\/person\/f4792950b1a3875a57d4fc2380f11e22","name":"Carsten","image":{"@type":"ImageObject","inLanguage":"de","@id":"https:\/\/www.schymik.de\/wordpress\/#\/schema\/person\/image\/","url":"https:\/\/www.schymik.de\/wordpress\/wp-content\/Schymik-Carsten-51x51cm.jpg","contentUrl":"https:\/\/www.schymik.de\/wordpress\/wp-content\/Schymik-Carsten-51x51cm.jpg","width":1530,"height":1530,"caption":"Carsten"},"logo":{"@id":"https:\/\/www.schymik.de\/wordpress\/#\/schema\/person\/image\/"},"sameAs":["http:\/\/www.schymik.de","https:\/\/www.facebook.com\/carsten.schymik","https:\/\/www.instagram.com\/carstenschymik\/","https:\/\/www.youtube.com\/@CarstenSchymik"]}]}},"_links":{"self":[{"href":"https:\/\/www.schymik.de\/wordpress\/wp-json\/wp\/v2\/posts\/4207"}],"collection":[{"href":"https:\/\/www.schymik.de\/wordpress\/wp-json\/wp\/v2\/posts"}],"about":[{"href":"https:\/\/www.schymik.de\/wordpress\/wp-json\/wp\/v2\/types\/post"}],"author":[{"embeddable":true,"href":"https:\/\/www.schymik.de\/wordpress\/wp-json\/wp\/v2\/users\/1"}],"replies":[{"embeddable":true,"href":"https:\/\/www.schymik.de\/wordpress\/wp-json\/wp\/v2\/comments?post=4207"}],"version-history":[{"count":5,"href":"https:\/\/www.schymik.de\/wordpress\/wp-json\/wp\/v2\/posts\/4207\/revisions"}],"predecessor-version":[{"id":4212,"href":"https:\/\/www.schymik.de\/wordpress\/wp-json\/wp\/v2\/posts\/4207\/revisions\/4212"}],"wp:attachment":[{"href":"https:\/\/www.schymik.de\/wordpress\/wp-json\/wp\/v2\/media?parent=4207"}],"wp:term":[{"taxonomy":"category","embeddable":true,"href":"https:\/\/www.schymik.de\/wordpress\/wp-json\/wp\/v2\/categories?post=4207"},{"taxonomy":"post_tag","embeddable":true,"href":"https:\/\/www.schymik.de\/wordpress\/wp-json\/wp\/v2\/tags?post=4207"}],"curies":[{"name":"wp","href":"https:\/\/api.w.org\/{rel}","templated":true}]}}