{"id":4214,"date":"2018-09-04T09:55:56","date_gmt":"2018-09-04T08:55:56","guid":{"rendered":"http:\/\/www.schymik.de\/wordpress\/?p=4214"},"modified":"2021-05-03T14:30:34","modified_gmt":"2021-05-03T13:30:34","slug":"im-schlaf","status":"publish","type":"post","link":"https:\/\/www.schymik.de\/wordpress\/im-schlaf\/","title":{"rendered":"im Schlaf"},"content":{"rendered":"<p>Als Brillentr\u00e4ger ist man bei allen Outdoorsportarten viel Leid gewohnt. Beschlagene Brillengl\u00e4ser, Blindflug bei Regen, Schmutz in auf der Kontaktlinse sind die l\u00e4stigen Begleiterscheinungen. Dazu kommt, dass man all die schicken und modischen Sportbrillen nicht oder nur mit Kompromissen aufsetzen kann.<\/p>\n<p><strong>Eingeklipste optische Gl\u00e4ser<\/strong> gibt es zwar, doch meistens sieht man mit diesen Modellen ziemlich komisch aus. Zudem beschlagen diese Modelle noch leichter, da die Luftzikulation rund um die Gl\u00e4ser noch schlechter ist. Und hat man sich mal f\u00fcr das Modell eines Herstellers entschieden, ist man lange an diesen gebunden, denn z.B. Wechselgl\u00e4ser in einer anderen Farbe m\u00fcssen ja denn wieder zum bereits gekauften Brilleneinsatz passen.<\/p>\n<p>\u00dcber 15 Jahre habe ich mich mit dieser L\u00f6sung herumge\u00e4rgert und irgendwann arrangiert, mich an das peinliche Aussehen, die beschlagenen Gl\u00e4ser und die Einschr\u00e4nkungen bei Regen gew\u00f6hnt. Wechselgl\u00e4ser f\u00fcr Sonne, D\u00e4mmerung und Nacht in einer sch\u00f6nen Adidas Evil Eye&#8230;alles sch\u00f6n und gut. Aber sp\u00e4testens wenn mal wieder Beschlag auf den eingeklipsten Zusatztr\u00e4ger war, h\u00e4tte man das gute St\u00fcck am liebsten ins n\u00e4chste Eck gepfeffert.<\/p>\n<p>Den Kauf einer Brille mit optischen Gl\u00e4sern habe ich nie wirklich in Erw\u00e4gung gezogen. Neben Brille f\u00fcrs B\u00fcro, Sonnenbrille mit dunklen Gl\u00e4sern w\u00e4re\u00a0diese Sportbrille mit nur einer T\u00f6nung die dritte, und die mit der andern T\u00f6nung die vierte Brille geworden.<\/p>\n<p>Fazit: kann man machen, muss man aber nicht<\/p>\n<p><strong>Die Alternative Kontaktlinse.<\/strong> Klar, diese Option ist bekannt und beliebt. Von der praktischen Tageslinse bis hin zu Monatslinsen, die man tagelang im Auge belassen kann gibt es unz\u00e4hlige M\u00f6glichkeiten. Die Pflege der Linsen, das Risiko tags\u00fcber Schmutz, Schwei\u00df oder sonst etwas unter die Linse zu bekommen muss einem Bewusst werden. Und wehe wenn man die Linse verliert oder beim Putzen besch\u00e4digt. Ich pers\u00f6nlich habe es jahrelang mit Tageslinsen probiert. F\u00fcr Schwimmbad und Sauna eine praktikable L\u00f6sung, zum Klettern und Skitourengehen hat\u00b4s auch ganz gut funktioniert, aber eine wirkliche Alternative zur Brille waren diese Linsen f\u00fcr mich nie. Ich musste die Tageslinsen bereits nach wenigen Stunden wieder entfernen, weil sie einfach unangenehm bis unertr\u00e4glich zu tragen waren. Zudem musste ich torische Linsen kaufen, um meine Zylinder zu korrigieren. Diese waren wesentlich teurer als solche mit einer reinen Dioptrin-Korrektur. Zudem war die Korrektur nicht hundertprozentig, so dass mein 3D Raumgef\u00fchl beeintr\u00e4chtigt war. Autofahren konnte ich damit eigentlich nicht und auf dem Mountainbike hab ich mich gef\u00fchlt wie ein Affe auf dem Schleifstein. Fazit: komplett unbrauchbar<\/p>\n<p><strong>Die Operation<\/strong> ist, obwohl teuer, sehr beliebt, weit verbreitet und jedermann bekannt. F\u00fcr mich personlich war die Risikoabw\u00e4gung ein wesntlicher Entscheidungsfaktor. Ich habe mich dagegen entschieden. Ich kenne viele Leute, die mit einer Operation sehr zufrieden sind und keine Komplikationen hatten. Mit zunehmendem Alter und einer demn\u00e4chst warscheinlichen Alterskurzsichtigkeit ist die Option der Operation noch weiter weg ger\u00fcckt&#8230;<\/p>\n<p>Es w\u00e4re doch einfach traumhaft, wenn man im Schlaf die Sehschw\u00e4che korrigieren k\u00f6nnte&#8230;.<\/p>\n<figure id=\"attachment_4250\" aria-describedby=\"caption-attachment-4250\" style=\"width: 1024px\" class=\"wp-caption alignleft\"><img decoding=\"async\" loading=\"lazy\" class=\"wp-image-4250 size-large\" src=\"http:\/\/www.schymik.de\/wordpress\/wp-content\/white-2565766_1280-1024x777.jpg\" alt=\"\" width=\"1024\" height=\"777\" srcset=\"https:\/\/www.schymik.de\/wordpress\/wp-content\/white-2565766_1280-1024x777.jpg 1024w, https:\/\/www.schymik.de\/wordpress\/wp-content\/white-2565766_1280-600x455.jpg 600w, https:\/\/www.schymik.de\/wordpress\/wp-content\/white-2565766_1280-300x228.jpg 300w, https:\/\/www.schymik.de\/wordpress\/wp-content\/white-2565766_1280-768x583.jpg 768w, https:\/\/www.schymik.de\/wordpress\/wp-content\/white-2565766_1280-370x281.jpg 370w, https:\/\/www.schymik.de\/wordpress\/wp-content\/white-2565766_1280-1040x789.jpg 1040w, https:\/\/www.schymik.de\/wordpress\/wp-content\/white-2565766_1280.jpg 1280w\" sizes=\"(max-width: 1024px) 100vw, 1024px\" \/><figcaption id=\"caption-attachment-4250\" class=\"wp-caption-text\">Im Schlaf zu scharfem Sehen&#8230;<\/figcaption><\/figure>\n<p>Dieser Traum ist Wirklichkeit und wird mit <a href=\"http:\/\/simons-brillenladen.de\/?page_id=345\" target=\"_blank\" rel=\"noopener noreferrer\">Nachtlinsen<\/a>\u00a0realisiert.<\/p>\n<p><strong>Was sind Nachtlinsen?<\/strong><\/p>\n<p>Nachtlinsen sind sogenannte \u201eorthokeratologische\u201c Kontaktlinsen, die Sehschw\u00e4chen w\u00e4hrend des Schlafs korrigieren. Die Nachtkontaktlinsen bestehen aus stark sauerstoffdurchl\u00e4ssigem Kunststoff. Neben der Versorgung mit Sauerstoff ist die Versorgung der Augen mit Tr\u00e4nenfl\u00fcssigkeit wichtig.<\/p>\n<p>Nachtkontaktlinsen tr\u00e4gt\u00a0man ausschlie\u00dflich\u00a0in der Nacht beim Schlafen. nach dem Einsetzen der Linsen sollte man gleich das Bett aufsuchen, das Licht ausschalten und die Augen schlie\u00dfen. Zwar kann man durch die Linsen uneingeschr\u00e4nkt hindurchsehen, zur Not auch noch eine\u00a0Nachricht auf dem Smartphone\u00a0lesen, aber auf Fernsehen, das rumspielen am Handy oder das Lesen eines Buches sollte man mit den Kontaktlinsen im Auge einfach bleiben lassen. Das tut man auch, denn sie werden\u00a0sehrt schnell unangenehm. Muss man nachts oder fr\u00fchmorgens kurz mal das Bett verlassen, kann es durchaus sein, dass sich ein grauer Schleier gebildet hat. Dieser ist jedoch nach zweimal blinzeln schnell verschwunden. Morgens\u00a0nach dem Aufwachen versp\u00fcrt man in der Regel schnell das Verlangen, die Nachtkontaktlinsen aus dem Auge zu entnehmen. Schnell ein paar Tropfen sterile Kochsalzl\u00f6suung ins Auge und raus damit. Nach Abschluss der Morgenhygiene kann man dann den Kaffee aufsetzen und das Fr\u00fchst\u00fcck vorbereiten. Die volle und scharfe Sehf\u00e4higkeit stellt sich nach ca 20-30 Minuten ein. Erst dann kann man unbeschwert auf\u00b4s Smartphone oder in die Zeitung schauen. Oder man setzt sich gleich aufs Fahrrad, was auch kein Fehler sein soll&#8230;.<\/p>\n<p>Eine dauerhafte Korrektur deiner Sehschw\u00e4che, sodass man irgendwann ganz auf Kontaktlinsen verzichten kannst, erfolgt beim Tragen von Nachtkontaktlinsen nicht. Der Effekt h\u00e4lt ca 14-18 Stunden, maximal 36 Stunden\u00a0lang an. Abends kann es durchaus sein, dass das Fernsehbild etwas unklarer wird oder man beim Autofahren von Scheinwerfern, Stra\u00dfenlaternen und Ampeln geblendet wird. Entfernt man die Linsen komplett regeneriert sich das Auge nach sp\u00e4testens einer Woche und man kann wieder seine gewohnte Brille aufsetzen und tragen.<br \/>\nViele <a href=\"http:\/\/simons-brillenladen.de\/?page_id=186\" target=\"_blank\" rel=\"noopener noreferrer\">Fragen und Antworten<\/a>\u00a0zum Thema Nachtkontaktlinsen.<\/p>\n<figure style=\"width: 1102px\" class=\"wp-caption alignnone\"><img decoding=\"async\" loading=\"lazy\" class=\"size-large\" src=\"https:\/\/www.meistereder.com\/wp-content\/uploads\/2018\/03\/OK-Beratung-Geometrie.jpg\" width=\"1102\" height=\"748\" \/><figcaption class=\"wp-caption-text\">Funktionsweise der Ortho-K Linse<\/figcaption><\/figure>\n<p><a href=\"http:\/\/simons-brillenladen.de\" target=\"_blank\" rel=\"noopener noreferrer\">Mein Optiker<\/a><a href=\"http:\/\/simons-brillenladen.de\/?page_id=186\" target=\"_blank\" rel=\"noopener noreferrer\">\u00a0<\/a>Martin Simon aus S\u00fc\u00dfen hat mir die Nachtlinsen auf einer gemeinsamen Mountainbiketour empfohlen. Ich habe mich dann ein ne ganze Zeitlang an den Gedanken gew\u00f6hnen m\u00fcssen und mich nach fast zwei Jahren dazu durchgerungen, den Versuch zu wagen.<br \/>\nEhrlich gesagt haben mich zun\u00e4chst vor allem die hohen Kosten von ca. 100,-EUR pro Monat abgeschreckt. Alber als im September 2016 sowieso die Anschafffung einer neuen Brille ins Haus stand, habe ich mich f\u00fcr die Nachtlinsen entschieden.<\/p>\n<p>Hier findet Ihr noch weitere <a href=\"https:\/\/www.meistereder.com\/kontaktlinsen\/versorgungsarten\/ortho-keratologie\/\" target=\"_blank\" rel=\"noopener noreferrer\">Erkl\u00e4rungen<\/a> und\u00a0<a href=\"https:\/\/www.test.de\/Ortho-K-Linsen-Nicht-ohne-Risiko-4098146-4098150\/\" target=\"_blank\" rel=\"noopener noreferrer\">Informationen<\/a><\/p>\n<p><strong>Mein Fazit:<\/strong><\/p>\n<p>Ich bin mit der L\u00f6sung nun ziemlich genau zwei Jahre unterwegs. Ich habe die Linsen seit dem jeden Abend in die Augen eingesetzt und morgens wieder raus genommen. Einmal hab ich sie im Urlaub abends vergessen einzusetzen und einmal hatte ich sie bei einer ungeplanten \u00dcbernachtung nicht mit dabei. Man muss also etwas planen und neben den Linsen auch immer die ganzen Pfegemittel mit dabei haben.<\/p>\n<p>Auf mehrt\u00e4gigen Touren mit dem Mountainbike oder mit Tourenski hab ich zum Benetzen der Linsen kleine Apullen mit Kochsalzl\u00f6sung aus der Apotheke mit dabei. Ab und zu muss ein kleiner Kosmetispiegel mitkommen, wenn man keine Sanit\u00e4ren Anlagen zur Verf\u00fcgung hat.<\/p>\n<p>In Summe bin ich jetzt sehr zufrieden und die relativ hohen Kosten sind den Zugewinn an Lebensgef\u00fchl und Freiheit auf jeden Fall wert. Sport treiben ohne Brille (Sehhilfe), stylische Sonnenbrillen kaufen und einfach aufsetzen und endlich im Schwimmbad und in der Sauna alles scharf sehen, was es dort Scharfes zu sehen gibt \ud83d\ude09<\/p>\n","protected":false},"excerpt":{"rendered":"<p>Als Brillentr\u00e4ger ist man bei allen Outdoorsportarten viel Leid gewohnt. Beschlagene Brillengl\u00e4ser, Blindflug bei Regen, Schmutz in auf der Kontaktlinse sind die l\u00e4stigen Begleiterscheinungen. Dazu kommt, dass man all die schicken und modischen Sportbrillen nicht oder nur mit Kompromissen aufsetzen kann. Eingeklipste optische Gl\u00e4ser gibt es zwar, doch meistens sieht man mit diesen Modellen ziemlich [&hellip;]<\/p>\n","protected":false},"author":1,"featured_media":4251,"comment_status":"open","ping_status":"open","sticky":false,"template":"","format":"standard","meta":[],"categories":[1],"tags":[],"yoast_head":"<!-- This site is optimized with the Yoast SEO plugin v21.0 - https:\/\/yoast.com\/wordpress\/plugins\/seo\/ -->\n<title>im Schlaf - Transalp Homepage<\/title>\n<meta name=\"robots\" content=\"index, follow, max-snippet:-1, max-image-preview:large, max-video-preview:-1\" \/>\n<link rel=\"canonical\" href=\"https:\/\/www.schymik.de\/wordpress\/im-schlaf\/\" \/>\n<meta property=\"og:locale\" content=\"de_DE\" \/>\n<meta property=\"og:type\" content=\"article\" \/>\n<meta property=\"og:title\" content=\"im Schlaf - Transalp Homepage\" \/>\n<meta property=\"og:description\" content=\"Als Brillentr\u00e4ger ist man bei allen Outdoorsportarten viel Leid gewohnt. Beschlagene Brillengl\u00e4ser, Blindflug bei Regen, Schmutz in auf der Kontaktlinse sind die l\u00e4stigen Begleiterscheinungen. Dazu kommt, dass man all die schicken und modischen Sportbrillen nicht oder nur mit Kompromissen aufsetzen kann. Eingeklipste optische Gl\u00e4ser gibt es zwar, doch meistens sieht man mit diesen Modellen ziemlich [&hellip;]\" \/>\n<meta property=\"og:url\" content=\"https:\/\/www.schymik.de\/wordpress\/im-schlaf\/\" \/>\n<meta property=\"og:site_name\" content=\"Transalp Homepage\" \/>\n<meta property=\"article:publisher\" content=\"https:\/\/www.facebook.com\/carsten.schymik\" \/>\n<meta property=\"article:author\" content=\"https:\/\/www.facebook.com\/carsten.schymik\" \/>\n<meta property=\"article:published_time\" content=\"2018-09-04T08:55:56+00:00\" \/>\n<meta property=\"article:modified_time\" content=\"2021-05-03T13:30:34+00:00\" \/>\n<meta property=\"og:image\" content=\"https:\/\/www.schymik.de\/wordpress\/wp-content\/P1120237.jpg\" \/>\n\t<meta property=\"og:image:width\" content=\"1200\" \/>\n\t<meta property=\"og:image:height\" content=\"675\" \/>\n\t<meta property=\"og:image:type\" content=\"image\/jpeg\" \/>\n<meta name=\"author\" content=\"Carsten\" \/>\n<meta name=\"twitter:card\" content=\"summary_large_image\" \/>\n<meta name=\"twitter:label1\" content=\"Verfasst von\" \/>\n\t<meta name=\"twitter:data1\" content=\"Carsten\" \/>\n\t<meta name=\"twitter:label2\" content=\"Gesch\u00e4tzte Lesezeit\" \/>\n\t<meta name=\"twitter:data2\" content=\"6\u00a0Minuten\" \/>\n<script type=\"application\/ld+json\" class=\"yoast-schema-graph\">{\"@context\":\"https:\/\/schema.org\",\"@graph\":[{\"@type\":\"Article\",\"@id\":\"https:\/\/www.schymik.de\/wordpress\/im-schlaf\/#article\",\"isPartOf\":{\"@id\":\"https:\/\/www.schymik.de\/wordpress\/im-schlaf\/\"},\"author\":{\"name\":\"Carsten\",\"@id\":\"https:\/\/www.schymik.de\/wordpress\/#\/schema\/person\/f4792950b1a3875a57d4fc2380f11e22\"},\"headline\":\"im Schlaf\",\"datePublished\":\"2018-09-04T08:55:56+00:00\",\"dateModified\":\"2021-05-03T13:30:34+00:00\",\"mainEntityOfPage\":{\"@id\":\"https:\/\/www.schymik.de\/wordpress\/im-schlaf\/\"},\"wordCount\":1127,\"commentCount\":0,\"publisher\":{\"@id\":\"https:\/\/www.schymik.de\/wordpress\/#\/schema\/person\/f4792950b1a3875a57d4fc2380f11e22\"},\"articleSection\":[\"Bike-Tagebuch\"],\"inLanguage\":\"de\",\"potentialAction\":[{\"@type\":\"CommentAction\",\"name\":\"Comment\",\"target\":[\"https:\/\/www.schymik.de\/wordpress\/im-schlaf\/#respond\"]}]},{\"@type\":\"WebPage\",\"@id\":\"https:\/\/www.schymik.de\/wordpress\/im-schlaf\/\",\"url\":\"https:\/\/www.schymik.de\/wordpress\/im-schlaf\/\",\"name\":\"im Schlaf - Transalp Homepage\",\"isPartOf\":{\"@id\":\"https:\/\/www.schymik.de\/wordpress\/#website\"},\"datePublished\":\"2018-09-04T08:55:56+00:00\",\"dateModified\":\"2021-05-03T13:30:34+00:00\",\"breadcrumb\":{\"@id\":\"https:\/\/www.schymik.de\/wordpress\/im-schlaf\/#breadcrumb\"},\"inLanguage\":\"de\",\"potentialAction\":[{\"@type\":\"ReadAction\",\"target\":[\"https:\/\/www.schymik.de\/wordpress\/im-schlaf\/\"]}]},{\"@type\":\"BreadcrumbList\",\"@id\":\"https:\/\/www.schymik.de\/wordpress\/im-schlaf\/#breadcrumb\",\"itemListElement\":[{\"@type\":\"ListItem\",\"position\":1,\"name\":\"Startseite\",\"item\":\"https:\/\/www.schymik.de\/wordpress\/\"},{\"@type\":\"ListItem\",\"position\":2,\"name\":\"im Schlaf\"}]},{\"@type\":\"WebSite\",\"@id\":\"https:\/\/www.schymik.de\/wordpress\/#website\",\"url\":\"https:\/\/www.schymik.de\/wordpress\/\",\"name\":\"Transalp Homepage\",\"description\":\"Alles rund ums Mountainbike, Alpencross und Bikebergsteigen\",\"publisher\":{\"@id\":\"https:\/\/www.schymik.de\/wordpress\/#\/schema\/person\/f4792950b1a3875a57d4fc2380f11e22\"},\"potentialAction\":[{\"@type\":\"SearchAction\",\"target\":{\"@type\":\"EntryPoint\",\"urlTemplate\":\"https:\/\/www.schymik.de\/wordpress\/?s={search_term_string}\"},\"query-input\":\"required name=search_term_string\"}],\"inLanguage\":\"de\"},{\"@type\":[\"Person\",\"Organization\"],\"@id\":\"https:\/\/www.schymik.de\/wordpress\/#\/schema\/person\/f4792950b1a3875a57d4fc2380f11e22\",\"name\":\"Carsten\",\"image\":{\"@type\":\"ImageObject\",\"inLanguage\":\"de\",\"@id\":\"https:\/\/www.schymik.de\/wordpress\/#\/schema\/person\/image\/\",\"url\":\"https:\/\/www.schymik.de\/wordpress\/wp-content\/Schymik-Carsten-51x51cm.jpg\",\"contentUrl\":\"https:\/\/www.schymik.de\/wordpress\/wp-content\/Schymik-Carsten-51x51cm.jpg\",\"width\":1530,\"height\":1530,\"caption\":\"Carsten\"},\"logo\":{\"@id\":\"https:\/\/www.schymik.de\/wordpress\/#\/schema\/person\/image\/\"},\"sameAs\":[\"http:\/\/www.schymik.de\",\"https:\/\/www.facebook.com\/carsten.schymik\",\"https:\/\/www.instagram.com\/carstenschymik\/\",\"https:\/\/www.youtube.com\/@CarstenSchymik\"]}]}<\/script>\n<!-- \/ Yoast SEO plugin. -->","yoast_head_json":{"title":"im Schlaf - Transalp Homepage","robots":{"index":"index","follow":"follow","max-snippet":"max-snippet:-1","max-image-preview":"max-image-preview:large","max-video-preview":"max-video-preview:-1"},"canonical":"https:\/\/www.schymik.de\/wordpress\/im-schlaf\/","og_locale":"de_DE","og_type":"article","og_title":"im Schlaf - Transalp Homepage","og_description":"Als Brillentr\u00e4ger ist man bei allen Outdoorsportarten viel Leid gewohnt. Beschlagene Brillengl\u00e4ser, Blindflug bei Regen, Schmutz in auf der Kontaktlinse sind die l\u00e4stigen Begleiterscheinungen. Dazu kommt, dass man all die schicken und modischen Sportbrillen nicht oder nur mit Kompromissen aufsetzen kann. Eingeklipste optische Gl\u00e4ser gibt es zwar, doch meistens sieht man mit diesen Modellen ziemlich [&hellip;]","og_url":"https:\/\/www.schymik.de\/wordpress\/im-schlaf\/","og_site_name":"Transalp Homepage","article_publisher":"https:\/\/www.facebook.com\/carsten.schymik","article_author":"https:\/\/www.facebook.com\/carsten.schymik","article_published_time":"2018-09-04T08:55:56+00:00","article_modified_time":"2021-05-03T13:30:34+00:00","og_image":[{"width":1200,"height":675,"url":"https:\/\/www.schymik.de\/wordpress\/wp-content\/P1120237.jpg","type":"image\/jpeg"}],"author":"Carsten","twitter_card":"summary_large_image","twitter_misc":{"Verfasst von":"Carsten","Gesch\u00e4tzte Lesezeit":"6\u00a0Minuten"},"schema":{"@context":"https:\/\/schema.org","@graph":[{"@type":"Article","@id":"https:\/\/www.schymik.de\/wordpress\/im-schlaf\/#article","isPartOf":{"@id":"https:\/\/www.schymik.de\/wordpress\/im-schlaf\/"},"author":{"name":"Carsten","@id":"https:\/\/www.schymik.de\/wordpress\/#\/schema\/person\/f4792950b1a3875a57d4fc2380f11e22"},"headline":"im Schlaf","datePublished":"2018-09-04T08:55:56+00:00","dateModified":"2021-05-03T13:30:34+00:00","mainEntityOfPage":{"@id":"https:\/\/www.schymik.de\/wordpress\/im-schlaf\/"},"wordCount":1127,"commentCount":0,"publisher":{"@id":"https:\/\/www.schymik.de\/wordpress\/#\/schema\/person\/f4792950b1a3875a57d4fc2380f11e22"},"articleSection":["Bike-Tagebuch"],"inLanguage":"de","potentialAction":[{"@type":"CommentAction","name":"Comment","target":["https:\/\/www.schymik.de\/wordpress\/im-schlaf\/#respond"]}]},{"@type":"WebPage","@id":"https:\/\/www.schymik.de\/wordpress\/im-schlaf\/","url":"https:\/\/www.schymik.de\/wordpress\/im-schlaf\/","name":"im Schlaf - Transalp Homepage","isPartOf":{"@id":"https:\/\/www.schymik.de\/wordpress\/#website"},"datePublished":"2018-09-04T08:55:56+00:00","dateModified":"2021-05-03T13:30:34+00:00","breadcrumb":{"@id":"https:\/\/www.schymik.de\/wordpress\/im-schlaf\/#breadcrumb"},"inLanguage":"de","potentialAction":[{"@type":"ReadAction","target":["https:\/\/www.schymik.de\/wordpress\/im-schlaf\/"]}]},{"@type":"BreadcrumbList","@id":"https:\/\/www.schymik.de\/wordpress\/im-schlaf\/#breadcrumb","itemListElement":[{"@type":"ListItem","position":1,"name":"Startseite","item":"https:\/\/www.schymik.de\/wordpress\/"},{"@type":"ListItem","position":2,"name":"im Schlaf"}]},{"@type":"WebSite","@id":"https:\/\/www.schymik.de\/wordpress\/#website","url":"https:\/\/www.schymik.de\/wordpress\/","name":"Transalp Homepage","description":"Alles rund ums Mountainbike, Alpencross und Bikebergsteigen","publisher":{"@id":"https:\/\/www.schymik.de\/wordpress\/#\/schema\/person\/f4792950b1a3875a57d4fc2380f11e22"},"potentialAction":[{"@type":"SearchAction","target":{"@type":"EntryPoint","urlTemplate":"https:\/\/www.schymik.de\/wordpress\/?s={search_term_string}"},"query-input":"required name=search_term_string"}],"inLanguage":"de"},{"@type":["Person","Organization"],"@id":"https:\/\/www.schymik.de\/wordpress\/#\/schema\/person\/f4792950b1a3875a57d4fc2380f11e22","name":"Carsten","image":{"@type":"ImageObject","inLanguage":"de","@id":"https:\/\/www.schymik.de\/wordpress\/#\/schema\/person\/image\/","url":"https:\/\/www.schymik.de\/wordpress\/wp-content\/Schymik-Carsten-51x51cm.jpg","contentUrl":"https:\/\/www.schymik.de\/wordpress\/wp-content\/Schymik-Carsten-51x51cm.jpg","width":1530,"height":1530,"caption":"Carsten"},"logo":{"@id":"https:\/\/www.schymik.de\/wordpress\/#\/schema\/person\/image\/"},"sameAs":["http:\/\/www.schymik.de","https:\/\/www.facebook.com\/carsten.schymik","https:\/\/www.instagram.com\/carstenschymik\/","https:\/\/www.youtube.com\/@CarstenSchymik"]}]}},"_links":{"self":[{"href":"https:\/\/www.schymik.de\/wordpress\/wp-json\/wp\/v2\/posts\/4214"}],"collection":[{"href":"https:\/\/www.schymik.de\/wordpress\/wp-json\/wp\/v2\/posts"}],"about":[{"href":"https:\/\/www.schymik.de\/wordpress\/wp-json\/wp\/v2\/types\/post"}],"author":[{"embeddable":true,"href":"https:\/\/www.schymik.de\/wordpress\/wp-json\/wp\/v2\/users\/1"}],"replies":[{"embeddable":true,"href":"https:\/\/www.schymik.de\/wordpress\/wp-json\/wp\/v2\/comments?post=4214"}],"version-history":[{"count":9,"href":"https:\/\/www.schymik.de\/wordpress\/wp-json\/wp\/v2\/posts\/4214\/revisions"}],"predecessor-version":[{"id":4989,"href":"https:\/\/www.schymik.de\/wordpress\/wp-json\/wp\/v2\/posts\/4214\/revisions\/4989"}],"wp:featuredmedia":[{"embeddable":true,"href":"https:\/\/www.schymik.de\/wordpress\/wp-json\/wp\/v2\/media\/4251"}],"wp:attachment":[{"href":"https:\/\/www.schymik.de\/wordpress\/wp-json\/wp\/v2\/media?parent=4214"}],"wp:term":[{"taxonomy":"category","embeddable":true,"href":"https:\/\/www.schymik.de\/wordpress\/wp-json\/wp\/v2\/categories?post=4214"},{"taxonomy":"post_tag","embeddable":true,"href":"https:\/\/www.schymik.de\/wordpress\/wp-json\/wp\/v2\/tags?post=4214"}],"curies":[{"name":"wp","href":"https:\/\/api.w.org\/{rel}","templated":true}]}}