{"id":43,"date":"2006-07-23T08:22:07","date_gmt":"2006-07-23T06:22:07","guid":{"rendered":"http:\/\/www.schymik.de\/wordpress\/?p=43"},"modified":"2010-06-21T18:49:37","modified_gmt":"2010-06-21T17:49:37","slug":"tag-2-hanauer-hutte-braunschwaiger-hutte","status":"publish","type":"post","link":"https:\/\/www.schymik.de\/wordpress\/tag-2-hanauer-hutte-braunschwaiger-hutte\/","title":{"rendered":"Tag 2 Hanauer H\u00fctte &#8211; Braunschweiger H\u00fctte"},"content":{"rendered":"<p>Mein R\u00fccken schmerzt. Seit \u00fcber einer Stunde schleppe ich das 15 kg schwere Bike durch ein nicht enden wollendes Ger\u00f6llfeld nach oben. Die F\u00fc\u00dfe Schmerzen ebenfalls, auf den  gestrigen Tragepassagen habe ich mir heftige Blasen an den Fersen eingefangen. Einen Schritt vorw\u00e4rts, einen halben zur\u00fcck. So geht es die ganze Zeit. Dave und Harry k\u00e4mpfen ein paar Meter \u00fcber mir mit der rutschigen Masse. Ich komme mir vor wie auf einer Reise auf einem anderen Planeten. Den Wanderern die uns begegnen scheint es auch so zu gehen, sie starren uns an wie Au\u00dferirdische.<\/p>\n<p>Harry: &#8220;Auf den ersten hundert H\u00f6henmetern musste man ziemlich aufpassen, dass man auf keinen  Bergsalamander tritt. Ich war total begeistert. Ich hatte noch nie so viele von diesen Tierchen gesehen.&#8221;<\/p>\n<p>Dave: &#8220;Ich bin mal wieder begeistert von der Tragetechnik der Vertrider. Erst so werden unsere ersten Etappen vern\u00fcnftig realisierbar!<br \/>\nDas Unterrohr liegt dabei so stabil auf der Schulter, dass ich sogar \u00e2\u20ac\u017efreih\u00e4ndig\u00e2\u20ac\u0153 den Anstieg bezwingen kann und eine Flasche in meiner Hosentasche deponiere, um unterwegs zu trinken &#8230; und den R\u00fccken ein klein wenig zu entlasten.<br \/>\nAnstrengend ist es ja nat\u00fcrlich trotzdem ein wenig. Aber die Last f\u00fchlt sich einfach nur so an wie ein schwerer Rucksack. Und irgendwie liegt mir das Tragen, auch wenn ich mich frage, ob ich an Stelle des Stra\u00dfentrainings nicht vielleicht eher im Studio den R\u00fccken h\u00e4tte st\u00e4rken sollen! ;-)&#8221;<br \/>\nIrgendwann f\u00e4ngt jedoch auch diese Tragetechnik an unbequem zu werden. In den n\u00e4chsten Tagen gehen wir daher dazu \u00fcber, die Protektoren am Unterrohr zu befestigen. So erh\u00f6ht sich die Auflagefl\u00e4che und macht die Sache deutlich bequemer!<br \/>\nDie ganze Nacht hatte es geregnet, jetzt ist der Himmel bew\u00f6lkt und die Temperaturen sind mit knapp \u00fcber 10\u00b0C ganz angenehm f\u00fcr die Schinderei. Die Feuchtigkeit im Ger\u00f6ll macht die Sache auch etwas griffiger, so dass wir die 500 H\u00f6henmeter hinauf zur westlichen Dremelscharte irgendwann hinter uns gebracht haben. Was wird uns dort oben erwarten? Auf den letzten Metern steigt die Spannung. Ein besonderes Erlebnis, wenn man ungew\u00f6hnliche P\u00e4sse probiert, die nicht schon Hunderte vor uns mit dem Bike versucht haben.<br \/>\nIch blicke \u00fcber die Kante hinab zum Steinsee\u00e2\u20ac\u00a6ein g\u00e4hnender Abgrund tut sich auf. Eine enge Ger\u00f6llrinne f\u00fchrt nach unten, in der Mitte baumelt ein Stahlsteil. Ich sch\u00e4tze 200 H\u00f6henmeter Abgrund sind zu meistern. Zu unserm Gl\u00fcck beginnt es nun auch noch zu regnen. Nach ein paar Schartenfotos starten wir.  Der Abstieg beginnt. Die Bergstiefel sinken tief ein im Ger\u00f6ll, jeder Schritt l\u00f6st eine kleine Ger\u00f6lllawine aus, das Stahlseil nutzen wir dennoch nur ab und zu zum Festhalten.<\/p>\n<p><img decoding=\"async\" title=\"westliche Dremelscharte\" src=\"http:\/\/schymik.de\/ac06\/frax06_003.jpg\" alt=\"westliche Dremelscharte\" \/><\/p>\n<p>Blick von der westlichen Dremelscharte zum Steinsee<br \/>\nZu allem \u00dcberfluss kommen jetzt an die 40 Wanderer die Rinne hoch. Wir warten erst einmal ab, denn der Steinschlag, den wir bei jeder Bewegung ausl\u00f6sen k\u00f6nnen ist zu gef\u00e4hrlich f\u00fcr die Leute weiter unten. Dann tut sich eine L\u00fccke auf, wir arbeiten uns weiter nach unten vor. An einigen Steilstellen m\u00fcssen wir jetzt doch das Stahlseil zur Hilfe nehmen. Doch nach einer halben Stunde Turnerei ist es geschafft. Der Regen hat ebenfalls nachgelassen. Fortan f\u00fchrt ein durchgehend fahrbarer Trail hinab zum Steinsee. Schade, dass es heute k\u00fchl und regnerisch ist, denn das blaue Wasser l\u00e4dt hier eigentlich zu einer kurzen Badepause ein. Statt dessen zweigen wir schon vor dem See in Richtung Steinseeh\u00fctte ab. Und wieder das gleiche Spiel wie gestern Abend an der Hanauer H\u00fctte: die G\u00e4ste und der Wirt kommen heraus und wollen wissen wo wir denn pl\u00f6tzlich herkommen. Aha, von der Dremelscharte, wir m\u00fcssen verr\u00fcckt sein, hei\u00dft es. Kann schon sein. Jedenfalls sind die Reaktionen auf unser Erscheinen an diesem Ort freundlich \u00fcberrascht und keinesfalls feindselig.<br \/>\nNach kurzem Stopp fahren wir weiter und genie\u00dfen eine Singletrailabfahrt der Spitzenklasse auf einem flowigen Trail mit unz\u00e4hligen Schl\u00fcsselstellen in Kehren und an Stufen. Wanderer sind auf diesem Abschnitt heute Morgen bis auf 4 keine unterwegs.<br \/>\nAb der Talstation der Materialseilbahn geht der Trail in einen breiteren Weg \u00fcber. Dieser f\u00fchrt in Wellen und engen Kehren durch den Latschenkiefernwald. Zahlreiche Buckel verleiten uns zu einer wahren Sprungorgie. Diese Abfahrt ist der pure Spa\u00df. Langsam wird das Wetter besser und wir erreichen einen Forstweg. Wir haben jetzt \u00fcber 1.000 H\u00f6henmeter Abfahrtsspa\u00df hinter uns. Die Schinderei hinauf zur Dremelscharte hat sich gelohnt.<br \/>\nJetzt wollen wir eigentlich den Wanderweg nach Starkenbach befahren, doch dieser ist leider gesperrt. Da es ziemlich senkrecht in den Bergwald hinein geht und wir nicht wissen, warum der Weg versperrt ist, entschlie\u00dfen wir uns schweren Herzens den Schotterweg in Richtung Zams zu nehmen. Steil f\u00fchrt dieser nach unten und endet schlie\u00dflich in einem Steinbruch.<br \/>\nUnser Versuch hier den Inn auf einer Br\u00fccke zu queren scheitert an der mit einem Radfahrverbot belegten Autobahnauffahrt. Daher m\u00fcssen wir bis nach Starkenbach auf die Bundesstra\u00dfe 171 ausweichen, bis wir schlie\u00dflich auf den Inntalradwanderweg gelangen k\u00f6nnen. Dieser f\u00fchrt uns schnell nach Imst.<br \/>\nHier fahren wir auf dem Pitztal-Mountainbike-Track nach Arzl hinauf. Dort wollen wir eigentlich etwas essen, finden aber keine ansprechende Lokalit\u00e4t im Ort. Also geht es weiter hinauf nach Wenns. Es ist jetzt schw\u00fclwarm und unertr\u00e4glich dr\u00fcckend. Ich f\u00fchle mich wie in einem r\u00f6mischen Dampfbad. Die Moutainbikeroute ist nach einigen Kilometern auch noch von einer Baustelle versperrt, die wir umst\u00e4ndlich umtragen m\u00fcssen. Wir h\u00e4tten hier besser auf der Stra\u00dfe bleiben sollen. Dann w\u00e4ren wir den plagenden Bremsen auch eher entgangen!<br \/>\nIn Wenns finden wir endlich eine Pizzeria und beschlie\u00dfen sogleich den Rest des Pitztales mit dem Bus zu bew\u00e4ltigen. Schlie\u00dflich machen wir eine Hochgebirgstour und keinen Radtourismus im Talgrund.<br \/>\nGleich nach dem Mittagessen h\u00e4ngen unsere Bikes am Hecktr\u00e4ger des \u00d6PNV. Wir fahren die 35 km hinauf bis Mittelberg. Zahlreiche Wanderer tun es uns gleich und steigen gemeinsam mit uns aus. Wir radeln gem\u00fctlich weiter hinauf bis zum Gasthof Gletscherst\u00fcble. Ab hier erwartet uns ein heftiger Anstieg hinauf zur Braunschweiger H\u00fctte. 850 H\u00f6henmeter Tragen sind angesagt\u00e2\u20ac\u00a6mindestens. 2 Stunden, dann ist es 18.30 Uhr, das passt genau zum Abendessen. Die Idee die Bikes in der wackeligen Materialseilbahn zu verstauen verwerfen wir gleich wieder und machen uns auf den Weg entlang des Wasserfalls, in dem das Schmelzwasser des Pitztaler Gletschers ins Tal hinab donnert. Das eiskalte und fein zerst\u00e4ubte Wasser k\u00fchlt die Luft und macht die Tragepassage zumindest von den Temperaturen her ertr\u00e4glich. Von den Wanderern, die uns begegnen werden wir wieder einmal bewundert oder mit einem L\u00e4cheln auf den Lippen einfach f\u00fcr v\u00f6llig verr\u00fcckt erkl\u00e4rt.<br \/>\nDave: &#8220;Ein Wanderer \u00fcberholt mich im Laufschritt. Anscheinend will er den Aufstiegsrekord brechen! Auf jeden Fall meint er im Vorbeigehen mit ernster Miene: \u00e2\u20ac\u017e\u00dcbertreiben kann man\u00e2\u20ac\u2122s immer!\u00e2\u20ac\u0153 Im ersten Moment fasse ich es als kritische Bemerkung auf, doch dann schaut er verschmitzt und h\u00e4lt seinen Daumen demonstrativ nach oben!&#8221;<br \/>\n\u00dcberrascht bin ich auch von den Reaktionen eines Wanderpaares, welches uns entgegenkommt. Der Mann dreht sich auf einmal wieder um und l\u00e4uft hinter Harry her, welcher ein St\u00fcck voraus l\u00e4uft! Ich vermute schon, dass Harry etwas verloren hat, bis der Wanderer auf einmal seine Kamera hervorholt und Fotos von ihm und anschlie\u00dfend auch von uns macht.<\/p>\n<p>Harry:&#8221;Geschafft von dem schw\u00fcl warmen Wetter, sowie dem kr\u00e4fteraubenden Pitztalradweg bis nach Wenns und der einschl\u00e4fernden Busfahrt wollte ich mich eigentlich nicht noch die fast 900 H\u00f6henmeter zur Braunschweiger H\u00fctte raufqu\u00e4len. Doch es war einfach zu fr\u00fch, um nach einem Zimmer zu fragen.&#8221;<br \/>\nIrgendwann \u00f6ffnet sich der Blick auf den Pitztaler Gletscher. Atemberaubend liegt er im Abendlicht und schmilzt langsam vor sich hin. Schade drum! Viel schlimmer noch, dass dieses wildromantische Tal in wenigen Jahren schon zu einer Skipiste verunstaltet werden soll. Dann gibt es Ger\u00f6ll und Erosion statt Gletscherbach und Felslandschaft. Es lebe der Kommerz!<\/p>\n<p><img decoding=\"async\" title=\"Wanderung zur Braunschwaiger H\u00fctte\" src=\"http:\/\/schymik.de\/ac06\/frax06_004.jpg\" alt=\"Wanderung zur Braunschwaiger H\u00fctte\" \/><br \/>\nWanderung zur Braunschwaiger H\u00fctte<br \/>\nAtemberaubend auch die H\u00f6he. Ab 2.500 m k\u00e4mpfe ich merklich mit der d\u00fcnnen Luft. Schlie\u00dflich erreichen wir die 2.758 m hoch gelegene H\u00fctte. Harrys nicht ganz ernst gemeinte Frage nach dem Radst\u00e4nder l\u00f6st bei den Anwesenden schallendes Gel\u00e4chter aus.<br \/>\nDave: &#8220;Die Ankunft auf dieser bei Bikern eher untypischen H\u00fctte f\u00e4llt wieder ziemlich herzlich aus! Noch etwas weiter von der H\u00fctte entfernt, geht auf den letzten H\u00f6henmetern oben auf einmal ein Fenster auf und ein Wanderer bekundet mir lauthals seinen Respekt vor unserer Leistung.&#8221;<\/p>\n<p>Beim gem\u00fctlichen Beisammensitzen in der H\u00fctte knalle ich mit einer meiner Blasen an einen Heizk\u00f6rper. Ein Schrei durchst\u00f6\u00dft die Gaststube, das Blut l\u00e4uft. Ich glaube morgen muss ich die Sache irgendwie medizinisch versorgen. Kurz nach dem Essen erstrahlen die Berge in der untergehenden Sonne. Ich renne trotz der K\u00e4lte drau\u00dfen rum und schie\u00dfe unz\u00e4hlige Fotos.<\/p>\n<p><img decoding=\"async\" title=\"Abendstimmung\" src=\"http:\/\/schymik.de\/ac06\/frax06_005.jpg\" alt=\"Abendstimmung\" \/><\/p>\n<p>Weiter zu <a title=\"Tag 3\" href=\"http:\/\/www.schymik.de\/wordpress\/\/?p=44\">Tag 3<br \/>\n<\/a><\/p>\n<p>Alle Fotos von <a title=\"Fotos Tag1\" href=\"http:\/\/www.schymik.de\/fotodb\/search.php?search_keywords=FRAX_06_02\">Tag 2<\/a><\/p>\n<p>Hier unser <a title=\"Karte\" href=\"http:\/\/home.arcor.de\/schymik\/FRAX_tag2.jpg\" target=\"_blank\">Streckenverlauf<\/a><\/p>\n<p>H\u00f6hendiagramm <a title=\"H\u00f6he\" href=\"http:\/\/schymik.de\/ac06\/HD_FRAX_Tag02_resize.jpg\">Tag 2<\/a><\/p>\n<p><strong>Strecke:<\/strong><\/p>\n<p>Hanauer H\u00fctte<\/p>\n<p>westliche Dremelscharte<\/p>\n<p>Steinseeh\u00fctte<\/p>\n<p>Inntal<\/p>\n<p>Imst<\/p>\n<p>Pitztal<\/p>\n<p>Braunschweiger H\u00fctte<\/p>\n<p><a title=\"Fotos Tag1\" href=\"http:\/\/trailhunter.davedesign.de\/gallery\/search.php?search_keywords=FRAX2006%20AND%20Tag2\" target=\"_blank\"><\/a><\/p>\n<p><a title=\"Fotos Tag1\" href=\"http:\/\/trailhunter.davedesign.de\/gallery\/search.php?search_keywords=FRAX2006%20AND%20Tag2\" target=\"_blank\"> <\/a><strong>\u00dcbernachtung:<\/strong><\/p>\n<p>Braunschweiger H\u00fctte (2758m) Tel. 0043\/664\/5353722<a title=\"Fotos Tag1\" href=\"http:\/\/trailhunter.davedesign.de\/gallery\/search.php?search_keywords=FRAX2006%20AND%20Tag2\" target=\"_blank\"> <\/a><\/p>\n","protected":false},"excerpt":{"rendered":"<p>Mein R\u00fccken schmerzt. Seit \u00fcber einer Stunde schleppe ich das 15 kg schwere Bike durch ein nicht enden wollendes Ger\u00f6llfeld nach oben. Die F\u00fc\u00dfe Schmerzen ebenfalls, auf den gestrigen Tragepassagen habe ich mir heftige Blasen an den Fersen eingefangen. Einen Schritt vorw\u00e4rts, einen halben zur\u00fcck. So geht es die ganze Zeit. Dave und Harry k\u00e4mpfen [&hellip;]<\/p>\n","protected":false},"author":1,"featured_media":0,"comment_status":"closed","ping_status":"closed","sticky":false,"template":"","format":"standard","meta":[],"categories":[4],"tags":[],"yoast_head":"<!-- This site is optimized with the Yoast SEO plugin v21.0 - https:\/\/yoast.com\/wordpress\/plugins\/seo\/ -->\n<title>Tag 2 Hanauer H\u00fctte - Braunschweiger H\u00fctte - Transalp Homepage<\/title>\n<meta name=\"robots\" content=\"index, follow, max-snippet:-1, max-image-preview:large, max-video-preview:-1\" \/>\n<link rel=\"canonical\" href=\"https:\/\/www.schymik.de\/wordpress\/tag-2-hanauer-hutte-braunschwaiger-hutte\/\" \/>\n<meta property=\"og:locale\" content=\"de_DE\" \/>\n<meta property=\"og:type\" content=\"article\" \/>\n<meta property=\"og:title\" content=\"Tag 2 Hanauer H\u00fctte - Braunschweiger H\u00fctte - Transalp Homepage\" \/>\n<meta property=\"og:description\" content=\"Mein R\u00fccken schmerzt. Seit \u00fcber einer Stunde schleppe ich das 15 kg schwere Bike durch ein nicht enden wollendes Ger\u00f6llfeld nach oben. Die F\u00fc\u00dfe Schmerzen ebenfalls, auf den gestrigen Tragepassagen habe ich mir heftige Blasen an den Fersen eingefangen. Einen Schritt vorw\u00e4rts, einen halben zur\u00fcck. So geht es die ganze Zeit. Dave und Harry k\u00e4mpfen [&hellip;]\" \/>\n<meta property=\"og:url\" content=\"https:\/\/www.schymik.de\/wordpress\/tag-2-hanauer-hutte-braunschwaiger-hutte\/\" \/>\n<meta property=\"og:site_name\" content=\"Transalp Homepage\" \/>\n<meta property=\"article:publisher\" content=\"https:\/\/www.facebook.com\/carsten.schymik\" \/>\n<meta property=\"article:author\" content=\"https:\/\/www.facebook.com\/carsten.schymik\" \/>\n<meta property=\"article:published_time\" content=\"2006-07-23T06:22:07+00:00\" \/>\n<meta property=\"article:modified_time\" content=\"2010-06-21T17:49:37+00:00\" \/>\n<meta property=\"og:image\" content=\"http:\/\/schymik.de\/ac06\/frax06_003.jpg\" \/>\n<meta name=\"author\" content=\"Carsten\" \/>\n<meta name=\"twitter:card\" content=\"summary_large_image\" \/>\n<meta name=\"twitter:label1\" content=\"Verfasst von\" \/>\n\t<meta name=\"twitter:data1\" content=\"Carsten\" \/>\n\t<meta name=\"twitter:label2\" content=\"Gesch\u00e4tzte Lesezeit\" \/>\n\t<meta name=\"twitter:data2\" content=\"8\u00a0Minuten\" \/>\n<script type=\"application\/ld+json\" class=\"yoast-schema-graph\">{\"@context\":\"https:\/\/schema.org\",\"@graph\":[{\"@type\":\"Article\",\"@id\":\"https:\/\/www.schymik.de\/wordpress\/tag-2-hanauer-hutte-braunschwaiger-hutte\/#article\",\"isPartOf\":{\"@id\":\"https:\/\/www.schymik.de\/wordpress\/tag-2-hanauer-hutte-braunschwaiger-hutte\/\"},\"author\":{\"name\":\"Carsten\",\"@id\":\"https:\/\/www.schymik.de\/wordpress\/#\/schema\/person\/f4792950b1a3875a57d4fc2380f11e22\"},\"headline\":\"Tag 2 Hanauer H\u00fctte &#8211; Braunschweiger H\u00fctte\",\"datePublished\":\"2006-07-23T06:22:07+00:00\",\"dateModified\":\"2010-06-21T17:49:37+00:00\",\"mainEntityOfPage\":{\"@id\":\"https:\/\/www.schymik.de\/wordpress\/tag-2-hanauer-hutte-braunschwaiger-hutte\/\"},\"wordCount\":1551,\"publisher\":{\"@id\":\"https:\/\/www.schymik.de\/wordpress\/#\/schema\/person\/f4792950b1a3875a57d4fc2380f11e22\"},\"articleSection\":[\"2006 FRAX\"],\"inLanguage\":\"de\"},{\"@type\":\"WebPage\",\"@id\":\"https:\/\/www.schymik.de\/wordpress\/tag-2-hanauer-hutte-braunschwaiger-hutte\/\",\"url\":\"https:\/\/www.schymik.de\/wordpress\/tag-2-hanauer-hutte-braunschwaiger-hutte\/\",\"name\":\"Tag 2 Hanauer H\u00fctte - Braunschweiger H\u00fctte - Transalp Homepage\",\"isPartOf\":{\"@id\":\"https:\/\/www.schymik.de\/wordpress\/#website\"},\"datePublished\":\"2006-07-23T06:22:07+00:00\",\"dateModified\":\"2010-06-21T17:49:37+00:00\",\"breadcrumb\":{\"@id\":\"https:\/\/www.schymik.de\/wordpress\/tag-2-hanauer-hutte-braunschwaiger-hutte\/#breadcrumb\"},\"inLanguage\":\"de\",\"potentialAction\":[{\"@type\":\"ReadAction\",\"target\":[\"https:\/\/www.schymik.de\/wordpress\/tag-2-hanauer-hutte-braunschwaiger-hutte\/\"]}]},{\"@type\":\"BreadcrumbList\",\"@id\":\"https:\/\/www.schymik.de\/wordpress\/tag-2-hanauer-hutte-braunschwaiger-hutte\/#breadcrumb\",\"itemListElement\":[{\"@type\":\"ListItem\",\"position\":1,\"name\":\"Startseite\",\"item\":\"https:\/\/www.schymik.de\/wordpress\/\"},{\"@type\":\"ListItem\",\"position\":2,\"name\":\"Tag 2 Hanauer H\u00fctte &#8211; Braunschweiger H\u00fctte\"}]},{\"@type\":\"WebSite\",\"@id\":\"https:\/\/www.schymik.de\/wordpress\/#website\",\"url\":\"https:\/\/www.schymik.de\/wordpress\/\",\"name\":\"Transalp Homepage\",\"description\":\"Alles rund ums Mountainbike, Alpencross und Bikebergsteigen\",\"publisher\":{\"@id\":\"https:\/\/www.schymik.de\/wordpress\/#\/schema\/person\/f4792950b1a3875a57d4fc2380f11e22\"},\"potentialAction\":[{\"@type\":\"SearchAction\",\"target\":{\"@type\":\"EntryPoint\",\"urlTemplate\":\"https:\/\/www.schymik.de\/wordpress\/?s={search_term_string}\"},\"query-input\":\"required name=search_term_string\"}],\"inLanguage\":\"de\"},{\"@type\":[\"Person\",\"Organization\"],\"@id\":\"https:\/\/www.schymik.de\/wordpress\/#\/schema\/person\/f4792950b1a3875a57d4fc2380f11e22\",\"name\":\"Carsten\",\"image\":{\"@type\":\"ImageObject\",\"inLanguage\":\"de\",\"@id\":\"https:\/\/www.schymik.de\/wordpress\/#\/schema\/person\/image\/\",\"url\":\"https:\/\/www.schymik.de\/wordpress\/wp-content\/Schymik-Carsten-51x51cm.jpg\",\"contentUrl\":\"https:\/\/www.schymik.de\/wordpress\/wp-content\/Schymik-Carsten-51x51cm.jpg\",\"width\":1530,\"height\":1530,\"caption\":\"Carsten\"},\"logo\":{\"@id\":\"https:\/\/www.schymik.de\/wordpress\/#\/schema\/person\/image\/\"},\"sameAs\":[\"http:\/\/www.schymik.de\",\"https:\/\/www.facebook.com\/carsten.schymik\",\"https:\/\/www.instagram.com\/carstenschymik\/\",\"https:\/\/www.youtube.com\/@CarstenSchymik\"]}]}<\/script>\n<!-- \/ Yoast SEO plugin. -->","yoast_head_json":{"title":"Tag 2 Hanauer H\u00fctte - Braunschweiger H\u00fctte - Transalp Homepage","robots":{"index":"index","follow":"follow","max-snippet":"max-snippet:-1","max-image-preview":"max-image-preview:large","max-video-preview":"max-video-preview:-1"},"canonical":"https:\/\/www.schymik.de\/wordpress\/tag-2-hanauer-hutte-braunschwaiger-hutte\/","og_locale":"de_DE","og_type":"article","og_title":"Tag 2 Hanauer H\u00fctte - Braunschweiger H\u00fctte - Transalp Homepage","og_description":"Mein R\u00fccken schmerzt. Seit \u00fcber einer Stunde schleppe ich das 15 kg schwere Bike durch ein nicht enden wollendes Ger\u00f6llfeld nach oben. Die F\u00fc\u00dfe Schmerzen ebenfalls, auf den gestrigen Tragepassagen habe ich mir heftige Blasen an den Fersen eingefangen. Einen Schritt vorw\u00e4rts, einen halben zur\u00fcck. So geht es die ganze Zeit. Dave und Harry k\u00e4mpfen [&hellip;]","og_url":"https:\/\/www.schymik.de\/wordpress\/tag-2-hanauer-hutte-braunschwaiger-hutte\/","og_site_name":"Transalp Homepage","article_publisher":"https:\/\/www.facebook.com\/carsten.schymik","article_author":"https:\/\/www.facebook.com\/carsten.schymik","article_published_time":"2006-07-23T06:22:07+00:00","article_modified_time":"2010-06-21T17:49:37+00:00","og_image":[{"url":"http:\/\/schymik.de\/ac06\/frax06_003.jpg"}],"author":"Carsten","twitter_card":"summary_large_image","twitter_misc":{"Verfasst von":"Carsten","Gesch\u00e4tzte Lesezeit":"8\u00a0Minuten"},"schema":{"@context":"https:\/\/schema.org","@graph":[{"@type":"Article","@id":"https:\/\/www.schymik.de\/wordpress\/tag-2-hanauer-hutte-braunschwaiger-hutte\/#article","isPartOf":{"@id":"https:\/\/www.schymik.de\/wordpress\/tag-2-hanauer-hutte-braunschwaiger-hutte\/"},"author":{"name":"Carsten","@id":"https:\/\/www.schymik.de\/wordpress\/#\/schema\/person\/f4792950b1a3875a57d4fc2380f11e22"},"headline":"Tag 2 Hanauer H\u00fctte &#8211; Braunschweiger H\u00fctte","datePublished":"2006-07-23T06:22:07+00:00","dateModified":"2010-06-21T17:49:37+00:00","mainEntityOfPage":{"@id":"https:\/\/www.schymik.de\/wordpress\/tag-2-hanauer-hutte-braunschwaiger-hutte\/"},"wordCount":1551,"publisher":{"@id":"https:\/\/www.schymik.de\/wordpress\/#\/schema\/person\/f4792950b1a3875a57d4fc2380f11e22"},"articleSection":["2006 FRAX"],"inLanguage":"de"},{"@type":"WebPage","@id":"https:\/\/www.schymik.de\/wordpress\/tag-2-hanauer-hutte-braunschwaiger-hutte\/","url":"https:\/\/www.schymik.de\/wordpress\/tag-2-hanauer-hutte-braunschwaiger-hutte\/","name":"Tag 2 Hanauer H\u00fctte - Braunschweiger H\u00fctte - Transalp Homepage","isPartOf":{"@id":"https:\/\/www.schymik.de\/wordpress\/#website"},"datePublished":"2006-07-23T06:22:07+00:00","dateModified":"2010-06-21T17:49:37+00:00","breadcrumb":{"@id":"https:\/\/www.schymik.de\/wordpress\/tag-2-hanauer-hutte-braunschwaiger-hutte\/#breadcrumb"},"inLanguage":"de","potentialAction":[{"@type":"ReadAction","target":["https:\/\/www.schymik.de\/wordpress\/tag-2-hanauer-hutte-braunschwaiger-hutte\/"]}]},{"@type":"BreadcrumbList","@id":"https:\/\/www.schymik.de\/wordpress\/tag-2-hanauer-hutte-braunschwaiger-hutte\/#breadcrumb","itemListElement":[{"@type":"ListItem","position":1,"name":"Startseite","item":"https:\/\/www.schymik.de\/wordpress\/"},{"@type":"ListItem","position":2,"name":"Tag 2 Hanauer H\u00fctte &#8211; Braunschweiger H\u00fctte"}]},{"@type":"WebSite","@id":"https:\/\/www.schymik.de\/wordpress\/#website","url":"https:\/\/www.schymik.de\/wordpress\/","name":"Transalp Homepage","description":"Alles rund ums Mountainbike, Alpencross und Bikebergsteigen","publisher":{"@id":"https:\/\/www.schymik.de\/wordpress\/#\/schema\/person\/f4792950b1a3875a57d4fc2380f11e22"},"potentialAction":[{"@type":"SearchAction","target":{"@type":"EntryPoint","urlTemplate":"https:\/\/www.schymik.de\/wordpress\/?s={search_term_string}"},"query-input":"required name=search_term_string"}],"inLanguage":"de"},{"@type":["Person","Organization"],"@id":"https:\/\/www.schymik.de\/wordpress\/#\/schema\/person\/f4792950b1a3875a57d4fc2380f11e22","name":"Carsten","image":{"@type":"ImageObject","inLanguage":"de","@id":"https:\/\/www.schymik.de\/wordpress\/#\/schema\/person\/image\/","url":"https:\/\/www.schymik.de\/wordpress\/wp-content\/Schymik-Carsten-51x51cm.jpg","contentUrl":"https:\/\/www.schymik.de\/wordpress\/wp-content\/Schymik-Carsten-51x51cm.jpg","width":1530,"height":1530,"caption":"Carsten"},"logo":{"@id":"https:\/\/www.schymik.de\/wordpress\/#\/schema\/person\/image\/"},"sameAs":["http:\/\/www.schymik.de","https:\/\/www.facebook.com\/carsten.schymik","https:\/\/www.instagram.com\/carstenschymik\/","https:\/\/www.youtube.com\/@CarstenSchymik"]}]}},"_links":{"self":[{"href":"https:\/\/www.schymik.de\/wordpress\/wp-json\/wp\/v2\/posts\/43"}],"collection":[{"href":"https:\/\/www.schymik.de\/wordpress\/wp-json\/wp\/v2\/posts"}],"about":[{"href":"https:\/\/www.schymik.de\/wordpress\/wp-json\/wp\/v2\/types\/post"}],"author":[{"embeddable":true,"href":"https:\/\/www.schymik.de\/wordpress\/wp-json\/wp\/v2\/users\/1"}],"replies":[{"embeddable":true,"href":"https:\/\/www.schymik.de\/wordpress\/wp-json\/wp\/v2\/comments?post=43"}],"version-history":[{"count":3,"href":"https:\/\/www.schymik.de\/wordpress\/wp-json\/wp\/v2\/posts\/43\/revisions"}],"predecessor-version":[{"id":892,"href":"https:\/\/www.schymik.de\/wordpress\/wp-json\/wp\/v2\/posts\/43\/revisions\/892"}],"wp:attachment":[{"href":"https:\/\/www.schymik.de\/wordpress\/wp-json\/wp\/v2\/media?parent=43"}],"wp:term":[{"taxonomy":"category","embeddable":true,"href":"https:\/\/www.schymik.de\/wordpress\/wp-json\/wp\/v2\/categories?post=43"},{"taxonomy":"post_tag","embeddable":true,"href":"https:\/\/www.schymik.de\/wordpress\/wp-json\/wp\/v2\/tags?post=43"}],"curies":[{"name":"wp","href":"https:\/\/api.w.org\/{rel}","templated":true}]}}