{"id":659,"date":"2010-04-03T16:47:48","date_gmt":"2010-04-03T15:47:48","guid":{"rendered":"http:\/\/www.schymik.de\/wordpress\/?p=659"},"modified":"2010-05-05T18:46:06","modified_gmt":"2010-05-05T17:46:06","slug":"tag-3-nach-italien","status":"publish","type":"post","link":"https:\/\/www.schymik.de\/wordpress\/tag-3-nach-italien\/","title":{"rendered":"Tag 3 Der Abbruch"},"content":{"rendered":"<p style=\"text-align: left;\">Die gestrige Marathonetappe hat uns alle ganz sch\u00f6n K\u00f6rner gekostet. Ziemlich ersch\u00f6pft liegen wir im kalten Winterlager der Hildesheimer H\u00fctte. Heute soll es wieder um 5.00 Uhr morgens los gehen. Per Handy haben wir am Abend noch die letzten Wetterprognosen eingeholt, diese verhei\u00dfen nichts Gutes: F\u00f6nlage, was bedeutet, dass von S\u00fcden her eine Kaltfront gegen die Berge dr\u00fcckt und oberhalb von 3000 Metern Windgeschwindigkeiten von \u00fcber 100 km\/h herrschen k\u00f6nnen. Nicht gerade die besten Voraussetzungen f\u00fcr unser Vorhaben \u00fcber den Wilden Pfaff und die Schwarzwandscharte 3059m ins Timmelstal zu gelangen. So kommt es, dass statt einem fr\u00fchen Start am Morgen erst einmal Kartenstudium und Tourenplanung angesagt ist. Letztlich beschlie\u00dfen wir \u00fcber das Pfaffenjoch und den Sulzenauferner ins Stubaital abzufahren. Nach einer kurzen Abfahrt steigen wir knapp 400 H\u00f6henmeter auf.<\/p>\n<p style=\"text-align: center;\">\n<figure style=\"width: 390px\" class=\"wp-caption aligncenter\"><a href=\"http:\/\/appi.at\/pictures_appi\/images\/Archiv%202010\/04.2010\/01%20-%2003.04%20Skitransalp\/Image_carsten\/mini-P1110886.JPG\"><img decoding=\"async\" loading=\"lazy\" class=\" \" title=\"Aufstieg\" src=\"http:\/\/appi.at\/pictures_appi\/images\/Archiv%202010\/04.2010\/01%20-%2003.04%20Skitransalp\/Image_carsten\/mini-P1110886.JPG\" alt=\"Aufstieg\" width=\"390\" height=\"520\" \/><\/a><figcaption class=\"wp-caption-text\">Aufstieg<\/figcaption><\/figure>\n<p style=\"text-align: left;\">Noch scheint die Sonne, aber im S\u00fcden werden die ersten dichten Wolken sichtbar. Als wir das Pfaffenjoch erreichen, weht heftiger Wind. Die Gipfel im S\u00fcden sind bereits in den Wolken verschwunden.<\/p>\n<p style=\"text-align: left;\">\n<figure id=\"attachment_700\" aria-describedby=\"caption-attachment-700\" style=\"width: 430px\" class=\"wp-caption aligncenter\"><a href=\"http:\/\/www.schymik.de\/wordpress\/wp-content\/pan_pfaff.jpg\"><img decoding=\"async\" loading=\"lazy\" class=\"size-full wp-image-700    aligncenter\" title=\"Wilder Pfaff Foto: Bezi\" src=\"http:\/\/www.schymik.de\/wordpress\/wp-content\/pan_pfaff.jpg\" alt=\"Wilder Pfaff\" width=\"430\" height=\"213\" srcset=\"https:\/\/www.schymik.de\/wordpress\/wp-content\/pan_pfaff.jpg 1024w, https:\/\/www.schymik.de\/wordpress\/wp-content\/pan_pfaff-600x296.jpg 600w, https:\/\/www.schymik.de\/wordpress\/wp-content\/pan_pfaff-300x148.jpg 300w\" sizes=\"(max-width: 430px) 100vw, 430px\" \/><\/a><figcaption id=\"caption-attachment-700\" class=\"wp-caption-text\">Wilder Pfaff Foto: Bezi<\/figcaption><\/figure>\n<p>Wir bereiten uns auf die Abfahrt \u00fcber den Gletscher vor. Dann geht es los. Die Schneelage ist gut, auch wenn wir keinen so sch\u00f6nen Pulverschnee wie gestern mehr haben. Bis kurz vor die Sulzenauh\u00fctte fahren wir traumhafte H\u00e4nge im tiefen, aber teilweise schwer zu befahrenen Schnee ab.<\/p>\n<p style=\"text-align: center;\">\n<figure style=\"width: 390px\" class=\"wp-caption aligncenter\"><a href=\"http:\/\/appi.at\/pictures_appi\/images\/Archiv%202010\/04.2010\/01%20-%2003.04%20Skitransalp\/Image_bernhard\/mini-IMG_2269.JPG\"><img decoding=\"async\" loading=\"lazy\" class=\" \" title=\"Powderline\" src=\"http:\/\/appi.at\/pictures_appi\/images\/Archiv%202010\/04.2010\/01%20-%2003.04%20Skitransalp\/Image_bernhard\/mini-IMG_2269.JPG\" alt=\"Powderlines\" width=\"390\" height=\"293\" \/><\/a><figcaption class=\"wp-caption-text\">Powderlines<\/figcaption><\/figure>\n<p>Nach dem m\u00fchsamen \u00dcberwinden einiger Flachst\u00fccke erreichen wir die letzte Abfahrt, die uns\u00a0 hinab zur Grabbaalm f\u00fchrt. Dort lassen wir die Tour bei einem gem\u00fctlichen Bier ausklingen, w\u00e4hrend \u00fcber uns mehr und mehr Wolken den Himmel verschleiern. Leider haben die Wetterbedingungen eine erfolgreiche Tour dieses Mal verhindert. Im Hochgebirge muss man aber auch einen rechtzeitigen und kontrollierten Abbruch der Tour als Erfolg und richtig werten. Dennoch werden wir versuchen den zweiten Teil der Transalp-Tirol auf Skiern zu einem geeigneten Zeitpunkt nachzuholen.  Hier finden Sie alle Bilder von <a title=\"Bilder Ski Transalp Tirol\" href=\"http:\/\/appi.at\/pictures_appi\/?action=displayfiles&amp;item=images\/Archiv+2010\/04.2010\/01+-+03.04+Skitransalp\/\" target=\"_blank\">Appi,<\/a> <a href=\"http:\/\/appi.at\/pictures_appi\/?action=displayfiles&amp;item=images%2FArchiv+2010%2F04%2E2010%2F01+%2D+03%2E04+Skitransalp%2FImage%5Fholger\/\" target=\"_blank\">Holger<\/a> , <a href=\"http:\/\/appi.at\/pictures_appi\/?action=displayfiles&amp;item=images%2FArchiv+2010%2F04%2E2010%2F01+%2D+03%2E04+Skitransalp%2FImage%5Fbernhard\/\" target=\"_blank\">Bernhard <\/a>und von <a href=\"http:\/\/appi.at\/pictures_appi\/?action=displayfiles&amp;item=images%2FArchiv+2010%2F04%2E2010%2F01+%2D+03%2E04+Skitransalp%2FImage%5Fcarsten\/\" target=\"_blank\">Carsten<\/a> , bitte beachten Sie die Copyrights!<\/p>\n<p style=\"text-align: left;\">Video:<\/p>\n<p><object classid=\"clsid:d27cdb6e-ae6d-11cf-96b8-444553540000\" width=\"480\" height=\"385\" codebase=\"http:\/\/download.macromedia.com\/pub\/shockwave\/cabs\/flash\/swflash.cab#version=6,0,40,0\"><param name=\"allowFullScreen\" value=\"true\" \/><param name=\"allowscriptaccess\" value=\"always\" \/><param name=\"src\" value=\"http:\/\/www.youtube.com\/v\/0Q2FGCU0Qos&amp;hl=de_DE&amp;fs=1&amp;\" \/><param name=\"allowfullscreen\" value=\"true\" \/><embed type=\"application\/x-shockwave-flash\" width=\"480\" height=\"385\" src=\"http:\/\/www.youtube.com\/v\/0Q2FGCU0Qos&amp;hl=de_DE&amp;fs=1&amp;\" allowscriptaccess=\"always\" allowfullscreen=\"true\"><\/embed><\/object><\/p>\n<p style=\"text-align: left;\"><strong>durchgef\u00fchrete Route:<\/strong><\/p>\n<ul>\n<li><strong>Start <\/strong>9:30 Hildesheimer H\u00fctte 2900m<strong> <\/strong>\u00fcber Pfaffenjoch 3208m \u00fcber Sulzenauferner<strong> <\/strong><\/li>\n<li><strong>Ziel <\/strong>14:00 Gabbaalm 1530 m<\/li>\n<\/ul>\n<p>Tagesetappe: 400HM  <strong>GPS: Track Tag 3:<\/strong><\/p>\n<p><strong><\/strong> <strong> <\/strong> <a href=\"http:\/\/engine.trackspace.de\/open.php?track_id=17063\" target=\"_blank\"><img decoding=\"async\" loading=\"lazy\" src=\"http:\/\/engine.trackspace.de\/images\/trackspace_link.gif\" border=\"0\" alt=\"\" width=\"54\" height=\"40\" \/><\/a> <strong> <\/strong> <strong><\/strong><\/p>\n<p><strong>urspr\u00fcnglich geplante Route:<\/strong><\/p>\n<ul>\n<li><strong>Start <\/strong>5:30 Hildesheimer H\u00fctte 2900m<strong> <\/strong>\u00fcber Pfaffenjoch 3208m bis zum Wilder Pfaff 3456m (bei Topbedingungen M\u00fcllerh\u00fctte &amp; Becherhaus) \u00fcber Schwarzwandscharte 3059m (bei Topbedingungen Hoffmannspitze 3113m) Timmelsalm 2000m<strong> <\/strong><\/li>\n<li><strong>Ziel <\/strong>ca. 11:00 Eggerhof Kaser ca. 1800m<\/li>\n<\/ul>\n<p>Tagesetappe: 600 &#8211; 800HM  <strong>Weite Routenplanung bis Meran:<\/strong><\/p>\n<ul>\n<li><strong>Start <\/strong>5:30 Eggerhof Kaser ca. 1800m weiter Seeber Alm 1842m bis zum Rauhjoch 2920m. Abfahrt \u00fcber Immestalm 2198m <strong> <\/strong><\/li>\n<li><strong>Ziel <\/strong>ca. 11:30 Pfelders 1628m<\/li>\n<\/ul>\n<p>Tagesetappe: 1100HM<\/p>\n<ul>\n<li><strong>Start <\/strong>5:30 Pfelders 1628m weiter Falschnalalm 1871m \u00fcber den Tiroler H\u00f6henweg bis zum Schwarzkopf 2805m. Abfahrt \u00fcber die Spronser Seen und den Tiroler H\u00f6henweg bis zum Longfallhof 1074m (soweit Schnee vorhanden, sonst wird marschiert)!<\/li>\n<li><strong>Ziel <\/strong>ca. 14:30 Dorf Tirol 596m<\/li>\n<\/ul>\n<p>Tagesetappe: 1200HM<\/p>\n","protected":false},"excerpt":{"rendered":"<p>Die gestrige Marathonetappe hat uns alle ganz sch\u00f6n K\u00f6rner gekostet. Ziemlich ersch\u00f6pft liegen wir im kalten Winterlager der Hildesheimer H\u00fctte. Heute soll es wieder um 5.00 Uhr morgens los gehen. Per Handy haben wir am Abend noch die letzten Wetterprognosen eingeholt, diese verhei\u00dfen nichts Gutes: F\u00f6nlage, was bedeutet, dass von S\u00fcden her eine Kaltfront gegen [&hellip;]<\/p>\n","protected":false},"author":1,"featured_media":0,"comment_status":"closed","ping_status":"open","sticky":false,"template":"","format":"standard","meta":[],"categories":[16],"tags":[18,19],"yoast_head":"<!-- This site is optimized with the Yoast SEO plugin v21.0 - https:\/\/yoast.com\/wordpress\/plugins\/seo\/ -->\n<title>Tag 3 Der Abbruch - Transalp Homepage<\/title>\n<meta name=\"robots\" content=\"index, follow, max-snippet:-1, max-image-preview:large, max-video-preview:-1\" \/>\n<link rel=\"canonical\" href=\"https:\/\/www.schymik.de\/wordpress\/tag-3-nach-italien\/\" \/>\n<meta property=\"og:locale\" content=\"de_DE\" \/>\n<meta property=\"og:type\" content=\"article\" \/>\n<meta property=\"og:title\" content=\"Tag 3 Der Abbruch - Transalp Homepage\" \/>\n<meta property=\"og:description\" content=\"Die gestrige Marathonetappe hat uns alle ganz sch\u00f6n K\u00f6rner gekostet. Ziemlich ersch\u00f6pft liegen wir im kalten Winterlager der Hildesheimer H\u00fctte. Heute soll es wieder um 5.00 Uhr morgens los gehen. Per Handy haben wir am Abend noch die letzten Wetterprognosen eingeholt, diese verhei\u00dfen nichts Gutes: F\u00f6nlage, was bedeutet, dass von S\u00fcden her eine Kaltfront gegen [&hellip;]\" \/>\n<meta property=\"og:url\" content=\"https:\/\/www.schymik.de\/wordpress\/tag-3-nach-italien\/\" \/>\n<meta property=\"og:site_name\" content=\"Transalp Homepage\" \/>\n<meta property=\"article:publisher\" content=\"https:\/\/www.facebook.com\/carsten.schymik\" \/>\n<meta property=\"article:author\" content=\"https:\/\/www.facebook.com\/carsten.schymik\" \/>\n<meta property=\"article:published_time\" content=\"2010-04-03T15:47:48+00:00\" \/>\n<meta property=\"article:modified_time\" content=\"2010-05-05T17:46:06+00:00\" \/>\n<meta property=\"og:image\" content=\"http:\/\/appi.at\/pictures_appi\/images\/Archiv%202010\/04.2010\/01%20-%2003.04%20Skitransalp\/Image_carsten\/mini-P1110886.JPG\" \/>\n<meta name=\"author\" content=\"Carsten\" \/>\n<meta name=\"twitter:card\" content=\"summary_large_image\" \/>\n<meta name=\"twitter:label1\" content=\"Verfasst von\" \/>\n\t<meta name=\"twitter:data1\" content=\"Carsten\" \/>\n\t<meta name=\"twitter:label2\" content=\"Gesch\u00e4tzte Lesezeit\" \/>\n\t<meta name=\"twitter:data2\" content=\"2\u00a0Minuten\" \/>\n<script type=\"application\/ld+json\" class=\"yoast-schema-graph\">{\"@context\":\"https:\/\/schema.org\",\"@graph\":[{\"@type\":\"Article\",\"@id\":\"https:\/\/www.schymik.de\/wordpress\/tag-3-nach-italien\/#article\",\"isPartOf\":{\"@id\":\"https:\/\/www.schymik.de\/wordpress\/tag-3-nach-italien\/\"},\"author\":{\"name\":\"Carsten\",\"@id\":\"https:\/\/www.schymik.de\/wordpress\/#\/schema\/person\/f4792950b1a3875a57d4fc2380f11e22\"},\"headline\":\"Tag 3 Der Abbruch\",\"datePublished\":\"2010-04-03T15:47:48+00:00\",\"dateModified\":\"2010-05-05T17:46:06+00:00\",\"mainEntityOfPage\":{\"@id\":\"https:\/\/www.schymik.de\/wordpress\/tag-3-nach-italien\/\"},\"wordCount\":489,\"publisher\":{\"@id\":\"https:\/\/www.schymik.de\/wordpress\/#\/schema\/person\/f4792950b1a3875a57d4fc2380f11e22\"},\"keywords\":[\"Skitour\",\"xbionic\"],\"articleSection\":[\"Skitouren\"],\"inLanguage\":\"de\"},{\"@type\":\"WebPage\",\"@id\":\"https:\/\/www.schymik.de\/wordpress\/tag-3-nach-italien\/\",\"url\":\"https:\/\/www.schymik.de\/wordpress\/tag-3-nach-italien\/\",\"name\":\"Tag 3 Der Abbruch - Transalp Homepage\",\"isPartOf\":{\"@id\":\"https:\/\/www.schymik.de\/wordpress\/#website\"},\"datePublished\":\"2010-04-03T15:47:48+00:00\",\"dateModified\":\"2010-05-05T17:46:06+00:00\",\"breadcrumb\":{\"@id\":\"https:\/\/www.schymik.de\/wordpress\/tag-3-nach-italien\/#breadcrumb\"},\"inLanguage\":\"de\",\"potentialAction\":[{\"@type\":\"ReadAction\",\"target\":[\"https:\/\/www.schymik.de\/wordpress\/tag-3-nach-italien\/\"]}]},{\"@type\":\"BreadcrumbList\",\"@id\":\"https:\/\/www.schymik.de\/wordpress\/tag-3-nach-italien\/#breadcrumb\",\"itemListElement\":[{\"@type\":\"ListItem\",\"position\":1,\"name\":\"Startseite\",\"item\":\"https:\/\/www.schymik.de\/wordpress\/\"},{\"@type\":\"ListItem\",\"position\":2,\"name\":\"Tag 3 Der Abbruch\"}]},{\"@type\":\"WebSite\",\"@id\":\"https:\/\/www.schymik.de\/wordpress\/#website\",\"url\":\"https:\/\/www.schymik.de\/wordpress\/\",\"name\":\"Transalp Homepage\",\"description\":\"Alles rund ums Mountainbike, Alpencross und Bikebergsteigen\",\"publisher\":{\"@id\":\"https:\/\/www.schymik.de\/wordpress\/#\/schema\/person\/f4792950b1a3875a57d4fc2380f11e22\"},\"potentialAction\":[{\"@type\":\"SearchAction\",\"target\":{\"@type\":\"EntryPoint\",\"urlTemplate\":\"https:\/\/www.schymik.de\/wordpress\/?s={search_term_string}\"},\"query-input\":\"required name=search_term_string\"}],\"inLanguage\":\"de\"},{\"@type\":[\"Person\",\"Organization\"],\"@id\":\"https:\/\/www.schymik.de\/wordpress\/#\/schema\/person\/f4792950b1a3875a57d4fc2380f11e22\",\"name\":\"Carsten\",\"image\":{\"@type\":\"ImageObject\",\"inLanguage\":\"de\",\"@id\":\"https:\/\/www.schymik.de\/wordpress\/#\/schema\/person\/image\/\",\"url\":\"https:\/\/www.schymik.de\/wordpress\/wp-content\/Schymik-Carsten-51x51cm.jpg\",\"contentUrl\":\"https:\/\/www.schymik.de\/wordpress\/wp-content\/Schymik-Carsten-51x51cm.jpg\",\"width\":1530,\"height\":1530,\"caption\":\"Carsten\"},\"logo\":{\"@id\":\"https:\/\/www.schymik.de\/wordpress\/#\/schema\/person\/image\/\"},\"sameAs\":[\"http:\/\/www.schymik.de\",\"https:\/\/www.facebook.com\/carsten.schymik\",\"https:\/\/www.instagram.com\/carstenschymik\/\",\"https:\/\/www.youtube.com\/@CarstenSchymik\"]}]}<\/script>\n<!-- \/ Yoast SEO plugin. -->","yoast_head_json":{"title":"Tag 3 Der Abbruch - Transalp Homepage","robots":{"index":"index","follow":"follow","max-snippet":"max-snippet:-1","max-image-preview":"max-image-preview:large","max-video-preview":"max-video-preview:-1"},"canonical":"https:\/\/www.schymik.de\/wordpress\/tag-3-nach-italien\/","og_locale":"de_DE","og_type":"article","og_title":"Tag 3 Der Abbruch - Transalp Homepage","og_description":"Die gestrige Marathonetappe hat uns alle ganz sch\u00f6n K\u00f6rner gekostet. Ziemlich ersch\u00f6pft liegen wir im kalten Winterlager der Hildesheimer H\u00fctte. Heute soll es wieder um 5.00 Uhr morgens los gehen. Per Handy haben wir am Abend noch die letzten Wetterprognosen eingeholt, diese verhei\u00dfen nichts Gutes: F\u00f6nlage, was bedeutet, dass von S\u00fcden her eine Kaltfront gegen [&hellip;]","og_url":"https:\/\/www.schymik.de\/wordpress\/tag-3-nach-italien\/","og_site_name":"Transalp Homepage","article_publisher":"https:\/\/www.facebook.com\/carsten.schymik","article_author":"https:\/\/www.facebook.com\/carsten.schymik","article_published_time":"2010-04-03T15:47:48+00:00","article_modified_time":"2010-05-05T17:46:06+00:00","og_image":[{"url":"http:\/\/appi.at\/pictures_appi\/images\/Archiv%202010\/04.2010\/01%20-%2003.04%20Skitransalp\/Image_carsten\/mini-P1110886.JPG"}],"author":"Carsten","twitter_card":"summary_large_image","twitter_misc":{"Verfasst von":"Carsten","Gesch\u00e4tzte Lesezeit":"2\u00a0Minuten"},"schema":{"@context":"https:\/\/schema.org","@graph":[{"@type":"Article","@id":"https:\/\/www.schymik.de\/wordpress\/tag-3-nach-italien\/#article","isPartOf":{"@id":"https:\/\/www.schymik.de\/wordpress\/tag-3-nach-italien\/"},"author":{"name":"Carsten","@id":"https:\/\/www.schymik.de\/wordpress\/#\/schema\/person\/f4792950b1a3875a57d4fc2380f11e22"},"headline":"Tag 3 Der Abbruch","datePublished":"2010-04-03T15:47:48+00:00","dateModified":"2010-05-05T17:46:06+00:00","mainEntityOfPage":{"@id":"https:\/\/www.schymik.de\/wordpress\/tag-3-nach-italien\/"},"wordCount":489,"publisher":{"@id":"https:\/\/www.schymik.de\/wordpress\/#\/schema\/person\/f4792950b1a3875a57d4fc2380f11e22"},"keywords":["Skitour","xbionic"],"articleSection":["Skitouren"],"inLanguage":"de"},{"@type":"WebPage","@id":"https:\/\/www.schymik.de\/wordpress\/tag-3-nach-italien\/","url":"https:\/\/www.schymik.de\/wordpress\/tag-3-nach-italien\/","name":"Tag 3 Der Abbruch - Transalp Homepage","isPartOf":{"@id":"https:\/\/www.schymik.de\/wordpress\/#website"},"datePublished":"2010-04-03T15:47:48+00:00","dateModified":"2010-05-05T17:46:06+00:00","breadcrumb":{"@id":"https:\/\/www.schymik.de\/wordpress\/tag-3-nach-italien\/#breadcrumb"},"inLanguage":"de","potentialAction":[{"@type":"ReadAction","target":["https:\/\/www.schymik.de\/wordpress\/tag-3-nach-italien\/"]}]},{"@type":"BreadcrumbList","@id":"https:\/\/www.schymik.de\/wordpress\/tag-3-nach-italien\/#breadcrumb","itemListElement":[{"@type":"ListItem","position":1,"name":"Startseite","item":"https:\/\/www.schymik.de\/wordpress\/"},{"@type":"ListItem","position":2,"name":"Tag 3 Der Abbruch"}]},{"@type":"WebSite","@id":"https:\/\/www.schymik.de\/wordpress\/#website","url":"https:\/\/www.schymik.de\/wordpress\/","name":"Transalp Homepage","description":"Alles rund ums Mountainbike, Alpencross und Bikebergsteigen","publisher":{"@id":"https:\/\/www.schymik.de\/wordpress\/#\/schema\/person\/f4792950b1a3875a57d4fc2380f11e22"},"potentialAction":[{"@type":"SearchAction","target":{"@type":"EntryPoint","urlTemplate":"https:\/\/www.schymik.de\/wordpress\/?s={search_term_string}"},"query-input":"required name=search_term_string"}],"inLanguage":"de"},{"@type":["Person","Organization"],"@id":"https:\/\/www.schymik.de\/wordpress\/#\/schema\/person\/f4792950b1a3875a57d4fc2380f11e22","name":"Carsten","image":{"@type":"ImageObject","inLanguage":"de","@id":"https:\/\/www.schymik.de\/wordpress\/#\/schema\/person\/image\/","url":"https:\/\/www.schymik.de\/wordpress\/wp-content\/Schymik-Carsten-51x51cm.jpg","contentUrl":"https:\/\/www.schymik.de\/wordpress\/wp-content\/Schymik-Carsten-51x51cm.jpg","width":1530,"height":1530,"caption":"Carsten"},"logo":{"@id":"https:\/\/www.schymik.de\/wordpress\/#\/schema\/person\/image\/"},"sameAs":["http:\/\/www.schymik.de","https:\/\/www.facebook.com\/carsten.schymik","https:\/\/www.instagram.com\/carstenschymik\/","https:\/\/www.youtube.com\/@CarstenSchymik"]}]}},"_links":{"self":[{"href":"https:\/\/www.schymik.de\/wordpress\/wp-json\/wp\/v2\/posts\/659"}],"collection":[{"href":"https:\/\/www.schymik.de\/wordpress\/wp-json\/wp\/v2\/posts"}],"about":[{"href":"https:\/\/www.schymik.de\/wordpress\/wp-json\/wp\/v2\/types\/post"}],"author":[{"embeddable":true,"href":"https:\/\/www.schymik.de\/wordpress\/wp-json\/wp\/v2\/users\/1"}],"replies":[{"embeddable":true,"href":"https:\/\/www.schymik.de\/wordpress\/wp-json\/wp\/v2\/comments?post=659"}],"version-history":[{"count":16,"href":"https:\/\/www.schymik.de\/wordpress\/wp-json\/wp\/v2\/posts\/659\/revisions"}],"predecessor-version":[{"id":767,"href":"https:\/\/www.schymik.de\/wordpress\/wp-json\/wp\/v2\/posts\/659\/revisions\/767"}],"wp:attachment":[{"href":"https:\/\/www.schymik.de\/wordpress\/wp-json\/wp\/v2\/media?parent=659"}],"wp:term":[{"taxonomy":"category","embeddable":true,"href":"https:\/\/www.schymik.de\/wordpress\/wp-json\/wp\/v2\/categories?post=659"},{"taxonomy":"post_tag","embeddable":true,"href":"https:\/\/www.schymik.de\/wordpress\/wp-json\/wp\/v2\/tags?post=659"}],"curies":[{"name":"wp","href":"https:\/\/api.w.org\/{rel}","templated":true}]}}