{"id":952,"date":"2010-07-04T17:53:53","date_gmt":"2010-07-04T16:53:53","guid":{"rendered":"http:\/\/www.schymik.de\/wordpress\/?p=952"},"modified":"2010-07-07T18:53:41","modified_gmt":"2010-07-07T17:53:41","slug":"bikebergtour-in-vorarlberg","status":"publish","type":"post","link":"https:\/\/www.schymik.de\/wordpress\/bikebergtour-in-vorarlberg\/","title":{"rendered":"Bikebergtour in Vorarlberg"},"content":{"rendered":"<p>Heute sind wir in Vorarlberg unterwegs. Dabei sind Felix, Dave, J\u00f6rg und Falk. Nach dem Start kurbeln wir knapp 200 H\u00f6henmeter hinauf, dann werden die Bikes geschultert. Es ist dr\u00fcckend hei\u00df und schw\u00fcl.<\/p>\n<figure style=\"width: 410px\" class=\"wp-caption aligncenter\"><a href=\"http:\/\/fstatic1.mtb-news.de\/img\/photos\/1\/5\/_\/large\/IMG_4650.jpg\"><img decoding=\"async\" loading=\"lazy\" class=\" \" title=\"in der Rinne, Foto:Dave\" src=\"http:\/\/fstatic1.mtb-news.de\/img\/photos\/1\/5\/_\/large\/IMG_4650.jpg\" alt=\"in der Rinne, Foto: Dave\" width=\"410\" height=\"614\" \/><\/a><figcaption class=\"wp-caption-text\">in der Rinne, Foto: Dave<\/figcaption><\/figure>\n<p>Der Aufstieg erfolgt \u00fcber Almwiesen und sp\u00e4ter durch felsiges Gel\u00e4nde. Wir kommen an einem wundersch\u00f6nen Bergbach mit verlockenden Badegumpen vorbei. Jetzt eine Abk\u00fchlung, das w\u00e4rs. Wir wollen jedoch weiter hinauf. Kurz danach erreichen wir eine kleine mit Gras bewachsene Ebene, die von sch\u00f6nen B\u00e4chen durchzogen ist. Hier rasten wir ein paar Minuten, essen eine Kleinigkeit. Ab 2000 Meter H\u00f6he m\u00fcssen wir die ersten Schneefelder \u00fcberqueren.<br \/>\nAn einer H\u00fctte stoppen wir nur kurz. Der H\u00fcttenwirt glaubt nicht, dass wir den 400 Meter weiter oben liegenden Gipfel mit den Bikes erreichen werden. Wir probieren es trotzdem. Nach 200 Metern m\u00fcssen wir jedoch eingestehen, das er recht hatte. Das Gel\u00e4nde wird zu steil, ein Weitersteigen w\u00e4re sinnlos.<\/p>\n<figure style=\"width: 420px\" class=\"wp-caption aligncenter\"><a href=\"http:\/\/fstatic1.mtb-news.de\/img\/photos\/7\/3\/_\/large\/IMG_4667.jpg\"><img decoding=\"async\" loading=\"lazy\" class=\"  \" title=\"Abfahrt unterhalb des Gipfels, Foto: Dave \" src=\"http:\/\/fstatic1.mtb-news.de\/img\/photos\/7\/3\/_\/large\/IMG_4667.jpg\" alt=\"Abfahrt unterhalb des Gipfels, Foto: Dave \" width=\"420\" height=\"285\" \/><\/a><figcaption class=\"wp-caption-text\">Abfahrt unterhalb des Gipfels, Foto: Dave <\/figcaption><\/figure>\n<p>Da sich zudem das Wetter zusehends verschlechtert kehren wir um, ohne den Gipfel erreicht zu haben. Die Abfahrt ist zun\u00e4chst sehr spa\u00dfig und gut. Dann beginnt es leider zu regnen. Der kurze Guss dauert nur 20 Sekunden, genug um den Trail, die Felsen und das Gras nass und rutschig zu machen. An einen Schneefeld passiert es denn, ich rutsche aus und pralle unten gegen einen Felsen. Dank Protektoren passiert nichts. Kurz nachdem ich zum Stehen gekommen bin, rutscht mir J\u00f6rg ins Kreuz. Uns passiert nichts, bei mir ist aber die Leitung der hinteren Bremse abgerissen. Shit<\/p>\n<figure style=\"width: 420px\" class=\"wp-caption aligncenter\"><a href=\"http:\/\/fstatic1.mtb-news.de\/img\/photos\/7\/3\/_\/large\/IMG_4703.jpg\"><img decoding=\"async\" loading=\"lazy\" class=\"  \" title=\"Singletrail, Foto: Dave\" src=\"http:\/\/fstatic1.mtb-news.de\/img\/photos\/7\/3\/_\/large\/IMG_4703.jpg\" alt=\"Singletrail, Foto: Dave\" width=\"420\" height=\"266\" \/><\/a><figcaption class=\"wp-caption-text\">Singletrail, Foto: Dave<\/figcaption><\/figure>\n<p>Ich kann die Leitung wieder zur\u00fcck in den Bremshebel stecken, aus dem Ausgleichsbeh\u00e4lter flie\u00dft ausreichend Bremsf\u00fcssigkeit nach, so dass die Sache halbwegs funktioniert. Dennoch ist die folgende Abfahrt f\u00fcr mich keine reines Vergn\u00fcgen mehr. Der Kopf ist in den technischen Passagen nicht frei, der rutschige Untergrund tut ein \u00dcbriges. Wir fahren den Weg, den wir heute morgen hinauf getragen haben wieder hinab und erreichen schlie\u00dflich die abgestellten Autos.<\/p>\n","protected":false},"excerpt":{"rendered":"<p>Heute sind wir in Vorarlberg unterwegs. Dabei sind Felix, Dave, J\u00f6rg und Falk. Nach dem Start kurbeln wir knapp 200 H\u00f6henmeter hinauf, dann werden die Bikes geschultert. Es ist dr\u00fcckend hei\u00df und schw\u00fcl. Der Aufstieg erfolgt \u00fcber Almwiesen und sp\u00e4ter durch felsiges Gel\u00e4nde. Wir kommen an einem wundersch\u00f6nen Bergbach mit verlockenden Badegumpen vorbei. Jetzt eine [&hellip;]<\/p>\n","protected":false},"author":1,"featured_media":0,"comment_status":"open","ping_status":"open","sticky":false,"template":"","format":"standard","meta":[],"categories":[1],"tags":[25],"yoast_head":"<!-- This site is optimized with the Yoast SEO plugin v21.0 - https:\/\/yoast.com\/wordpress\/plugins\/seo\/ -->\n<title>Bikebergtour in Vorarlberg - Transalp Homepage<\/title>\n<meta name=\"robots\" content=\"index, follow, max-snippet:-1, max-image-preview:large, max-video-preview:-1\" \/>\n<link rel=\"canonical\" href=\"https:\/\/www.schymik.de\/wordpress\/bikebergtour-in-vorarlberg\/\" \/>\n<meta property=\"og:locale\" content=\"de_DE\" \/>\n<meta property=\"og:type\" content=\"article\" \/>\n<meta property=\"og:title\" content=\"Bikebergtour in Vorarlberg - Transalp Homepage\" \/>\n<meta property=\"og:description\" content=\"Heute sind wir in Vorarlberg unterwegs. Dabei sind Felix, Dave, J\u00f6rg und Falk. Nach dem Start kurbeln wir knapp 200 H\u00f6henmeter hinauf, dann werden die Bikes geschultert. Es ist dr\u00fcckend hei\u00df und schw\u00fcl. Der Aufstieg erfolgt \u00fcber Almwiesen und sp\u00e4ter durch felsiges Gel\u00e4nde. Wir kommen an einem wundersch\u00f6nen Bergbach mit verlockenden Badegumpen vorbei. Jetzt eine [&hellip;]\" \/>\n<meta property=\"og:url\" content=\"https:\/\/www.schymik.de\/wordpress\/bikebergtour-in-vorarlberg\/\" \/>\n<meta property=\"og:site_name\" content=\"Transalp Homepage\" \/>\n<meta property=\"article:publisher\" content=\"https:\/\/www.facebook.com\/carsten.schymik\" \/>\n<meta property=\"article:author\" content=\"https:\/\/www.facebook.com\/carsten.schymik\" \/>\n<meta property=\"article:published_time\" content=\"2010-07-04T16:53:53+00:00\" \/>\n<meta property=\"article:modified_time\" content=\"2010-07-07T17:53:41+00:00\" \/>\n<meta property=\"og:image\" content=\"http:\/\/fstatic1.mtb-news.de\/img\/photos\/1\/5\/_\/large\/IMG_4650.jpg\" \/>\n<meta name=\"author\" content=\"Carsten\" \/>\n<meta name=\"twitter:card\" content=\"summary_large_image\" \/>\n<meta name=\"twitter:label1\" content=\"Verfasst von\" \/>\n\t<meta name=\"twitter:data1\" content=\"Carsten\" \/>\n\t<meta name=\"twitter:label2\" content=\"Gesch\u00e4tzte Lesezeit\" \/>\n\t<meta name=\"twitter:data2\" content=\"2\u00a0Minuten\" \/>\n<script type=\"application\/ld+json\" class=\"yoast-schema-graph\">{\"@context\":\"https:\/\/schema.org\",\"@graph\":[{\"@type\":\"Article\",\"@id\":\"https:\/\/www.schymik.de\/wordpress\/bikebergtour-in-vorarlberg\/#article\",\"isPartOf\":{\"@id\":\"https:\/\/www.schymik.de\/wordpress\/bikebergtour-in-vorarlberg\/\"},\"author\":{\"name\":\"Carsten\",\"@id\":\"https:\/\/www.schymik.de\/wordpress\/#\/schema\/person\/f4792950b1a3875a57d4fc2380f11e22\"},\"headline\":\"Bikebergtour in Vorarlberg\",\"datePublished\":\"2010-07-04T16:53:53+00:00\",\"dateModified\":\"2010-07-07T17:53:41+00:00\",\"mainEntityOfPage\":{\"@id\":\"https:\/\/www.schymik.de\/wordpress\/bikebergtour-in-vorarlberg\/\"},\"wordCount\":372,\"commentCount\":0,\"publisher\":{\"@id\":\"https:\/\/www.schymik.de\/wordpress\/#\/schema\/person\/f4792950b1a3875a57d4fc2380f11e22\"},\"keywords\":[\"Bikebergsteigen\"],\"articleSection\":[\"Bike-Tagebuch\"],\"inLanguage\":\"de\",\"potentialAction\":[{\"@type\":\"CommentAction\",\"name\":\"Comment\",\"target\":[\"https:\/\/www.schymik.de\/wordpress\/bikebergtour-in-vorarlberg\/#respond\"]}]},{\"@type\":\"WebPage\",\"@id\":\"https:\/\/www.schymik.de\/wordpress\/bikebergtour-in-vorarlberg\/\",\"url\":\"https:\/\/www.schymik.de\/wordpress\/bikebergtour-in-vorarlberg\/\",\"name\":\"Bikebergtour in Vorarlberg - Transalp Homepage\",\"isPartOf\":{\"@id\":\"https:\/\/www.schymik.de\/wordpress\/#website\"},\"datePublished\":\"2010-07-04T16:53:53+00:00\",\"dateModified\":\"2010-07-07T17:53:41+00:00\",\"breadcrumb\":{\"@id\":\"https:\/\/www.schymik.de\/wordpress\/bikebergtour-in-vorarlberg\/#breadcrumb\"},\"inLanguage\":\"de\",\"potentialAction\":[{\"@type\":\"ReadAction\",\"target\":[\"https:\/\/www.schymik.de\/wordpress\/bikebergtour-in-vorarlberg\/\"]}]},{\"@type\":\"BreadcrumbList\",\"@id\":\"https:\/\/www.schymik.de\/wordpress\/bikebergtour-in-vorarlberg\/#breadcrumb\",\"itemListElement\":[{\"@type\":\"ListItem\",\"position\":1,\"name\":\"Startseite\",\"item\":\"https:\/\/www.schymik.de\/wordpress\/\"},{\"@type\":\"ListItem\",\"position\":2,\"name\":\"Bikebergtour in Vorarlberg\"}]},{\"@type\":\"WebSite\",\"@id\":\"https:\/\/www.schymik.de\/wordpress\/#website\",\"url\":\"https:\/\/www.schymik.de\/wordpress\/\",\"name\":\"Transalp Homepage\",\"description\":\"Alles rund ums Mountainbike, Alpencross und Bikebergsteigen\",\"publisher\":{\"@id\":\"https:\/\/www.schymik.de\/wordpress\/#\/schema\/person\/f4792950b1a3875a57d4fc2380f11e22\"},\"potentialAction\":[{\"@type\":\"SearchAction\",\"target\":{\"@type\":\"EntryPoint\",\"urlTemplate\":\"https:\/\/www.schymik.de\/wordpress\/?s={search_term_string}\"},\"query-input\":\"required name=search_term_string\"}],\"inLanguage\":\"de\"},{\"@type\":[\"Person\",\"Organization\"],\"@id\":\"https:\/\/www.schymik.de\/wordpress\/#\/schema\/person\/f4792950b1a3875a57d4fc2380f11e22\",\"name\":\"Carsten\",\"image\":{\"@type\":\"ImageObject\",\"inLanguage\":\"de\",\"@id\":\"https:\/\/www.schymik.de\/wordpress\/#\/schema\/person\/image\/\",\"url\":\"https:\/\/www.schymik.de\/wordpress\/wp-content\/Schymik-Carsten-51x51cm.jpg\",\"contentUrl\":\"https:\/\/www.schymik.de\/wordpress\/wp-content\/Schymik-Carsten-51x51cm.jpg\",\"width\":1530,\"height\":1530,\"caption\":\"Carsten\"},\"logo\":{\"@id\":\"https:\/\/www.schymik.de\/wordpress\/#\/schema\/person\/image\/\"},\"sameAs\":[\"http:\/\/www.schymik.de\",\"https:\/\/www.facebook.com\/carsten.schymik\",\"https:\/\/www.instagram.com\/carstenschymik\/\",\"https:\/\/www.youtube.com\/@CarstenSchymik\"]}]}<\/script>\n<!-- \/ Yoast SEO plugin. -->","yoast_head_json":{"title":"Bikebergtour in Vorarlberg - Transalp Homepage","robots":{"index":"index","follow":"follow","max-snippet":"max-snippet:-1","max-image-preview":"max-image-preview:large","max-video-preview":"max-video-preview:-1"},"canonical":"https:\/\/www.schymik.de\/wordpress\/bikebergtour-in-vorarlberg\/","og_locale":"de_DE","og_type":"article","og_title":"Bikebergtour in Vorarlberg - Transalp Homepage","og_description":"Heute sind wir in Vorarlberg unterwegs. Dabei sind Felix, Dave, J\u00f6rg und Falk. Nach dem Start kurbeln wir knapp 200 H\u00f6henmeter hinauf, dann werden die Bikes geschultert. Es ist dr\u00fcckend hei\u00df und schw\u00fcl. Der Aufstieg erfolgt \u00fcber Almwiesen und sp\u00e4ter durch felsiges Gel\u00e4nde. Wir kommen an einem wundersch\u00f6nen Bergbach mit verlockenden Badegumpen vorbei. Jetzt eine [&hellip;]","og_url":"https:\/\/www.schymik.de\/wordpress\/bikebergtour-in-vorarlberg\/","og_site_name":"Transalp Homepage","article_publisher":"https:\/\/www.facebook.com\/carsten.schymik","article_author":"https:\/\/www.facebook.com\/carsten.schymik","article_published_time":"2010-07-04T16:53:53+00:00","article_modified_time":"2010-07-07T17:53:41+00:00","og_image":[{"url":"http:\/\/fstatic1.mtb-news.de\/img\/photos\/1\/5\/_\/large\/IMG_4650.jpg"}],"author":"Carsten","twitter_card":"summary_large_image","twitter_misc":{"Verfasst von":"Carsten","Gesch\u00e4tzte Lesezeit":"2\u00a0Minuten"},"schema":{"@context":"https:\/\/schema.org","@graph":[{"@type":"Article","@id":"https:\/\/www.schymik.de\/wordpress\/bikebergtour-in-vorarlberg\/#article","isPartOf":{"@id":"https:\/\/www.schymik.de\/wordpress\/bikebergtour-in-vorarlberg\/"},"author":{"name":"Carsten","@id":"https:\/\/www.schymik.de\/wordpress\/#\/schema\/person\/f4792950b1a3875a57d4fc2380f11e22"},"headline":"Bikebergtour in Vorarlberg","datePublished":"2010-07-04T16:53:53+00:00","dateModified":"2010-07-07T17:53:41+00:00","mainEntityOfPage":{"@id":"https:\/\/www.schymik.de\/wordpress\/bikebergtour-in-vorarlberg\/"},"wordCount":372,"commentCount":0,"publisher":{"@id":"https:\/\/www.schymik.de\/wordpress\/#\/schema\/person\/f4792950b1a3875a57d4fc2380f11e22"},"keywords":["Bikebergsteigen"],"articleSection":["Bike-Tagebuch"],"inLanguage":"de","potentialAction":[{"@type":"CommentAction","name":"Comment","target":["https:\/\/www.schymik.de\/wordpress\/bikebergtour-in-vorarlberg\/#respond"]}]},{"@type":"WebPage","@id":"https:\/\/www.schymik.de\/wordpress\/bikebergtour-in-vorarlberg\/","url":"https:\/\/www.schymik.de\/wordpress\/bikebergtour-in-vorarlberg\/","name":"Bikebergtour in Vorarlberg - Transalp Homepage","isPartOf":{"@id":"https:\/\/www.schymik.de\/wordpress\/#website"},"datePublished":"2010-07-04T16:53:53+00:00","dateModified":"2010-07-07T17:53:41+00:00","breadcrumb":{"@id":"https:\/\/www.schymik.de\/wordpress\/bikebergtour-in-vorarlberg\/#breadcrumb"},"inLanguage":"de","potentialAction":[{"@type":"ReadAction","target":["https:\/\/www.schymik.de\/wordpress\/bikebergtour-in-vorarlberg\/"]}]},{"@type":"BreadcrumbList","@id":"https:\/\/www.schymik.de\/wordpress\/bikebergtour-in-vorarlberg\/#breadcrumb","itemListElement":[{"@type":"ListItem","position":1,"name":"Startseite","item":"https:\/\/www.schymik.de\/wordpress\/"},{"@type":"ListItem","position":2,"name":"Bikebergtour in Vorarlberg"}]},{"@type":"WebSite","@id":"https:\/\/www.schymik.de\/wordpress\/#website","url":"https:\/\/www.schymik.de\/wordpress\/","name":"Transalp Homepage","description":"Alles rund ums Mountainbike, Alpencross und Bikebergsteigen","publisher":{"@id":"https:\/\/www.schymik.de\/wordpress\/#\/schema\/person\/f4792950b1a3875a57d4fc2380f11e22"},"potentialAction":[{"@type":"SearchAction","target":{"@type":"EntryPoint","urlTemplate":"https:\/\/www.schymik.de\/wordpress\/?s={search_term_string}"},"query-input":"required name=search_term_string"}],"inLanguage":"de"},{"@type":["Person","Organization"],"@id":"https:\/\/www.schymik.de\/wordpress\/#\/schema\/person\/f4792950b1a3875a57d4fc2380f11e22","name":"Carsten","image":{"@type":"ImageObject","inLanguage":"de","@id":"https:\/\/www.schymik.de\/wordpress\/#\/schema\/person\/image\/","url":"https:\/\/www.schymik.de\/wordpress\/wp-content\/Schymik-Carsten-51x51cm.jpg","contentUrl":"https:\/\/www.schymik.de\/wordpress\/wp-content\/Schymik-Carsten-51x51cm.jpg","width":1530,"height":1530,"caption":"Carsten"},"logo":{"@id":"https:\/\/www.schymik.de\/wordpress\/#\/schema\/person\/image\/"},"sameAs":["http:\/\/www.schymik.de","https:\/\/www.facebook.com\/carsten.schymik","https:\/\/www.instagram.com\/carstenschymik\/","https:\/\/www.youtube.com\/@CarstenSchymik"]}]}},"_links":{"self":[{"href":"https:\/\/www.schymik.de\/wordpress\/wp-json\/wp\/v2\/posts\/952"}],"collection":[{"href":"https:\/\/www.schymik.de\/wordpress\/wp-json\/wp\/v2\/posts"}],"about":[{"href":"https:\/\/www.schymik.de\/wordpress\/wp-json\/wp\/v2\/types\/post"}],"author":[{"embeddable":true,"href":"https:\/\/www.schymik.de\/wordpress\/wp-json\/wp\/v2\/users\/1"}],"replies":[{"embeddable":true,"href":"https:\/\/www.schymik.de\/wordpress\/wp-json\/wp\/v2\/comments?post=952"}],"version-history":[{"count":5,"href":"https:\/\/www.schymik.de\/wordpress\/wp-json\/wp\/v2\/posts\/952\/revisions"}],"predecessor-version":[{"id":954,"href":"https:\/\/www.schymik.de\/wordpress\/wp-json\/wp\/v2\/posts\/952\/revisions\/954"}],"wp:attachment":[{"href":"https:\/\/www.schymik.de\/wordpress\/wp-json\/wp\/v2\/media?parent=952"}],"wp:term":[{"taxonomy":"category","embeddable":true,"href":"https:\/\/www.schymik.de\/wordpress\/wp-json\/wp\/v2\/categories?post=952"},{"taxonomy":"post_tag","embeddable":true,"href":"https:\/\/www.schymik.de\/wordpress\/wp-json\/wp\/v2\/tags?post=952"}],"curies":[{"name":"wp","href":"https:\/\/api.w.org\/{rel}","templated":true}]}}